[{"command":"settings","settings":{"pluralDelimiter":"\u0003","suppressDeprecationErrors":true,"ajaxPageState":{"libraries":"core\/drupal.ajax,ds\/ds_3col_equal_width","theme":"gaceta","theme_token":null},"ajaxTrustedUrl":[],"field_group":{"html_element":{"mode":"media_expanded","context":"view","settings":{"classes":"datos","show_empty_fields":false,"id":"","element":"div","show_label":false,"label_element":"h3","label_element_classes":"","attributes":"","effect":"none","speed":"fast"}}},"user":{"uid":0,"permissionsHash":"55dc977d165ab1e05e51b6cc6487f6d73e65ab536d99ee82c6990d9001d5c21c"}},"merge":true},{"command":"add_css","data":"\u003Clink rel=\u0022stylesheet\u0022 media=\u0022all\u0022 href=\u0022\/sites\/default\/files\/css\/css_mxJrjoKKAZuuB4_4f-B1u9VnFZxvSor3Az4JEdrFEso.css\u0022 \/\u003E\n\u003Clink rel=\u0022stylesheet\u0022 media=\u0022all\u0022 href=\u0022\/sites\/default\/files\/css\/css_-BXSGQpS8YTwwuXGbPoshUvZ7W-_HbYR3H7d0DA_mEY.css\u0022 \/\u003E\n\u003Clink rel=\u0022stylesheet\u0022 media=\u0022all\u0022 href=\u0022\/sites\/default\/files\/css\/css_89YreTu0npezhXSakRJR9TVHyBS9bTcyt0s3IckAe-M.css\u0022 \/\u003E\n"},{"command":"add_js","selector":"body","data":[{"src":"\/sites\/default\/files\/js\/js_9UaAhXvc9u0KYXXUw-OKyLP2baQxdV4zY3Y_KGurcvY.js"},{"src":"\/sites\/default\/files\/js\/js_oDJxUBLBzfRb_FDgNfkNOm9-tiatS2kNfxQIeVRZA7Y.js"},{"src":"\/sites\/default\/files\/js\/js_1RP4qUEvRifRPl9mYl8nA5jNqky6vVqo6nKEmFCp0ko.js"},{"src":"\/sites\/default\/files\/js\/js_JWYilEE4EQG7Dr-JhBmcQVwxs1c7FMUMbFbUcXjlSYw.js"}]},{"command":"insert","method":"replaceWith","selector":".view-mode-full","data":"\u003Cdiv data-history-node-id=\u00221958\u0022 class=\u0022contenido view-mode-media_expanded ds-3col-equal clearfix\u0022\u003E\n\n  \n\n  \u003Cdiv class=\u0022area-medios group-left\u0022\u003E\n        \n                          \u003Cdiv  class=\u0022imagen-alterna\u0022 \u003E\n        \u003Cimg loading=\u0022lazy\u0022 src=\u0022\/sites\/default\/files\/imagenes\/notas\/2017-11\/Realizan%20primera%20concentraci%C3%B3n%20de%20la%20Preselecci%C3%B3n%20Estatal%20de%20S%C3%B3ftbol.jpg\u0022 width=\u0022760\u0022 height=\u0022523\u0022 alt=\u0022Preselecci\u00f3n_Estatal_S\u00f3ftbol_Femenil\u0022 typeof=\u0022foaf:Image\u0022 class=\u0022img-fluid\u0022 \/\u003E\n\n\u003C\/div\u003E\n      \n  \n\n      \u003Cdiv  class=\u0022boton-expander\u0022\u003E\n        \n                  \u003Cdiv class=\u0022item-list\u0022\u003E\u003Cul\u003E\u003Cli\u003E\u003Ca href=\u0022\/ds-switch-view-mode\/node\/1958\/media_collapsed?selector=view-mode-media_expanded\u0022 class=\u0022use-ajax\u0022\u003E\u2191\u003C\/a\u003E\u003C\/li\u003E\u003C\/ul\u003E\u003C\/div\u003E\n      \n  \n    \u003C\/div\u003E\n\n\n  \u003C\/div\u003E\n\n  \u003Cdiv class=\u0022area-info group-middle\u0022\u003E\n    \n\u003Cdiv  class=\u0022inner\u0022\u003E\n          \n                          \u003Ch2  class=\u0022titulo\u0022 \u003E\n        Efect\u00faan primera concentraci\u00f3n de la Preselecci\u00f3n Estatal de S\u00f3ftbol\n\u003C\/h2\u003E\n      \n  \n\n    \n                          \u003Cdiv  class=\u0022resumen\u0022 \u003E\n      Est\u00e1 integrada por jugadoras de los tres campus universitarios.\u003C\/div\u003E\n      \n  \n\n\n\u003Cdiv  class=\u0022datos\u0022\u003E\n            \u003Cdiv  class=\u0022autor\u0022\u003E\n            \u003Cdiv  class=\u0022field-label-inline\u0022\u003EPor\u003C\/div\u003E\n  \n                  \u003Ca href=\u0022\/autores\/abraham-sotelo\u0022 hreflang=\u0022es\u0022\u003EAbraham Sotelo\u003C\/a\u003E\n      \n  \n    \u003C\/div\u003E\n\n      \u003Cdiv  class=\u0022campus\u0022\u003E\n            \u003Cdiv  class=\u0022field-label-inline\u0022\u003ECampus\u003C\/div\u003E\n  \n                  \u003Ca href=\u0022\/campus\/uabc\u0022 hreflang=\u0022es\u0022\u003EUABC\u003C\/a\u003E\n      \n  \n    \u003C\/div\u003E\n\n    \n                          \u003Cdiv  class=\u0022fecha\u0022 \u003E\n      14 de Noviembre de 2017\u003C\/div\u003E\n      \n  \n\n\n  \u003C\/div\u003E\n    \n                          \u003Cdiv  class=\u0022texto\u0022 \u003E\n      \u003Cp\u003EComo parte de las actividades del deporte representativo universitario que promueve la UABC, en conjunto con la Facultad de Deportes y la Coordinaci\u00f3n de Actividad F\u00edsica y Deporte, la Preselecci\u00f3n de S\u00f3ftbol Femenil de la UABC, tuvo su primera concentraci\u00f3n en el campo #1 de s\u00f3ftbol de la Unidad Deportiva Universitaria Arq. Rub\u00e9n Castro Boj\u00f3rquez, donde asistieron 20 jugadoras y el cuerpo t\u00e9cnico.\u00a0\u003C\/p\u003E\n\n\u003Cp\u003EEl manejador Javier M\u00e9ndez de Mexicali, Luis Miguel Angulo de Ensenada y Ram\u00f3n S\u00e1nchez de Tijuana desarrollaron actividades t\u00e9cnico-t\u00e1ctica defensiva y ofensiva, de integraci\u00f3n y evaluaciones f\u00edsicas durante siete horas\u00a0con miras al proceso universitario que ya hab\u00eda dado inicio en su etapa Intramuros. El entrenamiento comenz\u00f3 con una bienvenida, seguida de una pr\u00e1ctica de bateo por espacio de dos horas, despu\u00e9s de un descanso se realiz\u00f3 trabajo t\u00e9cnico y t\u00e1ctico defensivo para finalmente cerrar el d\u00eda con evaluaciones f\u00edsicas y un estiramiento de relajaci\u00f3n.\u00a0\u003C\/p\u003E\n\n\u003Cp\u003ELa Preselecci\u00f3n la integran siete jugadoras de Ensenada, siete de Tijuana y ocho de Mexicali, todas con intenci\u00f3n a integrar el representativo estatal, para posteriormente iniciar la b\u00fasqueda de una medalla en la Universiada Nacional\u00a0que se celebrar\u00e1 en mayo de 2018 avanzando desde la etapa estatal.\u003C\/p\u003E\u003C\/div\u003E\n      \n  \n\n    \n            \u003Cdiv  class=\u0022palabras-clave\u0022\u003E\n                        \u003Ca href=\u0022\/tags\/preseleccion\u0022 hreflang=\u0022es\u0022\u003EPreselecci\u00f3n\u003C\/a\u003E\n                \u003Ca href=\u0022\/tags\/estatal\u0022 hreflang=\u0022es\u0022\u003EEstatal\u003C\/a\u003E\n                \u003Ca href=\u0022\/tags\/softbol\u0022 hreflang=\u0022es\u0022\u003ES\u00f3ftbol\u003C\/a\u003E\n                \u003Ca href=\u0022\/tags\/femenil\u0022 hreflang=\u0022es\u0022\u003EFemenil\u003C\/a\u003E\n      \n      \u003C\/div\u003E\n  \n\n\n  \u003C\/div\u003E\n\n  \u003C\/div\u003E\n\n  \u003Cdiv class=\u0022area-extras group-right\u0022\u003E\n        \n                          \u003Cdiv  class=\u0022enlace-blockBottom\u0022 \u003E\n      \u003Cdiv\u003EVer m\u00e1s \u003Ca href=\u0022http:\/\/gaceta.uabc.mx\/notas\u0022\u003ENotas\u003C\/a\u003E\u003C\/div\u003E\n\u003C\/div\u003E\n      \n  \n\n\n  \u003C\/div\u003E\n\n\u003C\/div\u003E\n\n","settings":null}]