[{"command":"settings","settings":{"pluralDelimiter":"\u0003","suppressDeprecationErrors":true,"ajaxPageState":{"libraries":"core\/drupal.ajax,core\/picturefill,ds\/ds_3col_equal_width","theme":"gaceta","theme_token":null},"ajaxTrustedUrl":[],"field_group":{"html_element":{"mode":"media_expanded","context":"view","settings":{"classes":"datos","show_empty_fields":false,"id":"","element":"div","show_label":false,"label_element":"h3","label_element_classes":"","attributes":"","effect":"none","speed":"fast"}}},"user":{"uid":0,"permissionsHash":"55dc977d165ab1e05e51b6cc6487f6d73e65ab536d99ee82c6990d9001d5c21c"}},"merge":true},{"command":"add_css","data":"\u003Clink rel=\u0022stylesheet\u0022 media=\u0022all\u0022 href=\u0022\/sites\/default\/files\/css\/css_mxJrjoKKAZuuB4_4f-B1u9VnFZxvSor3Az4JEdrFEso.css\u0022 \/\u003E\n\u003Clink rel=\u0022stylesheet\u0022 media=\u0022all\u0022 href=\u0022\/sites\/default\/files\/css\/css_-BXSGQpS8YTwwuXGbPoshUvZ7W-_HbYR3H7d0DA_mEY.css\u0022 \/\u003E\n\u003Clink rel=\u0022stylesheet\u0022 media=\u0022all\u0022 href=\u0022\/sites\/default\/files\/css\/css_89YreTu0npezhXSakRJR9TVHyBS9bTcyt0s3IckAe-M.css\u0022 \/\u003E\n"},{"command":"add_js","selector":"body","data":[{"src":"\/sites\/default\/files\/js\/js_9UaAhXvc9u0KYXXUw-OKyLP2baQxdV4zY3Y_KGurcvY.js"},{"src":"\/sites\/default\/files\/js\/js_oDJxUBLBzfRb_FDgNfkNOm9-tiatS2kNfxQIeVRZA7Y.js"},{"src":"\/sites\/default\/files\/js\/js_YM82KRuzNIr2X-Kb8pQW8cOcSbWgQ_QGKclTYJ_aMlI.js"},{"src":"\/sites\/default\/files\/js\/js_pqqsPPmPmxKgamY6qk_WSawtL05XH_yAY8GkPHVyahI.js"}]},{"command":"insert","method":"replaceWith","selector":".view-mode-full","data":"\u003Cdiv data-history-node-id=\u002219643\u0022 class=\u0022contenido view-mode-media_expanded ds-3col-equal clearfix\u0022\u003E\n\n  \n\n  \u003Cdiv class=\u0022area-medios group-left\u0022\u003E\n        \n                          \u003Cdiv  class=\u0022imagen\u0022 \u003E\n          \u003Cpicture\u003E\n                  \u003Csource srcset=\u0022\/sites\/default\/files\/styles\/max_650x650\/public\/2022-06\/3_2.webp?itok=TDWdJXv3 650w, \/sites\/default\/files\/styles\/max_1300x1300\/public\/2022-06\/3_2.webp?itok=X3kxQT1- 1300w, \/sites\/default\/files\/styles\/max_1900x1900\/public\/2022-06\/3_2.webp?itok=dqL6N3fR 1599w\u0022 type=\u0022image\/webp\u0022 sizes=\u0022100vw\u0022\/\u003E\n              \u003Csource srcset=\u0022\/sites\/default\/files\/styles\/max_650x650\/public\/2022-06\/3_2.jpg?itok=TDWdJXv3 650w, \/sites\/default\/files\/styles\/max_1300x1300\/public\/2022-06\/3_2.jpg?itok=X3kxQT1- 1300w, \/sites\/default\/files\/styles\/max_1900x1900\/public\/2022-06\/3_2.jpg?itok=dqL6N3fR 1599w\u0022 type=\u0022image\/jpeg\u0022 sizes=\u0022100vw\u0022\/\u003E\n                  \u003Cimg srcset=\u0022\/sites\/default\/files\/styles\/max_650x650\/public\/2022-06\/3_2.jpg?itok=TDWdJXv3 650w, \/sites\/default\/files\/styles\/max_1300x1300\/public\/2022-06\/3_2.jpg?itok=X3kxQT1- 1300w, \/sites\/default\/files\/styles\/max_1900x1900\/public\/2022-06\/3_2.jpg?itok=dqL6N3fR 1599w\u0022 sizes=\u0022100vw\u0022 src=\u0022\/sites\/default\/files\/styles\/max_1300x1300\/public\/2022-06\/3_2.jpg?itok=X3kxQT1-\u0022 alt=\u0022\u0022 typeof=\u0022foaf:Image\u0022 class=\u0022img-fluid\u0022 \/\u003E\n\n  \u003C\/picture\u003E\n\n\u003C\/div\u003E\n      \n  \n\n      \u003Cdiv  class=\u0022boton-expander\u0022\u003E\n        \n                  \u003Cdiv class=\u0022item-list\u0022\u003E\u003Cul\u003E\u003Cli\u003E\u003Ca href=\u0022\/ds-switch-view-mode\/node\/19643\/media_collapsed?selector=view-mode-media_expanded\u0022 class=\u0022use-ajax\u0022\u003E\u2191\u003C\/a\u003E\u003C\/li\u003E\u003C\/ul\u003E\u003C\/div\u003E\n      \n  \n    \u003C\/div\u003E\n\n\n  \u003C\/div\u003E\n\n  \u003Cdiv class=\u0022area-info group-middle\u0022\u003E\n    \n\u003Cdiv  class=\u0022inner\u0022\u003E\n          \n                          \u003Ch2  class=\u0022titulo\u0022 \u003E\n        Conmemoran D\u00eda Mundial del Refugiado\n\u003C\/h2\u003E\n      \n  \n\n    \n                          \u003Cdiv  class=\u0022resumen\u0022 \u003E\n      La UABC, a trav\u00e9s de la FCSyP, y ACNUR organizan actividades alusivas a la fecha\u003C\/div\u003E\n      \n  \n\n\n\u003Cdiv  class=\u0022datos\u0022\u003E\n            \u003Cdiv  class=\u0022autor\u0022\u003E\n            \u003Cdiv  class=\u0022field-label-inline\u0022\u003EPor\u003C\/div\u003E\n  \n                  \u003Ca href=\u0022\/autores\/gaceta-uabc-con-informacion-de-la-facultad-de-ciencias-sociales-y-politicas\u0022 hreflang=\u0022es\u0022\u003EGaceta UABC Con informaci\u00f3n de la Facultad de Ciencias Sociales y Pol\u00edticas\u003C\/a\u003E\n      \n  \n    \u003C\/div\u003E\n\n      \u003Cdiv  class=\u0022campus\u0022\u003E\n            \u003Cdiv  class=\u0022field-label-inline\u0022\u003ECampus\u003C\/div\u003E\n  \n                  \u003Ca href=\u0022\/campus\/mexicali\u0022 hreflang=\u0022es\u0022\u003EMexicali\u003C\/a\u003E\n      \n  \n    \u003C\/div\u003E\n\n    \n                          \u003Cdiv  class=\u0022fecha\u0022 \u003E\n      27 de Junio de 2022\u003C\/div\u003E\n      \n  \n\n\n  \u003C\/div\u003E\n    \n                          \u003Cdiv  class=\u0022texto\u0022 \u003E\n      \u003Cp\u003EEn el marco del D\u00eda Mundial del Refugiado, que se conmemora el 20 de junio de cada a\u00f1o, la Facultad de Ciencias Sociales y Pol\u00edticas (FCSyP) y el Alto Comisionado de las Naciones Unidas para los Refugiados (ACNUR) realizaron actividades alusivas a la fecha. \u00a0\u003C\/p\u003E\n\n\u003Cp\u003ELa primera actividad se denomin\u00f3 Docu-debate, donde se proyectaron cinco mini documentales auspiciados y producidos por el ACNUR. Despu\u00e9s, se abri\u00f3 un espacio donde se reflexion\u00f3 sobre el fen\u00f3meno de la migraci\u00f3n y la necesidad de protecci\u00f3n internacional de quienes viven en condici\u00f3n de refugiados. En el an\u00e1lisis se abordaron los casos espec\u00edficos que afrontan las regiones de Am\u00e9rica Latina y \u00c1frica, aludiendo de forma espec\u00edfica a la situaci\u00f3n que se vive en la frontera norte de M\u00e9xico. La actividad fue coordinada por el doctor Carlos Romero Ram\u00edrez y estuvo dirigida a alumnos de la Licenciatura en Relaciones Internacionales.\u00a0\u003C\/p\u003E\n\n\u003Cp\u003ETambi\u00e9n se organiz\u00f3 un conversatorio en el que participaron representantes del gobierno estatal y municipal, organizaciones internacionales gubernamentales y no gubernamentales, as\u00ed como de albergues y de la academia.\u00a0El objetivo fue reflexionar en torno a la din\u00e1mica de la movilidad humana en Baja California, el fen\u00f3meno del desplazamiento forzado y la necesidad de protecci\u00f3n internacional. La actividad estuvo dirigida a estudiantes y p\u00fablico en general y fue coordinada por la doctora Kenia Mar\u00eda Ram\u00edrez Meda, quien tambi\u00e9n particip\u00f3 como ponente.\u00a0\u003C\/p\u003E\u003C\/div\u003E\n      \n  \n\n    \n            \u003Cdiv  class=\u0022palabras-clave\u0022\u003E\n                        \u003Ca href=\u0022\/tags\/dia-mundial-del-refugiado\u0022 hreflang=\u0022es\u0022\u003ED\u00eda Mundial del Refugiado\u003C\/a\u003E\n                \u003Ca href=\u0022\/tags\/acnur\u0022 hreflang=\u0022es\u0022\u003EACNUR\u003C\/a\u003E\n                \u003Ca href=\u0022\/tags\/migracion\u0022 hreflang=\u0022es\u0022\u003EMigraci\u00f3n\u003C\/a\u003E\n      \n      \u003C\/div\u003E\n  \n\n\n  \u003C\/div\u003E\n\n  \u003C\/div\u003E\n\n  \u003Cdiv class=\u0022area-extras group-right\u0022\u003E\n        \n                          \u003Cdiv  class=\u0022enlace-blockBottom\u0022 \u003E\n      \u003Cdiv\u003EVer m\u00e1s \u003Ca href=\u0022http:\/\/gaceta.uabc.mx\/notas\u0022\u003ENotas\u003C\/a\u003E\u003C\/div\u003E\n\u003C\/div\u003E\n      \n  \n\n\n  \u003C\/div\u003E\n\n\u003C\/div\u003E\n\n","settings":null}]