[{"command":"settings","settings":{"pluralDelimiter":"\u0003","suppressDeprecationErrors":true,"ajaxPageState":{"libraries":"core\/drupal.ajax,core\/picturefill,ds\/ds_3col_equal_width","theme":"gaceta","theme_token":null},"ajaxTrustedUrl":[],"field_group":{"html_element":{"mode":"media_expanded","context":"view","settings":{"classes":"datos","show_empty_fields":false,"id":"","element":"div","show_label":false,"label_element":"h3","label_element_classes":"","attributes":"","effect":"none","speed":"fast"}}},"user":{"uid":0,"permissionsHash":"55dc977d165ab1e05e51b6cc6487f6d73e65ab536d99ee82c6990d9001d5c21c"}},"merge":true},{"command":"add_css","data":"\u003Clink rel=\u0022stylesheet\u0022 media=\u0022all\u0022 href=\u0022\/sites\/default\/files\/css\/css_mxJrjoKKAZuuB4_4f-B1u9VnFZxvSor3Az4JEdrFEso.css\u0022 \/\u003E\n\u003Clink rel=\u0022stylesheet\u0022 media=\u0022all\u0022 href=\u0022\/sites\/default\/files\/css\/css_-BXSGQpS8YTwwuXGbPoshUvZ7W-_HbYR3H7d0DA_mEY.css\u0022 \/\u003E\n\u003Clink rel=\u0022stylesheet\u0022 media=\u0022all\u0022 href=\u0022\/sites\/default\/files\/css\/css_89YreTu0npezhXSakRJR9TVHyBS9bTcyt0s3IckAe-M.css\u0022 \/\u003E\n"},{"command":"add_js","selector":"body","data":[{"src":"\/sites\/default\/files\/js\/js_9UaAhXvc9u0KYXXUw-OKyLP2baQxdV4zY3Y_KGurcvY.js"},{"src":"\/sites\/default\/files\/js\/js_oDJxUBLBzfRb_FDgNfkNOm9-tiatS2kNfxQIeVRZA7Y.js"},{"src":"\/sites\/default\/files\/js\/js_YM82KRuzNIr2X-Kb8pQW8cOcSbWgQ_QGKclTYJ_aMlI.js"},{"src":"\/sites\/default\/files\/js\/js_pqqsPPmPmxKgamY6qk_WSawtL05XH_yAY8GkPHVyahI.js"}]},{"command":"insert","method":"replaceWith","selector":".view-mode-full","data":"\u003Cdiv data-history-node-id=\u002219955\u0022 class=\u0022contenido view-mode-media_expanded ds-3col-equal clearfix\u0022\u003E\n\n  \n\n  \u003Cdiv class=\u0022area-medios group-left\u0022\u003E\n        \n                          \u003Cdiv  class=\u0022imagen\u0022 \u003E\n          \u003Cpicture\u003E\n                  \u003Csource srcset=\u0022\/sites\/default\/files\/styles\/max_650x650\/public\/2022-09\/UABICI97-01.webp?itok=d_Tz4Hjy 650w, \/sites\/default\/files\/styles\/max_1900x1900\/public\/2022-09\/UABICI97-01.webp?itok=1KA_fZua 925w\u0022 type=\u0022image\/webp\u0022 sizes=\u0022100vw\u0022\/\u003E\n              \u003Csource srcset=\u0022\/sites\/default\/files\/styles\/max_650x650\/public\/2022-09\/UABICI97-01.jpg?itok=d_Tz4Hjy 650w, \/sites\/default\/files\/styles\/max_1900x1900\/public\/2022-09\/UABICI97-01.jpg?itok=1KA_fZua 925w\u0022 type=\u0022image\/jpeg\u0022 sizes=\u0022100vw\u0022\/\u003E\n                  \u003Cimg srcset=\u0022\/sites\/default\/files\/styles\/max_650x650\/public\/2022-09\/UABICI97-01.jpg?itok=d_Tz4Hjy 650w, \/sites\/default\/files\/styles\/max_1900x1900\/public\/2022-09\/UABICI97-01.jpg?itok=1KA_fZua 925w\u0022 sizes=\u0022100vw\u0022 src=\u0022\/sites\/default\/files\/styles\/max_1300x1300\/public\/2022-09\/UABICI97-01.jpg?itok=1GZapLAz\u0022 alt=\u0022\u0022 typeof=\u0022foaf:Image\u0022 class=\u0022img-fluid\u0022 \/\u003E\n\n  \u003C\/picture\u003E\n\n\u003C\/div\u003E\n      \n  \n\n    \n                          \u003Cdiv  class=\u0022imagen-alterna\u0022 \u003E\n        \u003Cimg loading=\u0022lazy\u0022 src=\u0022\/sites\/default\/files\/imagenes\/notas\/2022-09\/IMG_2101.JPG\u0022 width=\u00223456\u0022 height=\u00222304\u0022 alt=\u0022\u0022 typeof=\u0022foaf:Image\u0022 class=\u0022img-fluid\u0022 \/\u003E\n\n\u003C\/div\u003E\n      \n  \n\n      \u003Cdiv  class=\u0022boton-expander\u0022\u003E\n        \n                  \u003Cdiv class=\u0022item-list\u0022\u003E\u003Cul\u003E\u003Cli\u003E\u003Ca href=\u0022\/ds-switch-view-mode\/node\/19955\/media_collapsed?selector=view-mode-media_expanded\u0022 class=\u0022use-ajax\u0022\u003E\u2191\u003C\/a\u003E\u003C\/li\u003E\u003C\/ul\u003E\u003C\/div\u003E\n      \n  \n    \u003C\/div\u003E\n\n\n  \u003C\/div\u003E\n\n  \u003Cdiv class=\u0022area-info group-middle\u0022\u003E\n    \n\u003Cdiv  class=\u0022inner\u0022\u003E\n          \n                          \u003Ch2  class=\u0022titulo\u0022 \u003E\n        Celebran Independencia con Paseo UABiCi\n\u003C\/h2\u003E\n      \n  \n\n    \n                          \u003Cdiv  class=\u0022resumen\u0022 \u003E\n      Realizan paseo UABiCi en su edici\u00f3n n\u00famero 97 en el marco de las celebraciones del CCXII Aniversario de la Independencia de M\u00e9xico.\u003C\/div\u003E\n      \n  \n\n\n\u003Cdiv  class=\u0022datos\u0022\u003E\n            \u003Cdiv  class=\u0022autor\u0022\u003E\n            \u003Cdiv  class=\u0022field-label-inline\u0022\u003EPor\u003C\/div\u003E\n  \n                  \u003Ca href=\u0022\/autores\/lcc-jose-de-jesus-saray-morales\u0022 hreflang=\u0022es\u0022\u003ELCC. Jos\u00e9 De Jes\u00fas Saray Morales\u003C\/a\u003E\n      \n  \n    \u003C\/div\u003E\n\n      \u003Cdiv  class=\u0022campus\u0022\u003E\n            \u003Cdiv  class=\u0022field-label-inline\u0022\u003ECampus\u003C\/div\u003E\n  \n                  \u003Ca href=\u0022\/campus\/ensenada\u0022 hreflang=\u0022es\u0022\u003EEnsenada\u003C\/a\u003E\n      \n  \n    \u003C\/div\u003E\n\n    \n                          \u003Cdiv  class=\u0022fecha\u0022 \u003E\n      22 de Septiembre de 2022\u003C\/div\u003E\n      \n  \n\n\n  \u003C\/div\u003E\n    \n                          \u003Cdiv  class=\u0022texto\u0022 \u003E\n      \u003Cp\u003ECon un total del 60 participantes entre alumnos, docentes y p\u00fablico en general, el pasado Domingo 18 de septiembre se llev\u00f3 a cabo la edici\u00f3n n\u00famero 97 del tradicional paseo ciclista familia UABiCi con salida y meta en el gimnasio \u0022LEF. Juan Antonio Gonz\u00e1lez L\u00f3pez\u0022,\u00a0 UABC, Unidad Valle Dorado.\u003C\/p\u003E\n\n\u003Cp\u003EEl registro comenz\u00f3 a las 8:30 horas, para lo cual, los asistentes donaron guantes, gorros, bufandas y ropa invernal que ser\u00e1n destinadas a comunidades vulnerables en el pr\u00f3ximo mes de diciembre. Despu\u00e9s, los asistentes hicieron ejercicios de calentamiento y estiramiento con la rutina dirigida por la Licenciada Leydi Mu\u00f1oz Frausto, y en punto de las 9:00 horas dio inicio el paseo por algunas de las calles principales del puerto ensenadense como fueron las calles Pedro Loyola y Boulevard Costero, con una ruta de 10 kil\u00f3metros aproximadamente, contando en todo momento con el apoyo de la Direcci\u00f3n Municipal de Seguridad P\u00fablica.\u00a0\u003C\/p\u003E\n\n\u003Cp\u003ELa maestra Miriam Hern\u00e1ndez Valdez, organizadora del evento, invit\u00f3 a todos los participantes y comunidad en general a participar en el pr\u00f3ximo paseo ciclista que se llevar\u00e1 a cabo el domingo 30 de octubre con la tem\u00e1tica del d\u00eda de muertos.\u003C\/p\u003E\u003C\/div\u003E\n      \n  \n\n    \n            \u003Cdiv  class=\u0022palabras-clave\u0022\u003E\n                        \u003Ca href=\u0022\/tags\/uabici\u0022 hreflang=\u0022es\u0022\u003EUABiCi\u003C\/a\u003E\n                \u003Ca href=\u0022\/tags\/facultad-de-deportes\u0022 hreflang=\u0022es\u0022\u003EFacultad de Deportes\u003C\/a\u003E\n      \n      \u003C\/div\u003E\n  \n\n\n  \u003C\/div\u003E\n\n  \u003C\/div\u003E\n\n  \u003Cdiv class=\u0022area-extras group-right\u0022\u003E\n        \n                          \u003Cdiv  class=\u0022enlace-blockBottom\u0022 \u003E\n      \u003Cdiv\u003EVer m\u00e1s \u003Ca href=\u0022http:\/\/gaceta.uabc.mx\/notas\u0022\u003ENotas\u003C\/a\u003E\u003C\/div\u003E\n\u003C\/div\u003E\n      \n  \n\n\n  \u003C\/div\u003E\n\n\u003C\/div\u003E\n\n","settings":null}]