[{"command":"settings","settings":{"pluralDelimiter":"\u0003","suppressDeprecationErrors":true,"ajaxPageState":{"libraries":"core\/drupal.ajax,core\/picturefill,ds\/ds_3col_equal_width","theme":"gaceta","theme_token":null},"ajaxTrustedUrl":[],"field_group":{"html_element":{"mode":"media_expanded","context":"view","settings":{"classes":"datos","show_empty_fields":false,"id":"","element":"div","show_label":false,"label_element":"h3","label_element_classes":"","attributes":"","effect":"none","speed":"fast"}}},"user":{"uid":0,"permissionsHash":"55dc977d165ab1e05e51b6cc6487f6d73e65ab536d99ee82c6990d9001d5c21c"}},"merge":true},{"command":"add_css","data":"\u003Clink rel=\u0022stylesheet\u0022 media=\u0022all\u0022 href=\u0022\/sites\/default\/files\/css\/css_mxJrjoKKAZuuB4_4f-B1u9VnFZxvSor3Az4JEdrFEso.css\u0022 \/\u003E\n\u003Clink rel=\u0022stylesheet\u0022 media=\u0022all\u0022 href=\u0022\/sites\/default\/files\/css\/css_-BXSGQpS8YTwwuXGbPoshUvZ7W-_HbYR3H7d0DA_mEY.css\u0022 \/\u003E\n\u003Clink rel=\u0022stylesheet\u0022 media=\u0022all\u0022 href=\u0022\/sites\/default\/files\/css\/css_89YreTu0npezhXSakRJR9TVHyBS9bTcyt0s3IckAe-M.css\u0022 \/\u003E\n"},{"command":"add_js","selector":"body","data":[{"src":"\/sites\/default\/files\/js\/js_9UaAhXvc9u0KYXXUw-OKyLP2baQxdV4zY3Y_KGurcvY.js"},{"src":"\/sites\/default\/files\/js\/js_oDJxUBLBzfRb_FDgNfkNOm9-tiatS2kNfxQIeVRZA7Y.js"},{"src":"\/sites\/default\/files\/js\/js_YM82KRuzNIr2X-Kb8pQW8cOcSbWgQ_QGKclTYJ_aMlI.js"},{"src":"\/sites\/default\/files\/js\/js_pqqsPPmPmxKgamY6qk_WSawtL05XH_yAY8GkPHVyahI.js"}]},{"command":"insert","method":"replaceWith","selector":".view-mode-full","data":"\u003Cdiv data-history-node-id=\u002220007\u0022 class=\u0022contenido view-mode-media_expanded ds-3col-equal clearfix\u0022\u003E\n\n  \n\n  \u003Cdiv class=\u0022area-medios group-left\u0022\u003E\n        \n                          \u003Cdiv  class=\u0022imagen\u0022 \u003E\n          \u003Cpicture\u003E\n                  \u003Csource srcset=\u0022\/sites\/default\/files\/styles\/max_650x650\/public\/2022-09\/BAEAE48A-AB03-4B37-90CB-DE506916F9CA.webp?itok=3jBUc7Ny 650w, \/sites\/default\/files\/styles\/max_1900x1900\/public\/2022-09\/BAEAE48A-AB03-4B37-90CB-DE506916F9CA.webp?itok=rlVEhrEt 1280w\u0022 type=\u0022image\/webp\u0022 sizes=\u0022100vw\u0022\/\u003E\n              \u003Csource srcset=\u0022\/sites\/default\/files\/styles\/max_650x650\/public\/2022-09\/BAEAE48A-AB03-4B37-90CB-DE506916F9CA.jpeg?itok=3jBUc7Ny 650w, \/sites\/default\/files\/styles\/max_1900x1900\/public\/2022-09\/BAEAE48A-AB03-4B37-90CB-DE506916F9CA.jpeg?itok=rlVEhrEt 1280w\u0022 type=\u0022image\/jpeg\u0022 sizes=\u0022100vw\u0022\/\u003E\n                  \u003Cimg srcset=\u0022\/sites\/default\/files\/styles\/max_650x650\/public\/2022-09\/BAEAE48A-AB03-4B37-90CB-DE506916F9CA.jpeg?itok=3jBUc7Ny 650w, \/sites\/default\/files\/styles\/max_1900x1900\/public\/2022-09\/BAEAE48A-AB03-4B37-90CB-DE506916F9CA.jpeg?itok=rlVEhrEt 1280w\u0022 sizes=\u0022100vw\u0022 src=\u0022\/sites\/default\/files\/styles\/max_1300x1300\/public\/2022-09\/BAEAE48A-AB03-4B37-90CB-DE506916F9CA.jpeg?itok=hCBP-eYe\u0022 alt=\u0022\u0022 typeof=\u0022foaf:Image\u0022 class=\u0022img-fluid\u0022 \/\u003E\n\n  \u003C\/picture\u003E\n\n\u003C\/div\u003E\n      \n  \n\n      \u003Cdiv  class=\u0022boton-expander\u0022\u003E\n        \n                  \u003Cdiv class=\u0022item-list\u0022\u003E\u003Cul\u003E\u003Cli\u003E\u003Ca href=\u0022\/ds-switch-view-mode\/node\/20007\/media_collapsed?selector=view-mode-media_expanded\u0022 class=\u0022use-ajax\u0022\u003E\u2191\u003C\/a\u003E\u003C\/li\u003E\u003C\/ul\u003E\u003C\/div\u003E\n      \n  \n    \u003C\/div\u003E\n\n\n  \u003C\/div\u003E\n\n  \u003Cdiv class=\u0022area-info group-middle\u0022\u003E\n    \n\u003Cdiv  class=\u0022inner\u0022\u003E\n          \n                          \u003Ch2  class=\u0022titulo\u0022 \u003E\n        Funge Campus Ensenada como sede del Congreso Internacional Ediesca 2022\n\u003C\/h2\u003E\n      \n  \n\n    \n                          \u003Cdiv  class=\u0022resumen\u0022 \u003E\n      Fomentan colaboraci\u00f3n entre pares para obtener desarrollos tecnol\u00f3gicos\u003C\/div\u003E\n      \n  \n\n\n\u003Cdiv  class=\u0022datos\u0022\u003E\n            \u003Cdiv  class=\u0022autor\u0022\u003E\n            \u003Cdiv  class=\u0022field-label-inline\u0022\u003EPor\u003C\/div\u003E\n  \n                  \u003Ca href=\u0022\/autores\/isabel-ojeda-gutierrez\u0022 hreflang=\u0022es\u0022\u003EIsabel Ojeda Guti\u00e9rrez\u003C\/a\u003E\n      \n  \n    \u003C\/div\u003E\n\n      \u003Cdiv  class=\u0022campus\u0022\u003E\n            \u003Cdiv  class=\u0022field-label-inline\u0022\u003ECampus\u003C\/div\u003E\n  \n                  \u003Ca href=\u0022\/campus\/ensenada\u0022 hreflang=\u0022es\u0022\u003EEnsenada\u003C\/a\u003E\n      \n  \n    \u003C\/div\u003E\n\n    \n                          \u003Cdiv  class=\u0022fecha\u0022 \u003E\n      29 de Septiembre de 2022\u003C\/div\u003E\n      \n  \n\n\n  \u003C\/div\u003E\n    \n                          \u003Cdiv  class=\u0022texto\u0022 \u003E\n      \u003Cp\u003ELa Facultad de Ingenier\u00eda, Arquitectura y Dise\u00f1o (FIAD) es la sede de la tercera edici\u00f3n del Encuentro para la Divulgaci\u00f3n e Investigaci\u00f3n en el Estudio de Sistemas Complejos y sus Aplicaciones (Ediesca 2022).\u003C\/p\u003E\n\n\u003Cp\u003ELa vicerrectora del Campus Ensenada, doctora M\u00f3nica Lacavex Berumen, reconoci\u00f3 el esfuerzo de los organizadores por crear una red en la que investigadores de diversos pa\u00edses puedan conocer el trabajo que realizan, as\u00ed como abrir las puertas a estudiantes que pueden beneficiarse por el conocimiento que comparten los expertos en los temas expuestos durante este encuentro.\u003C\/p\u003E\n\n\u003Cp\u003EDe la misma manera, el director de la FIAD, doctor Miguel Enrique Mart\u00ednez Rosas, mencion\u00f3 que uno de los objetivos de este evento es impulsar la integraci\u00f3n de grupos de investigaci\u00f3n, cuerpos acad\u00e9micos y estudiantes de programas afines para llevar a cabo proyectos de investigaci\u00f3n de manera conjunta para obtener desarrollos tecnol\u00f3gicos a nivel nacional e internacional, as\u00ed como su divulgaci\u00f3n.\u003C\/p\u003E\n\n\u003Cp\u003E\u201cSe busca fomentar la colaboraci\u00f3n entre pares con nuevos proyectos de investigaci\u00f3n o participaci\u00f3n en los ya existentes, adem\u00e1s de difundir las opciones de educaci\u00f3n a niveles de pregrado, posgrado y posdoctorado de las diferentes instituciones participantes\u201d, agreg\u00f3.\u003C\/p\u003E\n\n\u003Cp\u003EEsta edici\u00f3n con sede en Ensenada, contempla cinco conferencias plenarias por acad\u00e9micos reconocidos a nivel internacional, as\u00ed como la presentaci\u00f3n de m\u00e1s de 60 art\u00edculos de expositores de Italia, India, Reino Unido, Estados Unidos y M\u00e9xico.\u003C\/p\u003E\n\n\u003Cp\u003EPor su parte, el doctor Guillermo Huerta Cuellar, miembro del comit\u00e9 organizador del Ediesca 2022, coment\u00f3 que este encuentro inici\u00f3 en el 2019 en el Instituto Potosino de Investigaci\u00f3n Cient\u00edfica y Tecnol\u00f3gica, con la participaci\u00f3n de 30 personas. A partir de este momento, se cre\u00f3 una red y en la segunda edici\u00f3n se integraron alrededor de 40 expositores incluyendo personas de la India, Grecia y otros lugares, concretando tambi\u00e9n la publicaci\u00f3n en 2022 de un libro.\u00a0\u003C\/p\u003E\n\u003Cimg alt=\u0022congreso_ediesca\u0022 data-entity-type=\u0022file\u0022 data-entity-uuid=\u002217b74ce4-d9d9-40cf-9703-c0c7da5d9c49\u0022 src=\u0022\/sites\/default\/files\/inline-images\/FC55D14C-C54C-4278-910D-F30C9626A224.jpeg\u0022 class=\u0022align-center\u0022 width=\u00221280\u0022 height=\u0022958\u0022 loading=\u0022lazy\u0022 \/\u003E\u003Cp\u003E\u00a0\u003C\/p\u003E\u003C\/div\u003E\n      \n  \n\n    \n            \u003Cdiv  class=\u0022palabras-clave\u0022\u003E\n                        \u003Ca href=\u0022\/tags\/ediesca\u0022 hreflang=\u0022es\u0022\u003EEDIESCA\u003C\/a\u003E\n                \u003Ca href=\u0022\/tags\/congreso-internacional\u0022 hreflang=\u0022es\u0022\u003ECongreso Internacional\u003C\/a\u003E\n                \u003Ca href=\u0022\/tags\/encuentro\u0022 hreflang=\u0022es\u0022\u003EEncuentro\u003C\/a\u003E\n                \u003Ca href=\u0022\/tags\/divulgacion\u0022 hreflang=\u0022es\u0022\u003EDivulgaci\u00f3n\u003C\/a\u003E\n                \u003Ca href=\u0022\/tags\/investigacion\u0022 hreflang=\u0022es\u0022\u003EInvestigaci\u00f3n\u003C\/a\u003E\n                \u003Ca href=\u0022\/tags\/estudio-de-sistemas-complejos\u0022 hreflang=\u0022es\u0022\u003EEstudio de Sistemas Complejos\u003C\/a\u003E\n      \n      \u003C\/div\u003E\n  \n\n\n  \u003C\/div\u003E\n\n  \u003C\/div\u003E\n\n  \u003Cdiv class=\u0022area-extras group-right\u0022\u003E\n        \n                          \u003Cdiv  class=\u0022enlace-blockBottom\u0022 \u003E\n      \u003Cdiv\u003EVer m\u00e1s \u003Ca href=\u0022http:\/\/gaceta.uabc.mx\/notas\u0022\u003ENotas\u003C\/a\u003E\u003C\/div\u003E\n\u003C\/div\u003E\n      \n  \n\n\n  \u003C\/div\u003E\n\n\u003C\/div\u003E\n\n","settings":null}]