[{"command":"settings","settings":{"pluralDelimiter":"\u0003","suppressDeprecationErrors":true,"ajaxPageState":{"libraries":"core\/drupal.ajax,ds\/ds_3col_equal_width","theme":"gaceta","theme_token":null},"ajaxTrustedUrl":[],"field_group":{"html_element":{"mode":"media_expanded","context":"view","settings":{"classes":"datos","show_empty_fields":false,"id":"","element":"div","show_label":false,"label_element":"h3","label_element_classes":"","attributes":"","effect":"none","speed":"fast"}}},"user":{"uid":0,"permissionsHash":"55dc977d165ab1e05e51b6cc6487f6d73e65ab536d99ee82c6990d9001d5c21c"}},"merge":true},{"command":"add_css","data":"\u003Clink rel=\u0022stylesheet\u0022 media=\u0022all\u0022 href=\u0022\/sites\/default\/files\/css\/css_mxJrjoKKAZuuB4_4f-B1u9VnFZxvSor3Az4JEdrFEso.css\u0022 \/\u003E\n\u003Clink rel=\u0022stylesheet\u0022 media=\u0022all\u0022 href=\u0022\/sites\/default\/files\/css\/css_-BXSGQpS8YTwwuXGbPoshUvZ7W-_HbYR3H7d0DA_mEY.css\u0022 \/\u003E\n\u003Clink rel=\u0022stylesheet\u0022 media=\u0022all\u0022 href=\u0022\/sites\/default\/files\/css\/css_89YreTu0npezhXSakRJR9TVHyBS9bTcyt0s3IckAe-M.css\u0022 \/\u003E\n"},{"command":"add_js","selector":"body","data":[{"src":"\/sites\/default\/files\/js\/js_9UaAhXvc9u0KYXXUw-OKyLP2baQxdV4zY3Y_KGurcvY.js"},{"src":"\/sites\/default\/files\/js\/js_oDJxUBLBzfRb_FDgNfkNOm9-tiatS2kNfxQIeVRZA7Y.js"},{"src":"\/sites\/default\/files\/js\/js_1RP4qUEvRifRPl9mYl8nA5jNqky6vVqo6nKEmFCp0ko.js"},{"src":"\/sites\/default\/files\/js\/js_JWYilEE4EQG7Dr-JhBmcQVwxs1c7FMUMbFbUcXjlSYw.js"}]},{"command":"insert","method":"replaceWith","selector":".view-mode-full","data":"\u003Cdiv data-history-node-id=\u002220245\u0022 class=\u0022contenido view-mode-media_expanded ds-3col-equal clearfix\u0022\u003E\n\n  \n\n  \u003Cdiv class=\u0022area-medios group-left\u0022\u003E\n        \n                          \u003Cdiv  class=\u0022imagen-alterna\u0022 \u003E\n        \u003Cimg loading=\u0022lazy\u0022 src=\u0022\/sites\/default\/files\/imagenes\/notas\/2022-10\/FEyRi%20Informe.jpg\u0022 width=\u00224050\u0022 height=\u00222265\u0022 alt=\u0022\u0022 typeof=\u0022foaf:Image\u0022 class=\u0022img-fluid\u0022 \/\u003E\n\n\u003C\/div\u003E\n      \n  \n\n      \u003Cdiv  class=\u0022boton-expander\u0022\u003E\n        \n                  \u003Cdiv class=\u0022item-list\u0022\u003E\u003Cul\u003E\u003Cli\u003E\u003Ca href=\u0022\/ds-switch-view-mode\/node\/20245\/media_collapsed?selector=view-mode-media_expanded\u0022 class=\u0022use-ajax\u0022\u003E\u2191\u003C\/a\u003E\u003C\/li\u003E\u003C\/ul\u003E\u003C\/div\u003E\n      \n  \n    \u003C\/div\u003E\n\n\n  \u003C\/div\u003E\n\n  \u003Cdiv class=\u0022area-info group-middle\u0022\u003E\n    \n\u003Cdiv  class=\u0022inner\u0022\u003E\n          \n                          \u003Ch2  class=\u0022titulo\u0022 \u003E\n        Presentan segundo informe de actividades de la FEyRI\u00a0\n\u003C\/h2\u003E\n      \n  \n\n    \n                          \u003Cdiv  class=\u0022resumen\u0022 \u003E\n      Exponen datos que demuestran los logros y \u00e1reas de oportunidad de la unidad acad\u00e9mica\u003C\/div\u003E\n      \n  \n\n\n\u003Cdiv  class=\u0022datos\u0022\u003E\n            \u003Cdiv  class=\u0022autor\u0022\u003E\n            \u003Cdiv  class=\u0022field-label-inline\u0022\u003EPor\u003C\/div\u003E\n  \n                  \u003Ca href=\u0022\/autores\/victoria-carolina-ortega-contreras\u0022 hreflang=\u0022es\u0022\u003EVictoria Carolina Ortega Contreras\u003C\/a\u003E\n      \n  \n    \u003C\/div\u003E\n\n      \u003Cdiv  class=\u0022campus\u0022\u003E\n            \u003Cdiv  class=\u0022field-label-inline\u0022\u003ECampus\u003C\/div\u003E\n  \n                  \u003Ca href=\u0022\/campus\/tijuana\u0022 hreflang=\u0022es\u0022\u003ETijuana\u003C\/a\u003E\n      \n  \n    \u003C\/div\u003E\n\n    \n                          \u003Cdiv  class=\u0022fecha\u0022 \u003E\n      28 de Octubre de 2022\u003C\/div\u003E\n      \n  \n\n\n  \u003C\/div\u003E\n    \n                          \u003Cdiv  class=\u0022texto\u0022 \u003E\n      \u003Cp\u003ESe llev\u00f3 a cabo la Sesi\u00f3n Ordinaria de Trabajo del Consejo T\u00e9cnico en la Facultad de Econom\u00eda y Relaciones Internacionales (FEyRI), donde el doctor Natanael Ram\u00edrez Angulo, director de la unidad acad\u00e9mica, present\u00f3 el informe de actividades del periodo 2021-2 y 2022-1.\u00a0\u003C\/p\u003E\n\n\u003Cp\u003EAntes de comenzar con el informe, el doctor Ram\u00edrez Angulo agradeci\u00f3 a las autoridades correspondientes por su presencia; entre ellas, la maestra Edith Montiel Ayala, vicerrectora del Campus Tijuana. De igual manera, agradeci\u00f3 al doctor Felipe Cuamea Vel\u00e1zquez, integrante de la Junta de Gobierno de la UABC.\u00a0\u003C\/p\u003E\n\n\u003Cp\u003EExpuso que, actualmente, los programas de licenciatura ofrecidos en la Facultad se encuentran acreditados por organismos reconocidos por el Consejo para la Acreditaci\u00f3n de la Educaci\u00f3n Superior A.C. (COPAES).\u00a0\u003C\/p\u003E\n\n\u003Cp\u003EEn el caso del posgrado, se trabaj\u00f3 para refrendar el nivel internacional de los doctorados en Ciencias Econ\u00f3micas y el de Estudios de Desarrollo Global ante el Padr\u00f3n Nacional de Posgrados de Calidad (PNPC).\u00a0\u003C\/p\u003E\n\n\u003Cp\u003EEl doctor Natanael Ram\u00edrez, asegur\u00f3 que del 100% de los posgrados en competencia internacional, el 60% pertenece a FEYRI.\u00a0\u003C\/p\u003E\n\n\u003Cp\u003EPor otro lado, destac\u00f3 una ca\u00edda de la matr\u00edcula ofertada en el \u00faltimo semestre 2022-1, pasando de 1689 a 1543 lugares. Esto se explica por la modificaci\u00f3n de los planes de estudio de licenciatura.\u00a0\u003C\/p\u003E\n\n\u003Cp\u003ENo obstante, cabe mencionar que la unidad acad\u00e9mica obtuvo resultados positivos en el examen EGEL-Ceneval. De los alumnos de Econom\u00eda que solicitaron dicha prueba, el 59% tuvo un resultado aprobatorio.\u00a0\u003C\/p\u003E\n\n\u003Cp\u003EEn su intervenci\u00f3n, el doctor Felipe Cuamea Vel\u00e1zquez felicit\u00f3 a la Facultad por los logros alcanzados y motiv\u00f3 a las autoridades y alumnos a mejorar en los aspectos que lo requieran.\u00a0\u003C\/p\u003E\n\n\u003Cp\u003EComo cierre, la maestra Edith Montiel Ayala, agradeci\u00f3 la invitaci\u00f3n al evento, en nombre del doctor Daniel Octavio Valdez Delgadillo, rector de la UABC. Igualmente, congratul\u00f3\u00a0al alumnado, docentes y autoridades, por cumplir con su compromiso en el desarrollo acad\u00e9mico.\u00a0\u003C\/p\u003E\n\n\u003Cp\u003EEl motivo de estos eventos es rendir cuentas del trabajo generado por la comunidad universitaria. Es por eso que, dicho informe puede encontrarse para consulta p\u00fablica en la p\u00e1gina de Facebook de la Facultad de Econom\u00eda y Relaciones Internacionales, demostrando as\u00ed su transparencia y compromiso con la comunidad estudiantil.\u00a0\u003C\/p\u003E\n\n\u003Cp\u003E\u00a0\u003C\/p\u003E\u003C\/div\u003E\n      \n  \n\n    \n            \u003Cdiv  class=\u0022palabras-clave\u0022\u003E\n                        \u003Ca href=\u0022\/tags\/informe-de-actividades\u0022 hreflang=\u0022es\u0022\u003EInforme de actividades\u003C\/a\u003E\n                \u003Ca href=\u0022\/tags\/rendicion-de-cuentas\u0022 hreflang=\u0022es\u0022\u003ERendici\u00f3n de Cuentas\u003C\/a\u003E\n      \n      \u003C\/div\u003E\n  \n\n\n  \u003C\/div\u003E\n\n  \u003C\/div\u003E\n\n  \u003Cdiv class=\u0022area-extras group-right\u0022\u003E\n        \n                          \u003Cdiv  class=\u0022enlace-blockBottom\u0022 \u003E\n      \u003Cdiv\u003EVer m\u00e1s \u003Ca href=\u0022http:\/\/gaceta.uabc.mx\/notas\u0022\u003ENotas\u003C\/a\u003E\u003C\/div\u003E\n\u003C\/div\u003E\n      \n  \n\n\n  \u003C\/div\u003E\n\n\u003C\/div\u003E\n\n","settings":null}]