[{"command":"settings","settings":{"pluralDelimiter":"\u0003","suppressDeprecationErrors":true,"ajaxPageState":{"libraries":"core\/drupal.ajax,ds\/ds_3col_equal_width","theme":"gaceta","theme_token":null},"ajaxTrustedUrl":[],"field_group":{"html_element":{"mode":"media_expanded","context":"view","settings":{"classes":"datos","show_empty_fields":false,"id":"","element":"div","show_label":false,"label_element":"h3","label_element_classes":"","attributes":"","effect":"none","speed":"fast"}}},"user":{"uid":0,"permissionsHash":"55dc977d165ab1e05e51b6cc6487f6d73e65ab536d99ee82c6990d9001d5c21c"}},"merge":true},{"command":"add_css","data":"\u003Clink rel=\u0022stylesheet\u0022 media=\u0022all\u0022 href=\u0022\/sites\/default\/files\/css\/css_mxJrjoKKAZuuB4_4f-B1u9VnFZxvSor3Az4JEdrFEso.css\u0022 \/\u003E\n\u003Clink rel=\u0022stylesheet\u0022 media=\u0022all\u0022 href=\u0022\/sites\/default\/files\/css\/css_-BXSGQpS8YTwwuXGbPoshUvZ7W-_HbYR3H7d0DA_mEY.css\u0022 \/\u003E\n\u003Clink rel=\u0022stylesheet\u0022 media=\u0022all\u0022 href=\u0022\/sites\/default\/files\/css\/css_89YreTu0npezhXSakRJR9TVHyBS9bTcyt0s3IckAe-M.css\u0022 \/\u003E\n"},{"command":"add_js","selector":"body","data":[{"src":"\/sites\/default\/files\/js\/js_9UaAhXvc9u0KYXXUw-OKyLP2baQxdV4zY3Y_KGurcvY.js"},{"src":"\/sites\/default\/files\/js\/js_oDJxUBLBzfRb_FDgNfkNOm9-tiatS2kNfxQIeVRZA7Y.js"},{"src":"\/sites\/default\/files\/js\/js_1RP4qUEvRifRPl9mYl8nA5jNqky6vVqo6nKEmFCp0ko.js"},{"src":"\/sites\/default\/files\/js\/js_JWYilEE4EQG7Dr-JhBmcQVwxs1c7FMUMbFbUcXjlSYw.js"}]},{"command":"insert","method":"replaceWith","selector":".view-mode-full","data":"\u003Cdiv data-history-node-id=\u00222043\u0022 class=\u0022contenido view-mode-media_expanded ds-3col-equal clearfix\u0022\u003E\n\n  \n\n  \u003Cdiv class=\u0022area-medios group-left\u0022\u003E\n        \n                          \u003Cdiv  class=\u0022imagen-alterna\u0022 \u003E\n        \u003Cimg loading=\u0022lazy\u0022 src=\u0022\/sites\/default\/files\/imagenes\/notas\/2017-11\/Ofrece%20informe%20de%20actividades%20Directora%20de%20la%20EEyG.jpg\u0022 width=\u00223456\u0022 height=\u00222279\u0022 alt=\u0022Informe_Directora_Escuela de Enolog\u00eda y Gastronom\u00eda\u0022 typeof=\u0022foaf:Image\u0022 class=\u0022img-fluid\u0022 \/\u003E\n\n\u003C\/div\u003E\n      \n  \n\n      \u003Cdiv  class=\u0022boton-expander\u0022\u003E\n        \n                  \u003Cdiv class=\u0022item-list\u0022\u003E\u003Cul\u003E\u003Cli\u003E\u003Ca href=\u0022\/ds-switch-view-mode\/node\/2043\/media_collapsed?selector=view-mode-media_expanded\u0022 class=\u0022use-ajax\u0022\u003E\u2191\u003C\/a\u003E\u003C\/li\u003E\u003C\/ul\u003E\u003C\/div\u003E\n      \n  \n    \u003C\/div\u003E\n\n\n  \u003C\/div\u003E\n\n  \u003Cdiv class=\u0022area-info group-middle\u0022\u003E\n    \n\u003Cdiv  class=\u0022inner\u0022\u003E\n          \n                          \u003Ch2  class=\u0022titulo\u0022 \u003E\n        Ofrece informe de actividades Directora de la EEyG\n\u003C\/h2\u003E\n      \n  \n\n    \n                          \u003Cdiv  class=\u0022resumen\u0022 \u003E\n      Corresponde a las acciones del periodo 2016-2017.\u003C\/div\u003E\n      \n  \n\n\n\u003Cdiv  class=\u0022datos\u0022\u003E\n            \u003Cdiv  class=\u0022autor\u0022\u003E\n            \u003Cdiv  class=\u0022field-label-inline\u0022\u003EPor\u003C\/div\u003E\n  \n                  \u003Ca href=\u0022\/autores\/karla-rivera-liera\u0022 hreflang=\u0022es\u0022\u003EKarla Rivera Liera\u003C\/a\u003E\n      \n  \n    \u003C\/div\u003E\n\n      \u003Cdiv  class=\u0022campus\u0022\u003E\n            \u003Cdiv  class=\u0022field-label-inline\u0022\u003ECampus\u003C\/div\u003E\n  \n                  \u003Ca href=\u0022\/campus\/mexicali\u0022 hreflang=\u0022es\u0022\u003EMexicali\u003C\/a\u003E\n      \n  \n    \u003C\/div\u003E\n\n    \n                          \u003Cdiv  class=\u0022fecha\u0022 \u003E\n      29 de Noviembre de 2017\u003C\/div\u003E\n      \n  \n\n\n  \u003C\/div\u003E\n    \n                          \u003Cdiv  class=\u0022texto\u0022 \u003E\n      \u003Cp\u003EDocencia, investigaci\u00f3n y extensi\u00f3n universitaria fueron las tres funciones sustantivas del Plan de Desarrollo Institucional (PDI) de la UABC en las que se enfoc\u00f3 el informe de actividades 2016-2017 que present\u00f3 la maestra Norma Ang\u00e9lica Bayl\u00f3n Cisneros, Directora de la Escuela de Enolog\u00eda y Gastronom\u00eda (EEyG).\u003C\/p\u003E\n\n\u003Cp\u003ELa presentaci\u00f3n del informe se realiz\u00f3 dando seguimiento a los doce programas que contempla el PDI de la UABC. En ese sentido, la maestra Bayl\u00f3n Cisneros destac\u00f3 como oportunidades educativas los trabajos que se realizan para la creaci\u00f3n de la Licenciatura en Enolog\u00eda y la Maestr\u00eda en Gastronom\u00eda, que se pretenden abrir en el 2018. Adem\u00e1s de la renovaci\u00f3n del Consejo de Vinculaci\u00f3n y los sectores tur\u00edsticos, gastron\u00f3micos, enol\u00f3gicos y la constante promoci\u00f3n de cursos y talleres a trav\u00e9s del Programa Educaci\u00f3n Continua.\u003C\/p\u003E\n\n\u003Cp\u003EAnunci\u00f3 que en este periodo se logr\u00f3 la acreditaci\u00f3n de la Licenciatura en Gastronom\u00eda por el Consejo Nacional para la Calidad de la Educaci\u00f3n Tur\u00edstica (Conaet). La modificaci\u00f3n del plan de estudios con vigencia a partir del 2017-1 y la certificaci\u00f3n en competencias laborales del 70 por ciento de la planta docente de la Unidad Acad\u00e9mica.\u003C\/p\u003E\n\n\u003Cp\u003EEn cuanto a programas de servicio social indic\u00f3 que se cuenta con tres proyectos en apoyo a la comunidad. Mientras que sobre investigaci\u00f3n, innovaci\u00f3n y desarrollo se tienen registrados siete proyectos que son promovidos por docentes de la EEyG, algunos con recurso internos y otros por Prodep. Otra actividad fundamental que se\u00f1al\u00f3 fue la vinculaci\u00f3n y el crecimiento de convenios de colaboraci\u00f3n, contando actualmente con 38 vigentes.\u003C\/p\u003E\n\n\u003Cp\u003EAsimismo, se habl\u00f3 sobre el crecimiento de la Escuela en cuanto a infraestructura; la participaci\u00f3n en proyectos en donde se promueve la internacionalizaci\u00f3n, como el Concurso Internacional Ensenada Tierra del Vino y movilidad acad\u00e9mica. Tambi\u00e9n \u00a0coment\u00f3 sobre las actividades que promueven la gesti\u00f3n ambiental, arte, cultura, deporte, comunicaci\u00f3n, imagen e identidad universitaria.\u003C\/p\u003E\n\n\u003Cp\u003ELa maestra Norma Bayl\u00f3n felicit\u00f3 a su equipo de trabajo. \u201cLa Escuela se caracteriza por algo, y es que tiene mucho coraz\u00f3n y ese coraz\u00f3n lo entregan y tienen una identidad muy reflejada, muy bien forjada por nuestra Universidad, gracias\u201d.\u003C\/p\u003E\n\n\u003Cp\u003EAl concluir la presentaci\u00f3n la Vicerrectora de la UABC Campus Ensenada, doctora Blanca Rosa Garc\u00eda Rivera felicit\u00f3 a la Directora y reconoci\u00f3 todo la labor hecha por quienes conforman esta Unidad Acad\u00e9mica.\u003C\/p\u003E\n\n\u003Cp\u003E\u201cPodemos comprobar el compromiso de las personas que aqu\u00ed laboran y que hacen posible que las metas y actividades que aqu\u00ed se desarrollan, se materialicen. Estos logros son el resultado de una labor en equipo que se refleja en las tareas de acreditaci\u00f3n, docencia, vinculaci\u00f3n, divulgaci\u00f3n, extensionismo y apoyo, que son factores importantes para que esta Escuela se convierta en un referente a nivel nacional e internacional\u201d.\u003C\/p\u003E\n\n\u003Cp\u003EEn el evento estuvieron presentes la doctora Edna Luna Serrano, Secretaria de la Junta de Gobierno de la UABC; el maestro Sa\u00fal M\u00e9ndez Hern\u00e1ndez, Subdirector de la Escuela de Enolog\u00eda y Gastronom\u00eda; as\u00ed como funcionarios, directores de otras unidades acad\u00e9micas, docentes, alumnos y representantes del Consejo T\u00e9cnico de Gastronom\u00eda de la EEyG.\u003C\/p\u003E\u003C\/div\u003E\n      \n  \n\n    \n            \u003Cdiv  class=\u0022palabras-clave\u0022\u003E\n                        \u003Ca href=\u0022\/tags\/informe\u0022 hreflang=\u0022es\u0022\u003EInforme\u003C\/a\u003E\n                \u003Ca href=\u0022\/tags\/directora\u0022 hreflang=\u0022es\u0022\u003EDirectora\u003C\/a\u003E\n                \u003Ca href=\u0022\/tags\/escuela-de-enologia-y-gastronomia\u0022 hreflang=\u0022es\u0022\u003EEscuela de Enolog\u00eda y Gastronom\u00eda\u003C\/a\u003E\n      \n      \u003C\/div\u003E\n  \n\n\n  \u003C\/div\u003E\n\n  \u003C\/div\u003E\n\n  \u003Cdiv class=\u0022area-extras group-right\u0022\u003E\n        \n                          \u003Cdiv  class=\u0022enlace-blockBottom\u0022 \u003E\n      \u003Cdiv\u003EVer m\u00e1s \u003Ca href=\u0022http:\/\/gaceta.uabc.mx\/notas\u0022\u003ENotas\u003C\/a\u003E\u003C\/div\u003E\n\u003C\/div\u003E\n      \n  \n\n\n  \u003C\/div\u003E\n\n\u003C\/div\u003E\n\n","settings":null}]