[{"command":"settings","settings":{"pluralDelimiter":"\u0003","suppressDeprecationErrors":true,"ajaxPageState":{"libraries":"core\/drupal.ajax,core\/picturefill,ds\/ds_3col_equal_width","theme":"gaceta","theme_token":null},"ajaxTrustedUrl":[],"field_group":{"html_element":{"mode":"media_expanded","context":"view","settings":{"classes":"datos","show_empty_fields":false,"id":"","element":"div","show_label":false,"label_element":"h3","label_element_classes":"","attributes":"","effect":"none","speed":"fast"}}},"user":{"uid":0,"permissionsHash":"55dc977d165ab1e05e51b6cc6487f6d73e65ab536d99ee82c6990d9001d5c21c"}},"merge":true},{"command":"add_css","data":"\u003Clink rel=\u0022stylesheet\u0022 media=\u0022all\u0022 href=\u0022\/sites\/default\/files\/css\/css_mxJrjoKKAZuuB4_4f-B1u9VnFZxvSor3Az4JEdrFEso.css\u0022 \/\u003E\n\u003Clink rel=\u0022stylesheet\u0022 media=\u0022all\u0022 href=\u0022\/sites\/default\/files\/css\/css_-BXSGQpS8YTwwuXGbPoshUvZ7W-_HbYR3H7d0DA_mEY.css\u0022 \/\u003E\n\u003Clink rel=\u0022stylesheet\u0022 media=\u0022all\u0022 href=\u0022\/sites\/default\/files\/css\/css_89YreTu0npezhXSakRJR9TVHyBS9bTcyt0s3IckAe-M.css\u0022 \/\u003E\n"},{"command":"add_js","selector":"body","data":[{"src":"\/sites\/default\/files\/js\/js_9UaAhXvc9u0KYXXUw-OKyLP2baQxdV4zY3Y_KGurcvY.js"},{"src":"\/sites\/default\/files\/js\/js_oDJxUBLBzfRb_FDgNfkNOm9-tiatS2kNfxQIeVRZA7Y.js"},{"src":"\/sites\/default\/files\/js\/js_YM82KRuzNIr2X-Kb8pQW8cOcSbWgQ_QGKclTYJ_aMlI.js"},{"src":"\/sites\/default\/files\/js\/js_pqqsPPmPmxKgamY6qk_WSawtL05XH_yAY8GkPHVyahI.js"}]},{"command":"insert","method":"replaceWith","selector":".view-mode-full","data":"\u003Cdiv data-history-node-id=\u002220486\u0022 class=\u0022contenido view-mode-media_expanded ds-3col-equal clearfix\u0022\u003E\n\n  \n\n  \u003Cdiv class=\u0022area-medios group-left\u0022\u003E\n        \n                          \u003Cdiv  class=\u0022imagen\u0022 \u003E\n          \u003Cpicture\u003E\n                  \u003Csource srcset=\u0022\/sites\/default\/files\/styles\/max_650x650\/public\/2022-12\/DSC_0388.webp?itok=1AZwqbDP 650w, \/sites\/default\/files\/styles\/max_1300x1300\/public\/2022-12\/DSC_0388.webp?itok=CroAu7Y3 1300w, \/sites\/default\/files\/styles\/max_1900x1900\/public\/2022-12\/DSC_0388.webp?itok=Nd_q8vo_ 1900w\u0022 type=\u0022image\/webp\u0022 sizes=\u0022100vw\u0022\/\u003E\n              \u003Csource srcset=\u0022\/sites\/default\/files\/styles\/max_650x650\/public\/2022-12\/DSC_0388.JPG?itok=1AZwqbDP 650w, \/sites\/default\/files\/styles\/max_1300x1300\/public\/2022-12\/DSC_0388.JPG?itok=CroAu7Y3 1300w, \/sites\/default\/files\/styles\/max_1900x1900\/public\/2022-12\/DSC_0388.JPG?itok=Nd_q8vo_ 1900w\u0022 type=\u0022image\/jpeg\u0022 sizes=\u0022100vw\u0022\/\u003E\n                  \u003Cimg srcset=\u0022\/sites\/default\/files\/styles\/max_650x650\/public\/2022-12\/DSC_0388.JPG?itok=1AZwqbDP 650w, \/sites\/default\/files\/styles\/max_1300x1300\/public\/2022-12\/DSC_0388.JPG?itok=CroAu7Y3 1300w, \/sites\/default\/files\/styles\/max_1900x1900\/public\/2022-12\/DSC_0388.JPG?itok=Nd_q8vo_ 1900w\u0022 sizes=\u0022100vw\u0022 src=\u0022\/sites\/default\/files\/styles\/max_1300x1300\/public\/2022-12\/DSC_0388.JPG?itok=CroAu7Y3\u0022 alt=\u0022\u0022 typeof=\u0022foaf:Image\u0022 class=\u0022img-fluid\u0022 \/\u003E\n\n  \u003C\/picture\u003E\n\n\u003C\/div\u003E\n      \n  \n\n      \u003Cdiv  class=\u0022boton-expander\u0022\u003E\n        \n                  \u003Cdiv class=\u0022item-list\u0022\u003E\u003Cul\u003E\u003Cli\u003E\u003Ca href=\u0022\/ds-switch-view-mode\/node\/20486\/media_collapsed?selector=view-mode-media_expanded\u0022 class=\u0022use-ajax\u0022\u003E\u2191\u003C\/a\u003E\u003C\/li\u003E\u003C\/ul\u003E\u003C\/div\u003E\n      \n  \n    \u003C\/div\u003E\n\n\n  \u003C\/div\u003E\n\n  \u003Cdiv class=\u0022area-info group-middle\u0022\u003E\n    \n\u003Cdiv  class=\u0022inner\u0022\u003E\n          \n                          \u003Ch2  class=\u0022titulo\u0022 \u003E\n        Brinda UABC servicios de salud a albergue de migrantes\n\u003C\/h2\u003E\n      \n  \n\n    \n                          \u003Cdiv  class=\u0022resumen\u0022 \u003E\n      Se alojan 280 personas migrantes, desde beb\u00e9s hasta adultos\u003C\/div\u003E\n      \n  \n\n\n\u003Cdiv  class=\u0022datos\u0022\u003E\n            \u003Cdiv  class=\u0022autor\u0022\u003E\n            \u003Cdiv  class=\u0022field-label-inline\u0022\u003EPor\u003C\/div\u003E\n  \n                  \u003Ca href=\u0022\/autores\/norma-angelica-gomez-bravo\u0022 hreflang=\u0022es\u0022\u003ENorma Ang\u00e9lica G\u00f3mez Bravo\u003C\/a\u003E\n      \n  \n    \u003C\/div\u003E\n\n      \u003Cdiv  class=\u0022campus\u0022\u003E\n            \u003Cdiv  class=\u0022field-label-inline\u0022\u003ECampus\u003C\/div\u003E\n  \n                  \u003Ca href=\u0022\/campus\/mexicali\u0022 hreflang=\u0022es\u0022\u003EMexicali\u003C\/a\u003E\n      \n  \n    \u003C\/div\u003E\n\n    \n                          \u003Cdiv  class=\u0022fecha\u0022 \u003E\n      1 de Diciembre de 2022\u003C\/div\u003E\n      \n  \n\n\n  \u003C\/div\u003E\n    \n                          \u003Cdiv  class=\u0022texto\u0022 \u003E\n      \u003Cp\u003EAlumnos, pasantes y docentes de la Facultad de Medicina, en conjunto con personal de la Jurisdicci\u00f3n de los Servicios de Salud de Mexicali, brindaron atenci\u00f3n m\u00e9dica a los residentes del Albergue El Camino a un Nuevo Amanecer, en el cual se alojan 280 personas migrantes, desde beb\u00e9s hasta adultos.\u003C\/p\u003E\n\n\u003Cp\u003EEn la brigada de salud se ofrecieron los servicios de consulta m\u00e9dica general; vacunaci\u00f3n; detecci\u00f3n de hipertensi\u00f3n, glucosa y tuberculosis; revisi\u00f3n de la salud bucal; pruebas r\u00e1pidas para VIH, hepatitis C y s\u00edfilis. Adem\u00e1s, se otorg\u00f3 de forma gratuita medicamentos para aliviar los s\u00edntomas de enfermedades respiratorias.\u003C\/p\u003E\n\n\u003Cp\u003ELa doctora Gabriela L\u00f3pez Almada, responsable del Servicio Social Comunitario de la Facultad de Medicina indic\u00f3 que entre las principales enfermedades que se detectaron son las relativas a las infecciones virales respiratorias, las cuales se propagan con mayor facilidad en esta \u00e9poca del a\u00f1o.\u003C\/p\u003E\n\n\u003Cp\u003EDestac\u00f3 que para la comunidad universitaria de esta unidad acad\u00e9mica es indispensable y parte de su responsabilidad social, facilitar el acceso a los servicios de salud a las poblaciones menos favorecidas. \u201cQuienes habitan en este albergue no pueden acceder a los servicios de salud, entonces nosotros tratamos de acercarlos, ya que es un derecho humano, sin importar la edad, adem\u00e1s brindarles educaci\u00f3n para la prevenci\u00f3n\u201d, expres\u00f3 la doctora L\u00f3pez Almada.\u003C\/p\u003E\n\n\u003Cp\u003EAgreg\u00f3 que en la Facultad de Medicina se reciben donativos de medicamentos no caducados los cuales se utilizan en las diversas brigadas que esta unidad acad\u00e9mica lleva a cabo, como: analg\u00e9sicos, antigripales (Rosel, Antiflu-Des, KY6, Theraflu); antihistam\u00ednicos (loratadina, clorfenamina) y vitaminas. Se podr\u00e1n recibir antes del periodo vacacional de este a\u00f1o, que iniciar\u00e1 despu\u00e9s del 16 de diciembre de 2022.\u003C\/p\u003E\n\n\u003Cp\u003EPor su parte, responsables de la atenci\u00f3n del albergue, se\u00f1alaron que son m\u00faltiples las necesidades en el lugar. Quien desee colaborar, puede entregar alimento en buen estado, art\u00edculos de higiene personal y de limpieza, as\u00ed como sillas y mesas. El albergue se ubica en avenida Celaya No. 60, colonia San Isidro, en Mexicali.\u003C\/p\u003E\u003C\/div\u003E\n      \n  \n\n    \n            \u003Cdiv  class=\u0022palabras-clave\u0022\u003E\n                        \u003Ca href=\u0022\/tags\/brigada-de-salud\u0022 hreflang=\u0022es\u0022\u003EBrigada de Salud\u003C\/a\u003E\n                \u003Ca href=\u0022\/tags\/migrantes\u0022 hreflang=\u0022es\u0022\u003EMigrantes\u003C\/a\u003E\n                \u003Ca href=\u0022\/tags\/extension-de-los-servicios\u0022 hreflang=\u0022es\u0022\u003EExtensi\u00f3n de los Servicios\u003C\/a\u003E\n                \u003Ca href=\u0022\/tags\/servicio-la-comunidad\u0022 hreflang=\u0022es\u0022\u003EServicio a la comunidad\u003C\/a\u003E\n      \n      \u003C\/div\u003E\n  \n\n\n  \u003C\/div\u003E\n\n  \u003C\/div\u003E\n\n  \u003Cdiv class=\u0022area-extras group-right\u0022\u003E\n        \n                          \u003Cdiv  class=\u0022enlace-blockBottom\u0022 \u003E\n      \u003Cdiv\u003EVer m\u00e1s \u003Ca href=\u0022http:\/\/gaceta.uabc.mx\/notas\u0022\u003ENotas\u003C\/a\u003E\u003C\/div\u003E\n\u003C\/div\u003E\n      \n  \n\n\n  \u003C\/div\u003E\n\n\u003C\/div\u003E\n\n","settings":null}]