[{"command":"settings","settings":{"pluralDelimiter":"\u0003","suppressDeprecationErrors":true,"ajaxPageState":{"libraries":"core\/drupal.ajax,core\/picturefill,ds\/ds_3col_equal_width","theme":"gaceta","theme_token":null},"ajaxTrustedUrl":[],"field_group":{"html_element":{"mode":"media_expanded","context":"view","settings":{"classes":"datos","show_empty_fields":false,"id":"","element":"div","show_label":false,"label_element":"h3","label_element_classes":"","attributes":"","effect":"none","speed":"fast"}}},"user":{"uid":0,"permissionsHash":"55dc977d165ab1e05e51b6cc6487f6d73e65ab536d99ee82c6990d9001d5c21c"}},"merge":true},{"command":"add_css","data":"\u003Clink rel=\u0022stylesheet\u0022 media=\u0022all\u0022 href=\u0022\/sites\/default\/files\/css\/css_mxJrjoKKAZuuB4_4f-B1u9VnFZxvSor3Az4JEdrFEso.css\u0022 \/\u003E\n\u003Clink rel=\u0022stylesheet\u0022 media=\u0022all\u0022 href=\u0022\/sites\/default\/files\/css\/css_-BXSGQpS8YTwwuXGbPoshUvZ7W-_HbYR3H7d0DA_mEY.css\u0022 \/\u003E\n\u003Clink rel=\u0022stylesheet\u0022 media=\u0022all\u0022 href=\u0022\/sites\/default\/files\/css\/css_89YreTu0npezhXSakRJR9TVHyBS9bTcyt0s3IckAe-M.css\u0022 \/\u003E\n"},{"command":"add_js","selector":"body","data":[{"src":"\/sites\/default\/files\/js\/js_9UaAhXvc9u0KYXXUw-OKyLP2baQxdV4zY3Y_KGurcvY.js"},{"src":"\/sites\/default\/files\/js\/js_oDJxUBLBzfRb_FDgNfkNOm9-tiatS2kNfxQIeVRZA7Y.js"},{"src":"\/sites\/default\/files\/js\/js_YM82KRuzNIr2X-Kb8pQW8cOcSbWgQ_QGKclTYJ_aMlI.js"},{"src":"\/sites\/default\/files\/js\/js_pqqsPPmPmxKgamY6qk_WSawtL05XH_yAY8GkPHVyahI.js"}]},{"command":"insert","method":"replaceWith","selector":".view-mode-full","data":"\u003Cdiv data-history-node-id=\u002220633\u0022 class=\u0022contenido view-mode-media_expanded ds-3col-equal clearfix\u0022\u003E\n\n  \n\n  \u003Cdiv class=\u0022area-medios group-left\u0022\u003E\n        \n                          \u003Cdiv  class=\u0022imagen\u0022 \u003E\n          \u003Cpicture\u003E\n                  \u003Csource srcset=\u0022\/sites\/default\/files\/styles\/max_650x650\/public\/2023-01\/IMG_1496.webp?itok=bbRb1mqW 650w, \/sites\/default\/files\/styles\/max_1900x1900\/public\/2023-01\/IMG_1496.webp?itok=nJWj5FI7 960w\u0022 type=\u0022image\/webp\u0022 sizes=\u0022100vw\u0022\/\u003E\n              \u003Csource srcset=\u0022\/sites\/default\/files\/styles\/max_650x650\/public\/2023-01\/IMG_1496.JPG?itok=bbRb1mqW 650w, \/sites\/default\/files\/styles\/max_1900x1900\/public\/2023-01\/IMG_1496.JPG?itok=nJWj5FI7 960w\u0022 type=\u0022image\/jpeg\u0022 sizes=\u0022100vw\u0022\/\u003E\n                  \u003Cimg srcset=\u0022\/sites\/default\/files\/styles\/max_650x650\/public\/2023-01\/IMG_1496.JPG?itok=bbRb1mqW 650w, \/sites\/default\/files\/styles\/max_1900x1900\/public\/2023-01\/IMG_1496.JPG?itok=nJWj5FI7 960w\u0022 sizes=\u0022100vw\u0022 src=\u0022\/sites\/default\/files\/styles\/max_1300x1300\/public\/2023-01\/IMG_1496.JPG?itok=3-Wl_kkc\u0022 alt=\u0022\u0022 typeof=\u0022foaf:Image\u0022 class=\u0022img-fluid\u0022 \/\u003E\n\n  \u003C\/picture\u003E\n\n\u003C\/div\u003E\n      \n  \n\n      \u003Cdiv  class=\u0022boton-expander\u0022\u003E\n        \n                  \u003Cdiv class=\u0022item-list\u0022\u003E\u003Cul\u003E\u003Cli\u003E\u003Ca href=\u0022\/ds-switch-view-mode\/node\/20633\/media_collapsed?selector=view-mode-media_expanded\u0022 class=\u0022use-ajax\u0022\u003E\u2191\u003C\/a\u003E\u003C\/li\u003E\u003C\/ul\u003E\u003C\/div\u003E\n      \n  \n    \u003C\/div\u003E\n\n\n  \u003C\/div\u003E\n\n  \u003Cdiv class=\u0022area-info group-middle\u0022\u003E\n    \n\u003Cdiv  class=\u0022inner\u0022\u003E\n          \n                          \u003Ch2  class=\u0022titulo\u0022 \u003E\n        Profesora de Harvard imparte curso en UABC\n\u003C\/h2\u003E\n      \n  \n\n    \n                          \u003Cdiv  class=\u0022resumen\u0022 \u003E\n      La convocatoria se realiz\u00f3 en el marco del programa de Internacionalizaci\u00f3n en Casa.\u003C\/div\u003E\n      \n  \n\n\n\u003Cdiv  class=\u0022datos\u0022\u003E\n            \u003Cdiv  class=\u0022autor\u0022\u003E\n            \u003Cdiv  class=\u0022field-label-inline\u0022\u003EPor\u003C\/div\u003E\n  \n                  \u003Ca href=\u0022\/autores\/gaceta-uabc-con-informacion-de-la-cgvca\u0022 hreflang=\u0022es\u0022\u003EGaceta UABC con informaci\u00f3n de la CGVCA\u003C\/a\u003E\n      \n  \n    \u003C\/div\u003E\n\n      \u003Cdiv  class=\u0022campus\u0022\u003E\n            \u003Cdiv  class=\u0022field-label-inline\u0022\u003ECampus\u003C\/div\u003E\n  \n                  \u003Ca href=\u0022\/campus\/uabc\u0022 hreflang=\u0022es\u0022\u003EUABC\u003C\/a\u003E\n      \n  \n    \u003C\/div\u003E\n\n    \n                          \u003Cdiv  class=\u0022fecha\u0022 \u003E\n      2 de Enero de 2023\u003C\/div\u003E\n      \n  \n\n\n  \u003C\/div\u003E\n    \n                          \u003Cdiv  class=\u0022texto\u0022 \u003E\n      \u003Cp\u003EA finales del a\u00f1o 2022, alumnos de la UABC concluyeron el curso \u0022Sustainable pedagogies for transnational spaces: building inclusive, equitable and transformational learning environments for children and youth in settings of vulnerability\u0022\u003Cem\u003E. \u003C\/em\u003EFue impartido por la doctora Mar\u00eda Luisa Parra, profesora del Departamento de Lenguas Romandes y Literatura de la Universidad de Harvard.\u003C\/p\u003E\n\n\u003Cp\u003ELa convocatoria se realiz\u00f3 en el marco del programa de Internacionalizaci\u00f3n en Casa que impulsa la UABC a trav\u00e9s de la Coordinaci\u00f3n General de Vinculaci\u00f3n y Cooperaci\u00f3n Acad\u00e9mica.\u003C\/p\u003E\n\n\u003Cp\u003EEl curso se centr\u00f3 en las din\u00e1micas trasnacionales entre Estados Unidos y M\u00e9xico relacionadas a educaci\u00f3n biling\u00fce y multiling\u00fce. Se ofrecieron talleres en los que se estudiaron corrientes te\u00f3ricas y pedag\u00f3gicas relacionadas al habla y la escritura en espacios biling\u00fces propios de esta frontera. Adem\u00e1s, se abordaron las necesidades educativas y necesidades emocionales de la ni\u00f1ez en espacios migratorios con tem\u00e1ticas de inclusi\u00f3n, componente trasnacional, educaci\u00f3n ind\u00edgena, educaci\u00f3n migrante y de refugiados.\u003C\/p\u003E\n\n\u003Cp\u003ELa doctora Parra present\u00f3 una din\u00e1mica de ense\u00f1anza con una metodolog\u00eda cr\u00edtica e interdisciplinara con innovaci\u00f3n pedag\u00f3gica en la que se dise\u00f1aron proyectos educativos y mostraron las experiencias de aprendizaje equitativas y transformacionales de quienes se forman como ling\u00fcistas, pedagogos, educ\u00f3logos, soci\u00f3logos, traductores y profesores de lenguas en la UABC.\u003C\/p\u003E\n\n\u003Cp\u003E\u201cFue un lujo trabajar con estudiantes mexicanos, entusiasmados y comprometidos con la educaci\u00f3n de la ni\u00f1ez y juventud diversa de su entorno. Sus proyectos finales fueron maravillosos: talleres de lectura y escritura, talleres para docentes, grupos focales para familias, escuela de capacitaci\u00f3n para j\u00f3venes en una maquiladora, escuela de arte, manual sobre derechos civiles para j\u00f3venes, propuestas de investigaci\u00f3n transcultural\u201d se\u00f1al\u00f3 la doctora Parra.\u003C\/p\u003E\n\n\u003Cp\u003ESitio web del Departamento de Lenguas Romandes y Literatura de la Universidad de Harvard: https:\/\/rll-faculty.fas.harvard.edu\/marialuisaparra\/home.\u003C\/p\u003E\u003C\/div\u003E\n      \n  \n\n    \n            \u003Cdiv  class=\u0022palabras-clave\u0022\u003E\n                        \u003Ca href=\u0022\/tags\/internacionalizacion-en-casa\u0022 hreflang=\u0022es\u0022\u003EInternacionalizaci\u00f3n en Casa\u003C\/a\u003E\n                \u003Ca href=\u0022\/tags\/harvard\u0022 hreflang=\u0022es\u0022\u003EHarvard\u003C\/a\u003E\n      \n      \u003C\/div\u003E\n  \n\n\n  \u003C\/div\u003E\n\n  \u003C\/div\u003E\n\n  \u003Cdiv class=\u0022area-extras group-right\u0022\u003E\n        \n                          \u003Cdiv  class=\u0022enlace-blockBottom\u0022 \u003E\n      \u003Cdiv\u003EVer m\u00e1s \u003Ca href=\u0022http:\/\/gaceta.uabc.mx\/notas\u0022\u003ENotas\u003C\/a\u003E\u003C\/div\u003E\n\u003C\/div\u003E\n      \n  \n\n\n  \u003C\/div\u003E\n\n\u003C\/div\u003E\n\n","settings":null}]