[{"command":"settings","settings":{"pluralDelimiter":"\u0003","suppressDeprecationErrors":true,"ajaxPageState":{"libraries":"core\/drupal.ajax,core\/picturefill,ds\/ds_3col_equal_width","theme":"gaceta","theme_token":null},"ajaxTrustedUrl":[],"field_group":{"html_element":{"mode":"media_expanded","context":"view","settings":{"classes":"datos","show_empty_fields":false,"id":"","element":"div","show_label":false,"label_element":"h3","label_element_classes":"","attributes":"","effect":"none","speed":"fast"}}},"user":{"uid":0,"permissionsHash":"55dc977d165ab1e05e51b6cc6487f6d73e65ab536d99ee82c6990d9001d5c21c"}},"merge":true},{"command":"add_css","data":"\u003Clink rel=\u0022stylesheet\u0022 media=\u0022all\u0022 href=\u0022\/sites\/default\/files\/css\/css_mxJrjoKKAZuuB4_4f-B1u9VnFZxvSor3Az4JEdrFEso.css\u0022 \/\u003E\n\u003Clink rel=\u0022stylesheet\u0022 media=\u0022all\u0022 href=\u0022\/sites\/default\/files\/css\/css_-BXSGQpS8YTwwuXGbPoshUvZ7W-_HbYR3H7d0DA_mEY.css\u0022 \/\u003E\n\u003Clink rel=\u0022stylesheet\u0022 media=\u0022all\u0022 href=\u0022\/sites\/default\/files\/css\/css_89YreTu0npezhXSakRJR9TVHyBS9bTcyt0s3IckAe-M.css\u0022 \/\u003E\n"},{"command":"add_js","selector":"body","data":[{"src":"\/sites\/default\/files\/js\/js_9UaAhXvc9u0KYXXUw-OKyLP2baQxdV4zY3Y_KGurcvY.js"},{"src":"\/sites\/default\/files\/js\/js_oDJxUBLBzfRb_FDgNfkNOm9-tiatS2kNfxQIeVRZA7Y.js"},{"src":"\/sites\/default\/files\/js\/js_YM82KRuzNIr2X-Kb8pQW8cOcSbWgQ_QGKclTYJ_aMlI.js"},{"src":"\/sites\/default\/files\/js\/js_pqqsPPmPmxKgamY6qk_WSawtL05XH_yAY8GkPHVyahI.js"}]},{"command":"insert","method":"replaceWith","selector":".view-mode-full","data":"\u003Cdiv data-history-node-id=\u002220711\u0022 class=\u0022contenido view-mode-media_expanded ds-3col-equal clearfix\u0022\u003E\n\n  \n\n  \u003Cdiv class=\u0022area-medios group-left\u0022\u003E\n        \n                          \u003Cdiv  class=\u0022imagen\u0022 \u003E\n          \u003Cpicture\u003E\n                  \u003Csource srcset=\u0022\/sites\/default\/files\/styles\/max_650x650\/public\/2023-01\/portada.webp?itok=TiQ2kcvD 650w, \/sites\/default\/files\/styles\/max_1300x1300\/public\/2023-01\/portada.webp?itok=ClOjxXF4 1300w, \/sites\/default\/files\/styles\/max_1900x1900\/public\/2023-01\/portada.webp?itok=StmVyK7W 1900w\u0022 type=\u0022image\/webp\u0022 sizes=\u0022100vw\u0022\/\u003E\n              \u003Csource srcset=\u0022\/sites\/default\/files\/styles\/max_650x650\/public\/2023-01\/portada.jpg?itok=TiQ2kcvD 650w, \/sites\/default\/files\/styles\/max_1300x1300\/public\/2023-01\/portada.jpg?itok=ClOjxXF4 1300w, \/sites\/default\/files\/styles\/max_1900x1900\/public\/2023-01\/portada.jpg?itok=StmVyK7W 1900w\u0022 type=\u0022image\/jpeg\u0022 sizes=\u0022100vw\u0022\/\u003E\n                  \u003Cimg srcset=\u0022\/sites\/default\/files\/styles\/max_650x650\/public\/2023-01\/portada.jpg?itok=TiQ2kcvD 650w, \/sites\/default\/files\/styles\/max_1300x1300\/public\/2023-01\/portada.jpg?itok=ClOjxXF4 1300w, \/sites\/default\/files\/styles\/max_1900x1900\/public\/2023-01\/portada.jpg?itok=StmVyK7W 1900w\u0022 sizes=\u0022100vw\u0022 src=\u0022\/sites\/default\/files\/styles\/max_1300x1300\/public\/2023-01\/portada.jpg?itok=ClOjxXF4\u0022 alt=\u0022integracion_tijuana\u0022 typeof=\u0022foaf:Image\u0022 class=\u0022img-fluid\u0022 \/\u003E\n\n  \u003C\/picture\u003E\n\n\u003C\/div\u003E\n      \n  \n\n      \u003Cdiv  class=\u0022boton-expander\u0022\u003E\n        \n                  \u003Cdiv class=\u0022item-list\u0022\u003E\u003Cul\u003E\u003Cli\u003E\u003Ca href=\u0022\/ds-switch-view-mode\/node\/20711\/media_collapsed?selector=view-mode-media_expanded\u0022 class=\u0022use-ajax\u0022\u003E\u2191\u003C\/a\u003E\u003C\/li\u003E\u003C\/ul\u003E\u003C\/div\u003E\n      \n  \n    \u003C\/div\u003E\n\n\n  \u003C\/div\u003E\n\n  \u003Cdiv class=\u0022area-info group-middle\u0022\u003E\n    \n\u003Cdiv  class=\u0022inner\u0022\u003E\n          \n                          \u003Ch2  class=\u0022titulo\u0022 \u003E\n        Efect\u00faan evento de integraci\u00f3n universitaria en el Campus Tijuana\n\u003C\/h2\u003E\n      \n  \n\n    \n                          \u003Cdiv  class=\u0022resumen\u0022 \u003E\n      Organizan carrera atl\u00e9tica, circuito recreativo y concurso de baile\u003C\/div\u003E\n      \n  \n\n\n\u003Cdiv  class=\u0022datos\u0022\u003E\n            \u003Cdiv  class=\u0022autor\u0022\u003E\n            \u003Cdiv  class=\u0022field-label-inline\u0022\u003EPor\u003C\/div\u003E\n  \n                  \u003Ca href=\u0022\/autores\/vasthy-raquel-mejia-negrete\u0022 hreflang=\u0022es\u0022\u003EVasthy Raquel Mej\u00eda Negrete\u003C\/a\u003E\n      \n  \n    \u003C\/div\u003E\n\n      \u003Cdiv  class=\u0022campus\u0022\u003E\n            \u003Cdiv  class=\u0022field-label-inline\u0022\u003ECampus\u003C\/div\u003E\n  \n                  \u003Ca href=\u0022\/campus\/tijuana\u0022 hreflang=\u0022es\u0022\u003ETijuana\u003C\/a\u003E\n      \n  \n    \u003C\/div\u003E\n\n    \n                          \u003Cdiv  class=\u0022fecha\u0022 \u003E\n      31 de Enero de 2023\u003C\/div\u003E\n      \n  \n\n\n  \u003C\/div\u003E\n    \n                          \u003Cdiv  class=\u0022texto\u0022 \u003E\n      \u003Cp\u003ESe llev\u00f3 a cabo el tradicional evento de integraci\u00f3n universitaria, con la finalidad de dar cierre a la semana del curso de inducci\u00f3n para el alumnado de nuevo ingreso, previo al inicio del semestre 2023-1.\u003C\/p\u003E\n\n\u003Cp\u003EEl estudiantado de las diferentes unidades acad\u00e9micas del Campus Tijuana se dio cita desde temprana hora en la pista de atletismo de la UABC, para registrar a sus equipos en las actividades organizadas, para despu\u00e9s dar paso al calentamiento y luego empezar con las competencias.\u003C\/p\u003E\n\n\u003Cp\u003ELa primera actividad en realizarse fue la carrera atl\u00e9tica, en la cual resultaron victoriosos la alumna de la Licenciatura en Nutrici\u00f3n, F\u00e1tima \u00c1lvarez, en la rama femenil; y el estudiante Abraham Renter\u00eda, en la varonil; ambos obtuvieron 100 puntos extras para sus grupos.\u003C\/p\u003E\n\n\u003Cp\u003EEn el circuito recreativo, la Facultad de Ciencias Qu\u00edmicas e Ingenier\u00eda gan\u00f3 el primer lugar, a trav\u00e9s del conjunto Los 15 Fant\u00e1sticos, con 1150 puntos; el segundo sitio fue para Oozma-Kappa, de la Facultad de Contadur\u00eda y Administraci\u00f3n, con puntaje de 1125; y el tercer lugar lo lograron Los Innombrables, de la Facultad de Deportes, con 1100 puntos.\u003C\/p\u003E\n\n\u003Cp\u003EPor otro lado, en el rally universitario, el primer puesto lo obtuvo Lic\u2019s de Fresa, de la Facultad de Contadur\u00eda y Administraci\u00f3n, con un tiempo de 1 hora y 17 minutos; el segundo lugar fue para Ingelovers Pro, de la Facultad de Ciencias Qu\u00edmicas e Ingenier\u00eda, con 1 hora y 29 minutos; y el tercer sitio fue para Las Gatitas, de la Facultad de Derecho, con 1 hora y 36 minutos.\u003C\/p\u003E\n\n\u003Cp\u003EEn el concurso de baile el primer lugar fue para la pareja conformada por la Facultad de Deportes y Turismo y Mercadotecnia, y el segundo puesto lo obtuvo la dupla integrada por la Facultad de Contadur\u00eda y Administraci\u00f3n y la Facultad de Ciencias de la Salud.\u003C\/p\u003E\n\n\u003Cp\u003EA quienes ganaron se les reconoci\u00f3 con trofeos, medallas, art\u00edculos universitarios, as\u00ed como productos y cortes\u00edas por parte de patrocinadores del evento.\u003C\/p\u003E\n\n\u003Cp\u003EEl evento de integraci\u00f3n universitaria cont\u00f3 con la participaci\u00f3n de m\u00e1s de 100 equipos conformados por estudiantes de nuevo ingreso de las diferentes unidades acad\u00e9micas y gracias a la colaboraci\u00f3n y trabajo en equipo del personal universitario de los departamentos de Servicios Estudiantiles, Psicopedag\u00f3gico, promotor\u00eda deportiva, \u003Cem\u003Estaff\u003C\/em\u003E, servicios m\u00e9dicos y plantilla de apoyo.\u003C\/p\u003E\u003C\/div\u003E\n      \n  \n\n    \n            \u003Cdiv  class=\u0022palabras-clave\u0022\u003E\n                        \u003Ca href=\u0022\/tags\/integracion\u0022 hreflang=\u0022es\u0022\u003Eintegraci\u00f3n\u003C\/a\u003E\n                \u003Ca href=\u0022\/tags\/nuevo-ingreso\u0022 hreflang=\u0022es\u0022\u003ENuevo ingreso\u003C\/a\u003E\n      \n      \u003C\/div\u003E\n  \n\n\n  \u003C\/div\u003E\n\n  \u003C\/div\u003E\n\n  \u003Cdiv class=\u0022area-extras group-right\u0022\u003E\n        \n                          \u003Cdiv  class=\u0022enlace-blockBottom\u0022 \u003E\n      \u003Cdiv\u003EVer m\u00e1s \u003Ca href=\u0022http:\/\/gaceta.uabc.mx\/notas\u0022\u003ENotas\u003C\/a\u003E\u003C\/div\u003E\n\u003C\/div\u003E\n      \n  \n\n\n  \u003C\/div\u003E\n\n\u003C\/div\u003E\n\n","settings":null}]