[{"command":"settings","settings":{"pluralDelimiter":"\u0003","suppressDeprecationErrors":true,"ajaxPageState":{"libraries":"core\/drupal.ajax,core\/picturefill,ds\/ds_3col_equal_width","theme":"gaceta","theme_token":null},"ajaxTrustedUrl":[],"field_group":{"html_element":{"mode":"media_expanded","context":"view","settings":{"classes":"datos","show_empty_fields":false,"id":"","element":"div","show_label":false,"label_element":"h3","label_element_classes":"","attributes":"","effect":"none","speed":"fast"}}},"user":{"uid":0,"permissionsHash":"55dc977d165ab1e05e51b6cc6487f6d73e65ab536d99ee82c6990d9001d5c21c"}},"merge":true},{"command":"add_css","data":"\u003Clink rel=\u0022stylesheet\u0022 media=\u0022all\u0022 href=\u0022\/sites\/default\/files\/css\/css_mxJrjoKKAZuuB4_4f-B1u9VnFZxvSor3Az4JEdrFEso.css\u0022 \/\u003E\n\u003Clink rel=\u0022stylesheet\u0022 media=\u0022all\u0022 href=\u0022\/sites\/default\/files\/css\/css_-BXSGQpS8YTwwuXGbPoshUvZ7W-_HbYR3H7d0DA_mEY.css\u0022 \/\u003E\n\u003Clink rel=\u0022stylesheet\u0022 media=\u0022all\u0022 href=\u0022\/sites\/default\/files\/css\/css_89YreTu0npezhXSakRJR9TVHyBS9bTcyt0s3IckAe-M.css\u0022 \/\u003E\n"},{"command":"add_js","selector":"body","data":[{"src":"\/sites\/default\/files\/js\/js_9UaAhXvc9u0KYXXUw-OKyLP2baQxdV4zY3Y_KGurcvY.js"},{"src":"\/sites\/default\/files\/js\/js_oDJxUBLBzfRb_FDgNfkNOm9-tiatS2kNfxQIeVRZA7Y.js"},{"src":"\/sites\/default\/files\/js\/js_YM82KRuzNIr2X-Kb8pQW8cOcSbWgQ_QGKclTYJ_aMlI.js"},{"src":"\/sites\/default\/files\/js\/js_pqqsPPmPmxKgamY6qk_WSawtL05XH_yAY8GkPHVyahI.js"}]},{"command":"insert","method":"replaceWith","selector":".view-mode-full","data":"\u003Cdiv data-history-node-id=\u002220725\u0022 class=\u0022contenido view-mode-media_expanded ds-3col-equal clearfix\u0022\u003E\n\n  \n\n  \u003Cdiv class=\u0022area-medios group-left\u0022\u003E\n        \n                          \u003Cdiv  class=\u0022imagen\u0022 \u003E\n          \u003Cpicture\u003E\n                  \u003Csource srcset=\u0022\/sites\/default\/files\/styles\/max_650x650\/public\/2023-02\/IMG-7789.webp?itok=Hf6agb5F 650w, \/sites\/default\/files\/styles\/max_1300x1300\/public\/2023-02\/IMG-7789.webp?itok=UJDUbrnD 1300w, \/sites\/default\/files\/styles\/max_1900x1900\/public\/2023-02\/IMG-7789.webp?itok=FAf3euag 1900w\u0022 type=\u0022image\/webp\u0022 sizes=\u0022100vw\u0022\/\u003E\n              \u003Csource srcset=\u0022\/sites\/default\/files\/styles\/max_650x650\/public\/2023-02\/IMG-7789.JPG?itok=Hf6agb5F 650w, \/sites\/default\/files\/styles\/max_1300x1300\/public\/2023-02\/IMG-7789.JPG?itok=UJDUbrnD 1300w, \/sites\/default\/files\/styles\/max_1900x1900\/public\/2023-02\/IMG-7789.JPG?itok=FAf3euag 1900w\u0022 type=\u0022image\/jpeg\u0022 sizes=\u0022100vw\u0022\/\u003E\n                  \u003Cimg srcset=\u0022\/sites\/default\/files\/styles\/max_650x650\/public\/2023-02\/IMG-7789.JPG?itok=Hf6agb5F 650w, \/sites\/default\/files\/styles\/max_1300x1300\/public\/2023-02\/IMG-7789.JPG?itok=UJDUbrnD 1300w, \/sites\/default\/files\/styles\/max_1900x1900\/public\/2023-02\/IMG-7789.JPG?itok=FAf3euag 1900w\u0022 sizes=\u0022100vw\u0022 src=\u0022\/sites\/default\/files\/styles\/max_1300x1300\/public\/2023-02\/IMG-7789.JPG?itok=UJDUbrnD\u0022 alt=\u0022.\u0022 typeof=\u0022foaf:Image\u0022 class=\u0022img-fluid\u0022 \/\u003E\n\n  \u003C\/picture\u003E\n\n\u003C\/div\u003E\n      \n  \n\n      \u003Cdiv  class=\u0022boton-expander\u0022\u003E\n        \n                  \u003Cdiv class=\u0022item-list\u0022\u003E\u003Cul\u003E\u003Cli\u003E\u003Ca href=\u0022\/ds-switch-view-mode\/node\/20725\/media_collapsed?selector=view-mode-media_expanded\u0022 class=\u0022use-ajax\u0022\u003E\u2191\u003C\/a\u003E\u003C\/li\u003E\u003C\/ul\u003E\u003C\/div\u003E\n      \n  \n    \u003C\/div\u003E\n\n\n  \u003C\/div\u003E\n\n  \u003Cdiv class=\u0022area-info group-middle\u0022\u003E\n    \n\u003Cdiv  class=\u0022inner\u0022\u003E\n          \n                          \u003Ch2  class=\u0022titulo\u0022 \u003E\n        Campus Tijuana recibe a 3681 cimarrones de nuevo ingreso\n\u003C\/h2\u003E\n      \n  \n\n    \n                          \u003Cdiv  class=\u0022resumen\u0022 \u003E\n      El alumnado de la UABC est\u00e1 conformado por j\u00f3venes de los 32 estados de M\u00e9xico\u003C\/div\u003E\n      \n  \n\n\n\u003Cdiv  class=\u0022datos\u0022\u003E\n            \u003Cdiv  class=\u0022autor\u0022\u003E\n            \u003Cdiv  class=\u0022field-label-inline\u0022\u003EPor\u003C\/div\u003E\n  \n                  \u003Ca href=\u0022\/autores\/gaceta-uabc\u0022 hreflang=\u0022es\u0022\u003EGaceta UABC\u003C\/a\u003E\n      \n  \n    \u003C\/div\u003E\n\n      \u003Cdiv  class=\u0022campus\u0022\u003E\n            \u003Cdiv  class=\u0022field-label-inline\u0022\u003ECampus\u003C\/div\u003E\n  \n                  \u003Ca href=\u0022\/campus\/tijuana\u0022 hreflang=\u0022es\u0022\u003ETijuana\u003C\/a\u003E\n      \n  \n    \u003C\/div\u003E\n\n    \n                          \u003Cdiv  class=\u0022fecha\u0022 \u003E\n      3 de Febrero de 2023\u003C\/div\u003E\n      \n  \n\n\n  \u003C\/div\u003E\n    \n                          \u003Cdiv  class=\u0022texto\u0022 \u003E\n      \u003Cp\u003EEn emotiva ceremonia, autoridades universitarias dieron la bienvenida a 3681 estudiantes de nuevo ingreso, siendo 2104 mujeres y 1577 hombres, que desde ahora forman parte de la comunidad cimarrona del Campus Tijuana.\u003C\/p\u003E\n\n\u003Cp\u003EEn su saludo de bienvenida, el doctor Luis Enrique Palafox Maestre, rector de la UABC, expres\u00f3 sentirse emocionado porque hace 30 a\u00f1os \u00e9l se encontraba entusiasmado de iniciar su carrera profesional en la Facultad de Ciencias Qu\u00edmicas e Ingenier\u00eda, donde curs\u00f3 la carrera de Ingenier\u00eda en Computaci\u00f3n.\u003C\/p\u003E\n\n\u003Cp\u003E\u0022Ustedes el d\u00eda de hoy inician su vida universitaria en mejores instalaciones, todo esto gracias al trabajo de las cimarronas y los cimarrones que han cuidado los recursos con los que cuenta nuestra Universidad. Ahora tendr\u00e1n muchos m\u00e1s edificios y laboratorios, m\u00e1s equipamiento del que tuve yo en su momento\u201d, comparti\u00f3.\u00a0\u003C\/p\u003E\n\n\u003Cp\u003ELos anim\u00f3 a sentirse orgullosos de estar en UABC, \u201cde haberse ganado un lugar en esta universidad con base a su esfuerzo y dedicaci\u00f3n al haber cursado sus estudios de bachillerato\u201d. Asimismo, resalt\u00f3 la importancia de que agradezcan a quienes les han ayudado a llegar a este punto de su vida profesional.\u00a0\u003C\/p\u003E\n\n\u003Cp\u003E\u201cLes invito a que valoren esta oportunidad para estudiar, la cual tambi\u00e9n les permitir\u00e1 desarrollarse como personas al aprender a convivir con muchas personas que son diferentes a ustedes\u201d.\u003C\/p\u003E\n\n\u003Cp\u003EDestac\u00f3 que la UABC \u201ces una instituci\u00f3n que brinda oportunidades a j\u00f3venes de todo el pa\u00eds\u201d ya que en ella hay j\u00f3venes de los 32 estados de M\u00e9xico estudiando una carrera profesional, lo que al ser for\u00e1neos les implica un mayor grado de dificultad. Aprovech\u00f3 para pedirles a quienes son de Tijuana que act\u00faen con solidaridad y empat\u00eda con sus compa\u00f1eras y compa\u00f1eros que provienen de otros lugares.\u003C\/p\u003E\n\n\u003Cp\u003EA\u00f1adi\u00f3 que al ponerse la camiseta que los identifica como parte de la comunidad cimarrona, sientan orgullo al portarla y pongan en pr\u00e1ctica los m\u00e1s altos valores de la UABC: confianza, honestidad, humildad, solidaridad y perseverancia.\u003C\/p\u003E\n\n\u003Cp\u003EEn el evento se cont\u00f3 con la presencia de la maestra Marina del Pilar \u00c1vila Olmeda, gobernadora de Baja California, quien al dirigirse a quienes reci\u00e9n se integran a las aulas de UABC mencion\u00f3: \u0022Hoy empiezan ustedes a escribir un nuevo cap\u00edtulo en su historia, en su vida, en sus sue\u00f1os, en su meta a alcanzar\u201d.\u003C\/p\u003E\n\n\u003Cp\u003EAsimismo, record\u00f3 el d\u00eda en el que ella tambi\u00e9n recibi\u00f3 su camiseta de cimarrona y c\u00f3mo al estudiar su segunda maestr\u00eda en la Facultad de Ciencias Sociales y Pol\u00edticas fue que encontr\u00f3 su vocaci\u00f3n de participar en la vida pol\u00edtica del pa\u00eds.\u003C\/p\u003E\n\n\u003Cp\u003EMencion\u00f3 que un maestro vio en ella el talento y ahora es gobernadora. \u201cCon esto quiero transmitirles que en el aula seguramente ustedes van a encontrar profesores que se van a convertir en parte de su vida, compa\u00f1eras y compa\u00f1eros que quiz\u00e1s con ellos construyan sue\u00f1os y metas\u201d, dijo.\u003C\/p\u003E\n\n\u003Cp\u003EComent\u00f3 que continuar\u00e1 fortaleciendo los programas de becas para que las desigualdades econ\u00f3micas no sean un obst\u00e1culo para no cursar una licenciatura y sean cada vez m\u00e1s j\u00f3venes los que tengan la oportunidad de tener un t\u00edtulo universitario. \u201cSeguiremos trabajando juntos con la UABC, una instituci\u00f3n a la que, en lo personal, le tengo un gran cari\u00f1o, mis mejores recuerdos de mi infancia y de mi vida los tengo aqu\u00ed, en sus pasillos y aulas ya que mi mam\u00e1 me tra\u00eda aqu\u00ed\u201d, ya que imparte clases en la Facultad de Derecho del Campus Mexicali.\u003C\/p\u003E\n\n\u003Cp\u003EFinalmente, en un ambiente de entusiasmo y emoci\u00f3n, las y los estudiantes de nuevo ingreso se integraron a sus actividades escolares.\u003C\/p\u003E\u003C\/div\u003E\n      \n  \n\n    \n            \u003Cdiv  class=\u0022palabras-clave\u0022\u003E\n                        \u003Ca href=\u0022\/tags\/bienvenida-0\u0022 hreflang=\u0022es\u0022\u003EBienvenida \u003C\/a\u003E\n                \u003Ca href=\u0022\/tags\/nuevo-ingreso\u0022 hreflang=\u0022es\u0022\u003ENuevo ingreso\u003C\/a\u003E\n      \n      \u003C\/div\u003E\n  \n\n\n  \u003C\/div\u003E\n\n  \u003C\/div\u003E\n\n  \u003Cdiv class=\u0022area-extras group-right\u0022\u003E\n        \n                          \u003Cdiv  class=\u0022enlace-blockBottom\u0022 \u003E\n      \u003Cdiv\u003EVer m\u00e1s \u003Ca href=\u0022http:\/\/gaceta.uabc.mx\/notas\u0022\u003ENotas\u003C\/a\u003E\u003C\/div\u003E\n\u003C\/div\u003E\n      \n  \n\n\n  \u003C\/div\u003E\n\n\u003C\/div\u003E\n\n","settings":null}]