[{"command":"settings","settings":{"pluralDelimiter":"\u0003","suppressDeprecationErrors":true,"ajaxPageState":{"libraries":"core\/drupal.ajax,core\/picturefill,ds\/ds_3col_equal_width","theme":"gaceta","theme_token":null},"ajaxTrustedUrl":[],"field_group":{"html_element":{"mode":"media_expanded","context":"view","settings":{"classes":"datos","show_empty_fields":false,"id":"","element":"div","show_label":false,"label_element":"h3","label_element_classes":"","attributes":"","effect":"none","speed":"fast"}}},"user":{"uid":0,"permissionsHash":"55dc977d165ab1e05e51b6cc6487f6d73e65ab536d99ee82c6990d9001d5c21c"}},"merge":true},{"command":"add_css","data":"\u003Clink rel=\u0022stylesheet\u0022 media=\u0022all\u0022 href=\u0022\/sites\/default\/files\/css\/css_mxJrjoKKAZuuB4_4f-B1u9VnFZxvSor3Az4JEdrFEso.css\u0022 \/\u003E\n\u003Clink rel=\u0022stylesheet\u0022 media=\u0022all\u0022 href=\u0022\/sites\/default\/files\/css\/css_-BXSGQpS8YTwwuXGbPoshUvZ7W-_HbYR3H7d0DA_mEY.css\u0022 \/\u003E\n\u003Clink rel=\u0022stylesheet\u0022 media=\u0022all\u0022 href=\u0022\/sites\/default\/files\/css\/css_89YreTu0npezhXSakRJR9TVHyBS9bTcyt0s3IckAe-M.css\u0022 \/\u003E\n"},{"command":"add_js","selector":"body","data":[{"src":"\/sites\/default\/files\/js\/js_9UaAhXvc9u0KYXXUw-OKyLP2baQxdV4zY3Y_KGurcvY.js"},{"src":"\/sites\/default\/files\/js\/js_oDJxUBLBzfRb_FDgNfkNOm9-tiatS2kNfxQIeVRZA7Y.js"},{"src":"\/sites\/default\/files\/js\/js_YM82KRuzNIr2X-Kb8pQW8cOcSbWgQ_QGKclTYJ_aMlI.js"},{"src":"\/sites\/default\/files\/js\/js_pqqsPPmPmxKgamY6qk_WSawtL05XH_yAY8GkPHVyahI.js"}]},{"command":"insert","method":"replaceWith","selector":".view-mode-full","data":"\u003Cdiv data-history-node-id=\u002221241\u0022 class=\u0022contenido view-mode-media_expanded ds-3col-equal clearfix\u0022\u003E\n\n  \n\n  \u003Cdiv class=\u0022area-medios group-left\u0022\u003E\n        \n                          \u003Cdiv  class=\u0022imagen\u0022 \u003E\n          \u003Cpicture\u003E\n                  \u003Csource srcset=\u0022\/sites\/default\/files\/styles\/max_650x650\/public\/notas\/2023-08-14\/DSC_7144.webp?itok=KRkJl_H2 650w, \/sites\/default\/files\/styles\/max_1300x1300\/public\/notas\/2023-08-14\/DSC_7144.webp?itok=zOF7awMq 1300w, \/sites\/default\/files\/styles\/max_1900x1900\/public\/notas\/2023-08-14\/DSC_7144.webp?itok=zbbrAOrG 1600w\u0022 type=\u0022image\/webp\u0022 sizes=\u0022100vw\u0022\/\u003E\n              \u003Csource srcset=\u0022\/sites\/default\/files\/styles\/max_650x650\/public\/notas\/2023-08-14\/DSC_7144.jpg?itok=KRkJl_H2 650w, \/sites\/default\/files\/styles\/max_1300x1300\/public\/notas\/2023-08-14\/DSC_7144.jpg?itok=zOF7awMq 1300w, \/sites\/default\/files\/styles\/max_1900x1900\/public\/notas\/2023-08-14\/DSC_7144.jpg?itok=zbbrAOrG 1600w\u0022 type=\u0022image\/jpeg\u0022 sizes=\u0022100vw\u0022\/\u003E\n                  \u003Cimg srcset=\u0022\/sites\/default\/files\/styles\/max_650x650\/public\/notas\/2023-08-14\/DSC_7144.jpg?itok=KRkJl_H2 650w, \/sites\/default\/files\/styles\/max_1300x1300\/public\/notas\/2023-08-14\/DSC_7144.jpg?itok=zOF7awMq 1300w, \/sites\/default\/files\/styles\/max_1900x1900\/public\/notas\/2023-08-14\/DSC_7144.jpg?itok=zbbrAOrG 1600w\u0022 sizes=\u0022100vw\u0022 src=\u0022\/sites\/default\/files\/styles\/max_1300x1300\/public\/notas\/2023-08-14\/DSC_7144.jpg?itok=zOF7awMq\u0022 alt=\u0022Marca IMPI\u0022 typeof=\u0022foaf:Image\u0022 class=\u0022img-fluid\u0022 \/\u003E\n\n  \u003C\/picture\u003E\n\n\u003C\/div\u003E\n      \n  \n\n      \u003Cdiv  class=\u0022boton-expander\u0022\u003E\n        \n                  \u003Cdiv class=\u0022item-list\u0022\u003E\u003Cul\u003E\u003Cli\u003E\u003Ca href=\u0022\/ds-switch-view-mode\/node\/21241\/media_collapsed?selector=view-mode-media_expanded\u0022 class=\u0022use-ajax\u0022\u003E\u2191\u003C\/a\u003E\u003C\/li\u003E\u003C\/ul\u003E\u003C\/div\u003E\n      \n  \n    \u003C\/div\u003E\n\n\n  \u003C\/div\u003E\n\n  \u003Cdiv class=\u0022area-info group-middle\u0022\u003E\n    \n\u003Cdiv  class=\u0022inner\u0022\u003E\n          \n                          \u003Ch2  class=\u0022titulo\u0022 \u003E\n        UABC recibe doble Declaratoria de Marca Notoriamente Conocida \n\u003C\/h2\u003E\n      \n  \n\n    \n                          \u003Cdiv  class=\u0022resumen\u0022 \u003E\n      Es la primera universidad p\u00fablica en recibir doble reconocimiento por el IMPI\u003C\/div\u003E\n      \n  \n\n\n\u003Cdiv  class=\u0022datos\u0022\u003E\n            \u003Cdiv  class=\u0022autor\u0022\u003E\n            \u003Cdiv  class=\u0022field-label-inline\u0022\u003EPor\u003C\/div\u003E\n  \n                  \u003Ca href=\u0022\/autores\/alexis-mercado-y-angelica-gomez\u0022 hreflang=\u0022es\u0022\u003EAlexis Mercado y Ang\u00e9lica G\u00f3mez\u003C\/a\u003E\n      \n  \n    \u003C\/div\u003E\n\n      \u003Cdiv  class=\u0022campus\u0022\u003E\n            \u003Cdiv  class=\u0022field-label-inline\u0022\u003ECampus\u003C\/div\u003E\n  \n                  \u003Ca href=\u0022\/campus\/uabc\u0022 hreflang=\u0022es\u0022\u003EUABC\u003C\/a\u003E\n      \n  \n    \u003C\/div\u003E\n\n    \n                          \u003Cdiv  class=\u0022fecha\u0022 \u003E\n      14 de Agosto de 2023\u003C\/div\u003E\n      \n  \n\n\n  \u003C\/div\u003E\n    \n                          \u003Cdiv  class=\u0022texto\u0022 \u003E\n      \u003Cp\u003ELa UABC celebr\u00f3 ser la primera universidad p\u00fablica a nivel nacional en obtener doble Declaratoria de Marca Notoriamente Conocida, una de ellas es para el nombre \u003Cem\u003EUniversidad Aut\u00f3noma de Baja California\u003C\/em\u003E y otra para las siglas \u003Cem\u003EUABC\u003C\/em\u003E.\u003C\/p\u003E\n\n\u003Cp\u003EEn la ceremonia realizada para compartir este acontecimiento con la comunidad universitaria, el doctor Luis Enrique Palafox Maestre, rector de la UABC, declar\u00f3 que, tras 66 a\u00f1os de historia de la instituci\u00f3n, con el liderazgo del Patronato Universitario y gracias al empuje de la Fundaci\u00f3n UABC, se ha avanzado en la protecci\u00f3n del patrimonio intangible de la universidad.\u003C\/p\u003E\n\n\u003Cp\u003EDestac\u00f3 que el nombre o las siglas de la instituci\u00f3n involucran actitudes de servicio, valores, b\u00fasqueda de la excelencia, compromiso social, educaci\u00f3n de alto nivel, calidad comprobada, convivencia respetuosa, apertura, libertad de pensamiento, conocimiento cient\u00edfico, entre otras caracter\u00edsticas que definen e identifican a quienes son parte de la gran comunidad cimarrona.\u003C\/p\u003E\n\n\u003Cp\u003E\u201cCuidamos y protegemos el nombre Universidad Aut\u00f3noma de Baja California porque su posicionamiento y su fama llevan el peso de nuestro trabajo de 66 a\u00f1os, de nuestro prestigio ganado con base en las labores educativas, de investigaci\u00f3n y de extensi\u00f3n que realizamos como universidad aut\u00f3noma, que ha sido creada para servir a la sociedad de Baja California\u201d, manifest\u00f3 el rector.\u003C\/p\u003E\n\n\u003Cp\u003E\u0022Las universitarias y los universitarios, trabajadores, estudiantes, profesionistas que ya egresaron, somos quienes tenemos que salvaguardar nuestra honra todos los d\u00edas, al cuidar nuestros actos, nuestras obras, nuestras actitudes, que son la base del reconocimiento que hoy se est\u00e1 materializado\u0022, a\u00f1adi\u00f3 el doctor Palafox Maestre.\u003C\/p\u003E\n\n\u003Cp\u003EEl rector agradeci\u00f3 el acompa\u00f1amiento del IMPI para la obtenci\u00f3n de estas declaratorias, que ayudar\u00e1n a avanzar en la protecci\u00f3n legal para que no haya una explotaci\u00f3n econ\u00f3mica del nombre y siglas que afecte el patrimonio de la UABC.\u003C\/p\u003E\n\n\u003Cp\u003EPor su parte, el licenciado Jos\u00e9 Ramiro C\u00e1rdenas Tejeda, presidente del Patronato Universitario, expres\u00f3 que la UABC ha sido un faro de conocimiento y un espacio donde innumerables generaciones de estudiantes han logrado sus sue\u00f1os y aspiraciones, un faro que ha evolucionado hasta convertirse en una marca notoriamente conocida a nivel nacional.\u003C\/p\u003E\n\n\u003Cp\u003E\u201cEs importante destacar que estas distinciones de notoriedad son otorgadas despu\u00e9s de rigurosos procesos que involucran investigaci\u00f3n, pruebas de estudio y de mercado, entre otras cosas. En el caso de la UABC, cumplimos con todos los requisitos establecidos por la ley y esto es un honor que merece ser celebrado\u201d puntualiz\u00f3.\u003C\/p\u003E\n\n\u003Cp\u003EPara concluir la ceremonia, la maestra Eulalia M\u00e9ndez Monroy, directora Divisional de Patentes del IMPI, refiri\u00f3 que los certificados que se le han entregado a la universidad, se deben a su marca y presencia no solo en el estado, sino a nivel nacional; por su trayectoria, su excelencia acad\u00e9mica y el compromiso que ha tenido hacia la sociedad.\u003C\/p\u003E\n\n\u003Cp\u003EAgreg\u00f3 que esta casa de estudios est\u00e1 dentro del ranking de las mejores universidades que se preocupan por proteger la innovaci\u00f3n y las invenciones de su comunidad y que el IMPI se llena de orgullo por otorgar estos reconocimientos a la UABC.\u003C\/p\u003E\u003C\/div\u003E\n      \n  \n\n    \n            \u003Cdiv  class=\u0022palabras-clave\u0022\u003E\n                        \u003Ca href=\u0022\/tags\/marca-notoriamente-conocida\u0022 hreflang=\u0022es\u0022\u003EMarca Notoriamente Conocida\u003C\/a\u003E\n                \u003Ca href=\u0022\/tags\/impi\u0022 hreflang=\u0022es\u0022\u003EIMPI\u003C\/a\u003E\n      \n      \u003C\/div\u003E\n  \n\n\n  \u003C\/div\u003E\n\n  \u003C\/div\u003E\n\n  \u003Cdiv class=\u0022area-extras group-right\u0022\u003E\n        \n                          \u003Cdiv  class=\u0022enlace-blockBottom\u0022 \u003E\n      \u003Cdiv\u003EVer m\u00e1s \u003Ca href=\u0022http:\/\/gaceta.uabc.mx\/notas\u0022\u003ENotas\u003C\/a\u003E\u003C\/div\u003E\n\u003C\/div\u003E\n      \n  \n\n\n  \u003C\/div\u003E\n\n\u003C\/div\u003E\n\n","settings":null}]