[{"command":"settings","settings":{"pluralDelimiter":"\u0003","suppressDeprecationErrors":true,"ajaxPageState":{"libraries":"core\/drupal.ajax,core\/picturefill,ds\/ds_3col_equal_width","theme":"gaceta","theme_token":null},"ajaxTrustedUrl":[],"field_group":{"html_element":{"mode":"media_expanded","context":"view","settings":{"classes":"datos","show_empty_fields":false,"id":"","element":"div","show_label":false,"label_element":"h3","label_element_classes":"","attributes":"","effect":"none","speed":"fast"}}},"user":{"uid":0,"permissionsHash":"55dc977d165ab1e05e51b6cc6487f6d73e65ab536d99ee82c6990d9001d5c21c"}},"merge":true},{"command":"add_css","data":"\u003Clink rel=\u0022stylesheet\u0022 media=\u0022all\u0022 href=\u0022\/sites\/default\/files\/css\/css_mxJrjoKKAZuuB4_4f-B1u9VnFZxvSor3Az4JEdrFEso.css\u0022 \/\u003E\n\u003Clink rel=\u0022stylesheet\u0022 media=\u0022all\u0022 href=\u0022\/sites\/default\/files\/css\/css_-BXSGQpS8YTwwuXGbPoshUvZ7W-_HbYR3H7d0DA_mEY.css\u0022 \/\u003E\n\u003Clink rel=\u0022stylesheet\u0022 media=\u0022all\u0022 href=\u0022\/sites\/default\/files\/css\/css_89YreTu0npezhXSakRJR9TVHyBS9bTcyt0s3IckAe-M.css\u0022 \/\u003E\n"},{"command":"add_js","selector":"body","data":[{"src":"\/sites\/default\/files\/js\/js_9UaAhXvc9u0KYXXUw-OKyLP2baQxdV4zY3Y_KGurcvY.js"},{"src":"\/sites\/default\/files\/js\/js_oDJxUBLBzfRb_FDgNfkNOm9-tiatS2kNfxQIeVRZA7Y.js"},{"src":"\/sites\/default\/files\/js\/js_YM82KRuzNIr2X-Kb8pQW8cOcSbWgQ_QGKclTYJ_aMlI.js"},{"src":"\/sites\/default\/files\/js\/js_pqqsPPmPmxKgamY6qk_WSawtL05XH_yAY8GkPHVyahI.js"}]},{"command":"insert","method":"replaceWith","selector":".view-mode-full","data":"\u003Cdiv data-history-node-id=\u002221728\u0022 class=\u0022contenido view-mode-media_expanded ds-3col-equal clearfix\u0022\u003E\n\n  \n\n  \u003Cdiv class=\u0022area-medios group-left\u0022\u003E\n        \n                          \u003Cdiv  class=\u0022imagen\u0022 \u003E\n          \u003Cpicture\u003E\n                  \u003Csource srcset=\u0022\/sites\/default\/files\/styles\/max_650x650\/public\/notas\/2024-03-20\/mendix%20%282%29.webp?itok=rSMZ8yWN 650w, \/sites\/default\/files\/styles\/max_1300x1300\/public\/notas\/2024-03-20\/mendix%20%282%29.webp?itok=YKVL6iCx 1300w, \/sites\/default\/files\/styles\/max_1900x1900\/public\/notas\/2024-03-20\/mendix%20%282%29.webp?itok=F9xhs2lu 1420w\u0022 type=\u0022image\/webp\u0022 sizes=\u0022100vw\u0022\/\u003E\n              \u003Csource srcset=\u0022\/sites\/default\/files\/styles\/max_650x650\/public\/notas\/2024-03-20\/mendix%20%282%29.jpg?itok=rSMZ8yWN 650w, \/sites\/default\/files\/styles\/max_1300x1300\/public\/notas\/2024-03-20\/mendix%20%282%29.jpg?itok=YKVL6iCx 1300w, \/sites\/default\/files\/styles\/max_1900x1900\/public\/notas\/2024-03-20\/mendix%20%282%29.jpg?itok=F9xhs2lu 1420w\u0022 type=\u0022image\/jpeg\u0022 sizes=\u0022100vw\u0022\/\u003E\n                  \u003Cimg srcset=\u0022\/sites\/default\/files\/styles\/max_650x650\/public\/notas\/2024-03-20\/mendix%20%282%29.jpg?itok=rSMZ8yWN 650w, \/sites\/default\/files\/styles\/max_1300x1300\/public\/notas\/2024-03-20\/mendix%20%282%29.jpg?itok=YKVL6iCx 1300w, \/sites\/default\/files\/styles\/max_1900x1900\/public\/notas\/2024-03-20\/mendix%20%282%29.jpg?itok=F9xhs2lu 1420w\u0022 sizes=\u0022100vw\u0022 src=\u0022\/sites\/default\/files\/styles\/max_1300x1300\/public\/notas\/2024-03-20\/mendix%20%282%29.jpg?itok=YKVL6iCx\u0022 alt=\u0022Realizaron Programa de Capacitaci\u00f3n de Programaci\u00f3n Mendix en UABC\u0022 typeof=\u0022foaf:Image\u0022 class=\u0022img-fluid\u0022 \/\u003E\n\n  \u003C\/picture\u003E\n\n\u003C\/div\u003E\n      \n  \n\n      \u003Cdiv  class=\u0022boton-expander\u0022\u003E\n        \n                  \u003Cdiv class=\u0022item-list\u0022\u003E\u003Cul\u003E\u003Cli\u003E\u003Ca href=\u0022\/ds-switch-view-mode\/node\/21728\/media_collapsed?selector=view-mode-media_expanded\u0022 class=\u0022use-ajax\u0022\u003E\u2191\u003C\/a\u003E\u003C\/li\u003E\u003C\/ul\u003E\u003C\/div\u003E\n      \n  \n    \u003C\/div\u003E\n\n\n  \u003C\/div\u003E\n\n  \u003Cdiv class=\u0022area-info group-middle\u0022\u003E\n    \n\u003Cdiv  class=\u0022inner\u0022\u003E\n          \n                          \u003Ch2  class=\u0022titulo\u0022 \u003E\n        Acad\u00e9micos de la UABC se capacitaron en Programaci\u00f3n Mendix\n\u003C\/h2\u003E\n      \n  \n\n    \n                          \u003Cdiv  class=\u0022resumen\u0022 \u003E\n      Docentes de nueve prestigiosas instituciones educativas se unieron en el primer entrenamiento para liderar la transformaci\u00f3n digital en el aula\u003C\/div\u003E\n      \n  \n\n\n\u003Cdiv  class=\u0022datos\u0022\u003E\n            \u003Cdiv  class=\u0022autor\u0022\u003E\n            \u003Cdiv  class=\u0022field-label-inline\u0022\u003EPor\u003C\/div\u003E\n  \n                  \u003Ca href=\u0022\/autores\/kimberlye-jenslanie-magallon-mucino\u0022 hreflang=\u0022es\u0022\u003EKimberlye Jenslanie Magallon Muci\u00f1o\u003C\/a\u003E\n      \n  \n    \u003C\/div\u003E\n\n      \u003Cdiv  class=\u0022campus\u0022\u003E\n            \u003Cdiv  class=\u0022field-label-inline\u0022\u003ECampus\u003C\/div\u003E\n  \n                  \u003Ca href=\u0022\/campus\/tijuana\u0022 hreflang=\u0022es\u0022\u003ETijuana\u003C\/a\u003E\n      \n  \n    \u003C\/div\u003E\n\n    \n                          \u003Cdiv  class=\u0022fecha\u0022 \u003E\n      23 de Abril de 2024\u003C\/div\u003E\n      \n  \n\n\n  \u003C\/div\u003E\n    \n                          \u003Cdiv  class=\u0022texto\u0022 \u003E\n      \u003Cp\u003EDocentes de la UABC asistieron al programa de capacitaci\u00f3n en programaci\u00f3n Mendix, organizado por la Secretar\u00eda de Econom\u00eda e Innovaci\u00f3n de Baja California y la empresa alemana SIEMENS, para dar un paso hacia la integraci\u00f3n de la tecnolog\u00eda en el aula. Sus organizadores eligieron a la UABC como sede que recibi\u00f3 a nueve destacadas instituciones educativas del estado y marc\u00f3 el inicio de una nueva era en la ense\u00f1anza de la inform\u00e1tica y la programaci\u00f3n.\u003C\/p\u003E\n\n\u003Cp\u003EPara el primer taller, se seleccion\u00f3 a 25 docentes, de los cuales seis pertenecen a la UABC. Junto a ellos participaron profesores y profesoras de la Universidad Polit\u00e9cnica de Baja California; el Instituto Tecnol\u00f3gico de Ensenada; el Instituto Tecnol\u00f3gico de Tijuana; el Instituto Tecnol\u00f3gico de Mexicali; la Universidad Tecnol\u00f3gica de Tijuana; CETYS Universidad; CENYCA Universidad; y Grupo Educativo 16 de Septiembre.\u00a0Las y los docentes fueron capacitados y capacitadas con las habilidades necesarias para liderar el camino hacia una educaci\u00f3n tecnol\u00f3gica integral.\u003C\/p\u003E\n\n\u003Cp\u003EDurante tres d\u00edas de capacitaci\u00f3n, el personal acad\u00e9mico se enfoc\u00f3 en un programa dise\u00f1ado para familiarizarlos con los fundamentos de la programaci\u00f3n Mendix. A trav\u00e9s de una combinaci\u00f3n de teor\u00eda y pr\u00e1ctica, adquirieron las habilidades necesarias para ense\u00f1ar a sus estudiantes a desarrollar aplicaciones y programas utilizando esta plataforma innovadora.\u003C\/p\u003E\n\n\u003Cp\u003ELa elecci\u00f3n de la UABC como anfitriona, demuestra su compromiso con la promoci\u00f3n de la educaci\u00f3n tecnol\u00f3gica en la regi\u00f3n.\u003C\/p\u003E\n\n\u003Cp\u003EEste programa de capacitaci\u00f3n no s\u00f3lo tiene como objetivo capacitar a docentes, sino tambi\u00e9n preparar a las y los estudiantes para los desaf\u00edos del futuro. Los participantes de la \u0022Primera Generaci\u00f3n\u0022 recibieron una certificaci\u00f3n al completar el programa, lo que les permitir\u00e1 compartir sus conocimientos y experiencias con la comunidad estudiantil. Se contempla que las personas participantes capaciten a, por lo menos 100 estudiantes, logrando un alcance aproximado de 2500 personas beneficiadas.\u003C\/p\u003E\n\n\u003Cp\u003ESe espera que este sea el primero de muchos pasos hacia una educaci\u00f3n m\u00e1s tecnol\u00f3gica y orientada al futuro en Baja California.\u003C\/p\u003E\n\n\u003Cp\u003E\u00a0\u003C\/p\u003E\u003C\/div\u003E\n      \n  \n\n    \n            \u003Cdiv  class=\u0022palabras-clave\u0022\u003E\n                        \u003Ca href=\u0022\/tags\/mendix\u0022 hreflang=\u0022es\u0022\u003EMendix\u003C\/a\u003E\n                \u003Ca href=\u0022\/tags\/inteligencia-artificial\u0022 hreflang=\u0022es\u0022\u003EInteligencia Artificial\u003C\/a\u003E\n                \u003Ca href=\u0022\/tags\/siemens\u0022 hreflang=\u0022es\u0022\u003ESIEMENS\u003C\/a\u003E\n      \n      \u003C\/div\u003E\n  \n\n\n  \u003C\/div\u003E\n\n  \u003C\/div\u003E\n\n  \u003Cdiv class=\u0022area-extras group-right\u0022\u003E\n        \n                          \u003Cdiv  class=\u0022enlace-blockBottom\u0022 \u003E\n      \u003Cdiv\u003EVer m\u00e1s \u003Ca href=\u0022http:\/\/gaceta.uabc.mx\/notas\u0022\u003ENotas\u003C\/a\u003E\u003C\/div\u003E\n\u003C\/div\u003E\n      \n  \n\n\n  \u003C\/div\u003E\n\n\u003C\/div\u003E\n\n","settings":null}]