[{"command":"settings","settings":{"pluralDelimiter":"\u0003","suppressDeprecationErrors":true,"ajaxPageState":{"libraries":"core\/drupal.ajax,core\/picturefill,ds\/ds_3col_equal_width","theme":"gaceta","theme_token":null},"ajaxTrustedUrl":[],"field_group":{"html_element":{"mode":"media_expanded","context":"view","settings":{"classes":"datos","show_empty_fields":false,"id":"","element":"div","show_label":false,"label_element":"h3","label_element_classes":"","attributes":"","effect":"none","speed":"fast"}}},"user":{"uid":0,"permissionsHash":"55dc977d165ab1e05e51b6cc6487f6d73e65ab536d99ee82c6990d9001d5c21c"}},"merge":true},{"command":"add_css","data":"\u003Clink rel=\u0022stylesheet\u0022 media=\u0022all\u0022 href=\u0022\/sites\/default\/files\/css\/css_mxJrjoKKAZuuB4_4f-B1u9VnFZxvSor3Az4JEdrFEso.css\u0022 \/\u003E\n\u003Clink rel=\u0022stylesheet\u0022 media=\u0022all\u0022 href=\u0022\/sites\/default\/files\/css\/css_-BXSGQpS8YTwwuXGbPoshUvZ7W-_HbYR3H7d0DA_mEY.css\u0022 \/\u003E\n\u003Clink rel=\u0022stylesheet\u0022 media=\u0022all\u0022 href=\u0022\/sites\/default\/files\/css\/css_89YreTu0npezhXSakRJR9TVHyBS9bTcyt0s3IckAe-M.css\u0022 \/\u003E\n"},{"command":"add_js","selector":"body","data":[{"src":"\/sites\/default\/files\/js\/js_9UaAhXvc9u0KYXXUw-OKyLP2baQxdV4zY3Y_KGurcvY.js"},{"src":"\/sites\/default\/files\/js\/js_oDJxUBLBzfRb_FDgNfkNOm9-tiatS2kNfxQIeVRZA7Y.js"},{"src":"\/sites\/default\/files\/js\/js_YM82KRuzNIr2X-Kb8pQW8cOcSbWgQ_QGKclTYJ_aMlI.js"},{"src":"\/sites\/default\/files\/js\/js_pqqsPPmPmxKgamY6qk_WSawtL05XH_yAY8GkPHVyahI.js"}]},{"command":"insert","method":"replaceWith","selector":".view-mode-full","data":"\u003Cdiv data-history-node-id=\u002221903\u0022 class=\u0022contenido view-mode-media_expanded ds-3col-equal clearfix\u0022\u003E\n\n  \n\n  \u003Cdiv class=\u0022area-medios group-left\u0022\u003E\n        \n                          \u003Cdiv  class=\u0022imagen\u0022 \u003E\n          \u003Cpicture\u003E\n                  \u003Csource srcset=\u0022\/sites\/default\/files\/styles\/max_650x650\/public\/notas\/2024-06-12\/La%20UABC%20impulsa%20la%20cooperaci%C3%B3n%20interdisciplinaria%20en%20su%20comunidad.webp?itok=_1E5Y_HJ 650w, \/sites\/default\/files\/styles\/max_1900x1900\/public\/notas\/2024-06-12\/La%20UABC%20impulsa%20la%20cooperaci%C3%B3n%20interdisciplinaria%20en%20su%20comunidad.webp?itok=SA6wnMdV 1142w\u0022 type=\u0022image\/webp\u0022 sizes=\u0022100vw\u0022\/\u003E\n              \u003Csource srcset=\u0022\/sites\/default\/files\/styles\/max_650x650\/public\/notas\/2024-06-12\/La%20UABC%20impulsa%20la%20cooperaci%C3%B3n%20interdisciplinaria%20en%20su%20comunidad.jpg?itok=_1E5Y_HJ 650w, \/sites\/default\/files\/styles\/max_1900x1900\/public\/notas\/2024-06-12\/La%20UABC%20impulsa%20la%20cooperaci%C3%B3n%20interdisciplinaria%20en%20su%20comunidad.jpg?itok=SA6wnMdV 1142w\u0022 type=\u0022image\/jpeg\u0022 sizes=\u0022100vw\u0022\/\u003E\n                  \u003Cimg srcset=\u0022\/sites\/default\/files\/styles\/max_650x650\/public\/notas\/2024-06-12\/La%20UABC%20impulsa%20la%20cooperaci%C3%B3n%20interdisciplinaria%20en%20su%20comunidad.jpg?itok=_1E5Y_HJ 650w, \/sites\/default\/files\/styles\/max_1900x1900\/public\/notas\/2024-06-12\/La%20UABC%20impulsa%20la%20cooperaci%C3%B3n%20interdisciplinaria%20en%20su%20comunidad.jpg?itok=SA6wnMdV 1142w\u0022 sizes=\u0022100vw\u0022 src=\u0022\/sites\/default\/files\/styles\/max_1300x1300\/public\/notas\/2024-06-12\/La%20UABC%20impulsa%20la%20cooperaci%C3%B3n%20interdisciplinaria%20en%20su%20comunidad.jpg?itok=K4xVaUMB\u0022 alt=\u0022BIENAL\u0022 typeof=\u0022foaf:Image\u0022 class=\u0022img-fluid\u0022 \/\u003E\n\n  \u003C\/picture\u003E\n\n\u003C\/div\u003E\n      \n  \n\n      \u003Cdiv  class=\u0022boton-expander\u0022\u003E\n        \n                  \u003Cdiv class=\u0022item-list\u0022\u003E\u003Cul\u003E\u003Cli\u003E\u003Ca href=\u0022\/ds-switch-view-mode\/node\/21903\/media_collapsed?selector=view-mode-media_expanded\u0022 class=\u0022use-ajax\u0022\u003E\u2191\u003C\/a\u003E\u003C\/li\u003E\u003C\/ul\u003E\u003C\/div\u003E\n      \n  \n    \u003C\/div\u003E\n\n\n  \u003C\/div\u003E\n\n  \u003Cdiv class=\u0022area-info group-middle\u0022\u003E\n    \n\u003Cdiv  class=\u0022inner\u0022\u003E\n          \n                          \u003Ch2  class=\u0022titulo\u0022 \u003E\n        UABC impulsa la cooperaci\u00f3n interdisciplinaria en su comunidad\n\u003C\/h2\u003E\n      \n  \n\n    \n                          \u003Cdiv  class=\u0022resumen\u0022 \u003E\n      Organiz\u00f3 la Bienal Interdisciplinaria UABC 2024.\u003C\/div\u003E\n      \n  \n\n\n\u003Cdiv  class=\u0022datos\u0022\u003E\n            \u003Cdiv  class=\u0022autor\u0022\u003E\n            \u003Cdiv  class=\u0022field-label-inline\u0022\u003EPor\u003C\/div\u003E\n  \n                  \u003Ca href=\u0022\/autores\/olivia-yaritza-lopez-segoviano\u0022 hreflang=\u0022es\u0022\u003EOlivia Yaritza L\u00f3pez Segoviano\u003C\/a\u003E\n      \n  \n    \u003C\/div\u003E\n\n      \u003Cdiv  class=\u0022campus\u0022\u003E\n            \u003Cdiv  class=\u0022field-label-inline\u0022\u003ECampus\u003C\/div\u003E\n  \n                  \u003Ca href=\u0022\/campus\/uabc\u0022 hreflang=\u0022es\u0022\u003EUABC\u003C\/a\u003E\n      \n  \n    \u003C\/div\u003E\n\n    \n                          \u003Cdiv  class=\u0022fecha\u0022 \u003E\n      12 de Junio de 2024\u003C\/div\u003E\n      \n  \n\n\n  \u003C\/div\u003E\n    \n                          \u003Cdiv  class=\u0022texto\u0022 \u003E\n      \u003Cp\u003ECon el prop\u00f3sito de potenciar la cooperaci\u00f3n interdisciplinaria al interior de la Universidad Aut\u00f3noma de Baja California (UABC), creando ecosistemas inclusivos y din\u00e1micos para el intercambio de ideas y la innovaci\u00f3n sostenible, la instituci\u00f3n realiz\u00f3 la Bienal Interdisciplinaria UABC 2024 \u201cHorizonte sostenible: unidos por el conocimiento y la innovaci\u00f3n\u201d.\u003C\/p\u003E\n\n\u003Cp\u003EEl programa acad\u00e9mico, conformado por conferencias plenarias y magistrales, foros de an\u00e1lisis, mesas redondas, paneles y talleres, se desarrollar\u00e1 los d\u00edas 12 y 13 de junio del a\u00f1o en curso, en modalidad virtual.\u003C\/p\u003E\n\n\u003Cp\u003EEl rector de la UABC, doctor Luis Enrique Palafox Maestre, explic\u00f3 que el evento fue organizado por la Coordinaci\u00f3n General de Investigaci\u00f3n y Posgrado, en colaboraci\u00f3n con las siete academias institucionales, \u201cy constituye una plataforma \u00fanica para el intercambio de conocimientos y la presentaci\u00f3n de proyectos de investigaci\u00f3n, a fin de establecer una colaboraci\u00f3n entre las diversas disciplinas\u201d.\u003C\/p\u003E\n\n\u003Cp\u003ELas Academias se dividen en las \u00e1reas de Ciencias Administrativas; Ciencias Agropecuarias; Ciencias de la Educaci\u00f3n y Humanidades; Ciencias Naturales y Exactas; Ciencias de la Ingenier\u00eda y Tecnolog\u00eda; Ciencias de la Salud, as\u00ed como Ciencias Sociales.\u003C\/p\u003E\n\n\u003Cp\u003EEl doctor Palafox Maestre destac\u00f3 que la universidad busca, con la Bienal, lograr la integraci\u00f3n de perspectivas y metodolog\u00edas para abordar problemas complejos de manera hol\u00edstica, generando soluciones que no ser\u00edan posibles de forma aislada y que, adem\u00e1s, contribuyan al bienestar social, ambiental y econ\u00f3mico.\u003C\/p\u003E\n\n\u003Cp\u003ELa Bienal tambi\u00e9n fomenta el fortalecimiento de redes de colaboraci\u00f3n entre investigadoras, investigadores y profesionales de distintas disciplinas para obtener una visi\u00f3n m\u00e1s completa y matizada de diversas problem\u00e1ticas.\u003C\/p\u003E\n\n\u003Cp\u003EAgreg\u00f3 que la interdisciplinariedad fortalece a la educaci\u00f3n superior y permite formar estudiantes con mayores capacidades y habilidades a trav\u00e9s del aprendizaje basado en m\u00faltiples \u00e1reas del saber, incrementando el impacto de las investigaciones.\u003C\/p\u003E\n\n\u003Cp\u003EIgualmente, mencion\u00f3 que uno de los fines es posicionar a la UABC como l\u00edder en investigaci\u00f3n interdisciplinaria, promoviendo colaboraciones y redes a nivel global para enfrentar retos internacionales con soluciones innovadoras.\u003C\/p\u003E\n\n\u003Cp\u003EEntre las tem\u00e1ticas que se abordar\u00e1n en la Bienal est\u00e1n: violencia sexual en l\u00ednea y acceso a redes sociales de menores en M\u00e9xico; seguridad y cultura dela paz en Baja California; derechos humanos y migraci\u00f3n; equidad en salud; innovaci\u00f3n en salud, biomedicina y salud digna; salud global y cambio clim\u00e1tico; di\u00e1logo interdisciplinar sobre movilidades humanas, violencias y educaci\u00f3n; escenarios actuales en geopol\u00edtica mundial; impacto de la inteligencia artificial en diversas \u00e1reas cient\u00edficas y sectores; innovaci\u00f3n tecnol\u00f3gica, variaciones clim\u00e1ticas y desarrollo sostenible; presentaci\u00f3n de proyectos de investigaci\u00f3n de diferentes disciplinas; innovaci\u00f3n y emprendimiento; cuerpos acad\u00e9micos; colaboraci\u00f3n multidisciplinaria\u003C\/p\u003E\n\n\u003Cp\u003E\u003Cstrong\u003EConferencia plenaria\u003C\/strong\u003E\u003C\/p\u003E\n\n\u003Cp\u003EPara iniciar los trabajos de la Bienal Interdisciplinaria UABC 2024, el doctor Salvatore Aric\u00f2 imparti\u00f3 la conferencia plenaria \u201cDesarrollo sostenible y el papel de la tecnolog\u00eda en la conservaci\u00f3n del medio ambiente\u201d, en la que destac\u00f3 la importancia de la tecnolog\u00eda como una herramienta crucial para promover pr\u00e1cticas sostenibles y proteger el medio ambiente.\u003C\/p\u003E\n\n\u003Cp\u003EEn su ponencia, el doctor Aric\u00f2 abord\u00f3 c\u00f3mo las innovaciones tecnol\u00f3gicas pueden contribuir a comprender fen\u00f3menos naturales como El Ni\u00f1o, adem\u00e1s, pueden contribuir a la resoluci\u00f3n de desaf\u00edos ambientales complejos, promoviendo un equilibrio entre desarrollo econ\u00f3mico y conservaci\u00f3n ecol\u00f3gica.\u003C\/p\u003E\n\n\u003Cp\u003ETambi\u00e9n coment\u00f3 que la inteligencia artificial apoya en la concentraci\u00f3n y manejo de datos, lo que permite compartir la informaci\u00f3n entre la comunidad cient\u00edfica del mundo. Adem\u00e1s, subray\u00f3 la necesidad de una colaboraci\u00f3n interdisciplinaria y global para implementar soluciones tecnol\u00f3gicas efectivas que aseguren un futuro sostenible para las pr\u00f3ximas generaciones.\u003C\/p\u003E\n\n\u003Cp\u003EAsimismo, destac\u00f3 que es importante que la comunidad cient\u00edfica tome un rol activo en la formulaci\u00f3n de pol\u00edticas relacionadas al cuidado del medio ambiente a trav\u00e9s de la evaluaci\u00f3n de tecnolog\u00edas en r\u00e1pido desarrollo, incluida la inteligencia artificial.\u003C\/p\u003E\n\n\u003Cp\u003EDesde enero de 2023, el doctor Salvatore Aric\u00f2 es director ejecutivo del Consejo Cient\u00edfico Internacional. Ha desempe\u00f1ado roles como jefe de ciencias oce\u00e1nicas en la Comisi\u00f3n Oceanogr\u00e1fica Intergubernamental de la UNESCO, y secretario ejecutivo de la Junta Asesora Cient\u00edfica del Secretario General de las Naciones Unidas. A lo largo de su carrera, ha contribuido significativamente a evaluaciones cient\u00edficas sobre biodiversidad, servicios ecosist\u00e9micos, clima y ciencias oce\u00e1nicas.\u003C\/p\u003E\u003C\/div\u003E\n      \n  \n\n    \n            \u003Cdiv  class=\u0022palabras-clave\u0022\u003E\n                        \u003Ca href=\u0022\/tags\/bienal-interdisciplinaria\u0022 hreflang=\u0022es\u0022\u003Ebienal interdisciplinaria\u003C\/a\u003E\n      \n      \u003C\/div\u003E\n  \n\n\n  \u003C\/div\u003E\n\n  \u003C\/div\u003E\n\n  \u003Cdiv class=\u0022area-extras group-right\u0022\u003E\n        \n                          \u003Cdiv  class=\u0022enlace-blockBottom\u0022 \u003E\n      \u003Cdiv\u003EVer m\u00e1s \u003Ca href=\u0022http:\/\/gaceta.uabc.mx\/notas\u0022\u003ENotas\u003C\/a\u003E\u003C\/div\u003E\n\u003C\/div\u003E\n      \n  \n\n\n  \u003C\/div\u003E\n\n\u003C\/div\u003E\n\n","settings":null}]