[{"command":"settings","settings":{"pluralDelimiter":"\u0003","suppressDeprecationErrors":true,"ajaxPageState":{"libraries":"core\/drupal.ajax,core\/picturefill,ds\/ds_3col_equal_width","theme":"gaceta","theme_token":null},"ajaxTrustedUrl":[],"field_group":{"html_element":{"mode":"media_expanded","context":"view","settings":{"classes":"datos","show_empty_fields":false,"id":"","element":"div","show_label":false,"label_element":"h3","label_element_classes":"","attributes":"","effect":"none","speed":"fast"}}},"user":{"uid":0,"permissionsHash":"55dc977d165ab1e05e51b6cc6487f6d73e65ab536d99ee82c6990d9001d5c21c"}},"merge":true},{"command":"add_css","data":"\u003Clink rel=\u0022stylesheet\u0022 media=\u0022all\u0022 href=\u0022\/sites\/default\/files\/css\/css_mxJrjoKKAZuuB4_4f-B1u9VnFZxvSor3Az4JEdrFEso.css\u0022 \/\u003E\n\u003Clink rel=\u0022stylesheet\u0022 media=\u0022all\u0022 href=\u0022\/sites\/default\/files\/css\/css_-BXSGQpS8YTwwuXGbPoshUvZ7W-_HbYR3H7d0DA_mEY.css\u0022 \/\u003E\n\u003Clink rel=\u0022stylesheet\u0022 media=\u0022all\u0022 href=\u0022\/sites\/default\/files\/css\/css_89YreTu0npezhXSakRJR9TVHyBS9bTcyt0s3IckAe-M.css\u0022 \/\u003E\n"},{"command":"add_js","selector":"body","data":[{"src":"\/sites\/default\/files\/js\/js_9UaAhXvc9u0KYXXUw-OKyLP2baQxdV4zY3Y_KGurcvY.js"},{"src":"\/sites\/default\/files\/js\/js_oDJxUBLBzfRb_FDgNfkNOm9-tiatS2kNfxQIeVRZA7Y.js"},{"src":"\/sites\/default\/files\/js\/js_YM82KRuzNIr2X-Kb8pQW8cOcSbWgQ_QGKclTYJ_aMlI.js"},{"src":"\/sites\/default\/files\/js\/js_pqqsPPmPmxKgamY6qk_WSawtL05XH_yAY8GkPHVyahI.js"}]},{"command":"insert","method":"replaceWith","selector":".view-mode-full","data":"\u003Cdiv data-history-node-id=\u002221930\u0022 class=\u0022contenido view-mode-media_expanded ds-3col-equal clearfix\u0022\u003E\n\n  \n\n  \u003Cdiv class=\u0022area-medios group-left\u0022\u003E\n        \n                          \u003Cdiv  class=\u0022imagen\u0022 \u003E\n          \u003Cpicture\u003E\n                  \u003Csource srcset=\u0022\/sites\/default\/files\/styles\/max_650x650\/public\/notas\/2024-06-20\/Encendido%20UABC.webp?itok=OwnVSEiN 650w, \/sites\/default\/files\/styles\/max_1300x1300\/public\/notas\/2024-06-20\/Encendido%20UABC.webp?itok=4U_kSW2P 1300w, \/sites\/default\/files\/styles\/max_1900x1900\/public\/notas\/2024-06-20\/Encendido%20UABC.webp?itok=ITIZn9bT 1900w\u0022 type=\u0022image\/webp\u0022 sizes=\u0022100vw\u0022\/\u003E\n              \u003Csource srcset=\u0022\/sites\/default\/files\/styles\/max_650x650\/public\/notas\/2024-06-20\/Encendido%20UABC.jpg?itok=OwnVSEiN 650w, \/sites\/default\/files\/styles\/max_1300x1300\/public\/notas\/2024-06-20\/Encendido%20UABC.jpg?itok=4U_kSW2P 1300w, \/sites\/default\/files\/styles\/max_1900x1900\/public\/notas\/2024-06-20\/Encendido%20UABC.jpg?itok=ITIZn9bT 1900w\u0022 type=\u0022image\/jpeg\u0022 sizes=\u0022100vw\u0022\/\u003E\n                  \u003Cimg srcset=\u0022\/sites\/default\/files\/styles\/max_650x650\/public\/notas\/2024-06-20\/Encendido%20UABC.jpg?itok=OwnVSEiN 650w, \/sites\/default\/files\/styles\/max_1300x1300\/public\/notas\/2024-06-20\/Encendido%20UABC.jpg?itok=4U_kSW2P 1300w, \/sites\/default\/files\/styles\/max_1900x1900\/public\/notas\/2024-06-20\/Encendido%20UABC.jpg?itok=ITIZn9bT 1900w\u0022 sizes=\u0022100vw\u0022 src=\u0022\/sites\/default\/files\/styles\/max_1300x1300\/public\/notas\/2024-06-20\/Encendido%20UABC.jpg?itok=4U_kSW2P\u0022 alt=\u0022Rector\u00eda UABC\u0022 typeof=\u0022foaf:Image\u0022 class=\u0022img-fluid\u0022 \/\u003E\n\n  \u003C\/picture\u003E\n\n\u003C\/div\u003E\n      \n  \n\n      \u003Cdiv  class=\u0022boton-expander\u0022\u003E\n        \n                  \u003Cdiv class=\u0022item-list\u0022\u003E\u003Cul\u003E\u003Cli\u003E\u003Ca href=\u0022\/ds-switch-view-mode\/node\/21930\/media_collapsed?selector=view-mode-media_expanded\u0022 class=\u0022use-ajax\u0022\u003E\u2191\u003C\/a\u003E\u003C\/li\u003E\u003C\/ul\u003E\u003C\/div\u003E\n      \n  \n    \u003C\/div\u003E\n\n\n  \u003C\/div\u003E\n\n  \u003Cdiv class=\u0022area-info group-middle\u0022\u003E\n    \n\u003Cdiv  class=\u0022inner\u0022\u003E\n          \n                          \u003Ch2  class=\u0022titulo\u0022 \u003E\n        Realizaron la primera edici\u00f3n de ORGULLODIVERSA UABC\n\u003C\/h2\u003E\n      \n  \n\n    \n                          \u003Cdiv  class=\u0022resumen\u0022 \u003E\n      Unidades acad\u00e9micas de los tres campus se sumaron a la campa\u00f1a\u003C\/div\u003E\n      \n  \n\n\n\u003Cdiv  class=\u0022datos\u0022\u003E\n            \u003Cdiv  class=\u0022autor\u0022\u003E\n            \u003Cdiv  class=\u0022field-label-inline\u0022\u003EPor\u003C\/div\u003E\n  \n                  \u003Ca href=\u0022\/autores\/magda-yanin-balderas-landeros\u0022 hreflang=\u0022es\u0022\u003EMagda Yanin Balderas Landeros\u003C\/a\u003E\n      \n  \n    \u003C\/div\u003E\n\n      \u003Cdiv  class=\u0022campus\u0022\u003E\n            \u003Cdiv  class=\u0022field-label-inline\u0022\u003ECampus\u003C\/div\u003E\n  \n                  \u003Ca href=\u0022\/campus\/uabc\u0022 hreflang=\u0022es\u0022\u003EUABC\u003C\/a\u003E\n      \n  \n    \u003C\/div\u003E\n\n    \n                          \u003Cdiv  class=\u0022fecha\u0022 \u003E\n      20 de Junio de 2024\u003C\/div\u003E\n      \n  \n\n\n  \u003C\/div\u003E\n    \n                          \u003Cdiv  class=\u0022texto\u0022 \u003E\n      \u003Cp\u003EDiversas unidades acad\u00e9micas de los tres campus de la UABC, participaron en la realizaci\u00f3n de la primera edici\u00f3n de ORGULLODIVERSA UABC, una campa\u00f1a que se realiza en seguimiento al Programa Institucional para la Cultura de Paz de la universidad; y que busca visibilizar actividades contra la homofobia, bifobia y transfobia.\u003C\/p\u003E\n\n\u003Cp\u003EPara poder sensibilizar a la comunidad cimarrona y general respecto al reconocimiento de los derechos de todas las personas y la erradicaci\u00f3n de barreras y discriminaci\u00f3n de las distintas identidades sexogen\u00e9ricas, participaron 1,068 estudiantes y 124 docentes en la realizaci\u00f3n de m\u00e1s de 40 actividades entre coloquios, conferencias, exposiciones, conversatorios, bazares, proyecciones de cine, jornadas, mesas redondas, mesas de trabajo y encendido de luces, en distintos puntos de los tres campus.\u003C\/p\u003E\n\n\u003Cp\u003EDe Mexicali, participaron las facultades de Artes, Ciencias Administrativas, Ciencias Humanas, Ciencias Sociales y Pol\u00edticas, Medicina, Pedagog\u00eda e Innovaci\u00f3n Educativa, y el Instituto Investigaciones Culturales \u2013 Museo. De Ensenada, la de Ciencias Administrativas y Sociales, Artes, Idiomas, y el Instituto de Investigaci\u00f3n y Desarrollo Educativo. As\u00ed tambi\u00e9n, de Tijuana se sumaron las facultades de Derecho, Enfermer\u00eda, Humanidades y Ciencias Sociales, Idiomas, Odontolog\u00eda, y el Instituto de Investigaciones Hist\u00f3ricas.\u003C\/p\u003E\u003C\/div\u003E\n      \n  \n\n    \n            \u003Cdiv  class=\u0022palabras-clave\u0022\u003E\n                        \u003Ca href=\u0022\/tags\/orgullo-diversa\u0022 hreflang=\u0022es\u0022\u003EOrgullo Diversa\u003C\/a\u003E\n      \n      \u003C\/div\u003E\n  \n\n\n  \u003C\/div\u003E\n\n  \u003C\/div\u003E\n\n  \u003Cdiv class=\u0022area-extras group-right\u0022\u003E\n        \n                          \u003Cdiv  class=\u0022enlace-blockBottom\u0022 \u003E\n      \u003Cdiv\u003EVer m\u00e1s \u003Ca href=\u0022http:\/\/gaceta.uabc.mx\/notas\u0022\u003ENotas\u003C\/a\u003E\u003C\/div\u003E\n\u003C\/div\u003E\n      \n  \n\n\n  \u003C\/div\u003E\n\n\u003C\/div\u003E\n\n","settings":null}]