[{"command":"settings","settings":{"pluralDelimiter":"\u0003","suppressDeprecationErrors":true,"ajaxPageState":{"libraries":"core\/drupal.ajax,core\/picturefill,ds\/ds_3col_equal_width","theme":"gaceta","theme_token":null},"ajaxTrustedUrl":[],"field_group":{"html_element":{"mode":"media_expanded","context":"view","settings":{"classes":"datos","show_empty_fields":false,"id":"","element":"div","show_label":false,"label_element":"h3","label_element_classes":"","attributes":"","effect":"none","speed":"fast"}}},"user":{"uid":0,"permissionsHash":"55dc977d165ab1e05e51b6cc6487f6d73e65ab536d99ee82c6990d9001d5c21c"}},"merge":true},{"command":"add_css","data":"\u003Clink rel=\u0022stylesheet\u0022 media=\u0022all\u0022 href=\u0022\/sites\/default\/files\/css\/css_mxJrjoKKAZuuB4_4f-B1u9VnFZxvSor3Az4JEdrFEso.css\u0022 \/\u003E\n\u003Clink rel=\u0022stylesheet\u0022 media=\u0022all\u0022 href=\u0022\/sites\/default\/files\/css\/css_-BXSGQpS8YTwwuXGbPoshUvZ7W-_HbYR3H7d0DA_mEY.css\u0022 \/\u003E\n\u003Clink rel=\u0022stylesheet\u0022 media=\u0022all\u0022 href=\u0022\/sites\/default\/files\/css\/css_89YreTu0npezhXSakRJR9TVHyBS9bTcyt0s3IckAe-M.css\u0022 \/\u003E\n"},{"command":"add_js","selector":"body","data":[{"src":"\/sites\/default\/files\/js\/js_9UaAhXvc9u0KYXXUw-OKyLP2baQxdV4zY3Y_KGurcvY.js"},{"src":"\/sites\/default\/files\/js\/js_oDJxUBLBzfRb_FDgNfkNOm9-tiatS2kNfxQIeVRZA7Y.js"},{"src":"\/sites\/default\/files\/js\/js_YM82KRuzNIr2X-Kb8pQW8cOcSbWgQ_QGKclTYJ_aMlI.js"},{"src":"\/sites\/default\/files\/js\/js_pqqsPPmPmxKgamY6qk_WSawtL05XH_yAY8GkPHVyahI.js"}]},{"command":"insert","method":"replaceWith","selector":".view-mode-full","data":"\u003Cdiv data-history-node-id=\u002222280\u0022 class=\u0022contenido view-mode-media_expanded ds-3col-equal clearfix\u0022\u003E\n\n  \n\n  \u003Cdiv class=\u0022area-medios group-left\u0022\u003E\n        \n                          \u003Cdiv  class=\u0022imagen\u0022 \u003E\n          \u003Cpicture\u003E\n                  \u003Csource srcset=\u0022\/sites\/default\/files\/styles\/max_650x650\/public\/notas\/2024-10-18\/IMG_6007.webp?itok=80axeLCU 650w, \/sites\/default\/files\/styles\/max_1300x1300\/public\/notas\/2024-10-18\/IMG_6007.webp?itok=DmE-Rvte 1300w, \/sites\/default\/files\/styles\/max_1900x1900\/public\/notas\/2024-10-18\/IMG_6007.webp?itok=Va4SC0vf 1900w\u0022 type=\u0022image\/webp\u0022 sizes=\u0022100vw\u0022\/\u003E\n              \u003Csource srcset=\u0022\/sites\/default\/files\/styles\/max_650x650\/public\/notas\/2024-10-18\/IMG_6007.JPG?itok=80axeLCU 650w, \/sites\/default\/files\/styles\/max_1300x1300\/public\/notas\/2024-10-18\/IMG_6007.JPG?itok=DmE-Rvte 1300w, \/sites\/default\/files\/styles\/max_1900x1900\/public\/notas\/2024-10-18\/IMG_6007.JPG?itok=Va4SC0vf 1900w\u0022 type=\u0022image\/jpeg\u0022 sizes=\u0022100vw\u0022\/\u003E\n                  \u003Cimg srcset=\u0022\/sites\/default\/files\/styles\/max_650x650\/public\/notas\/2024-10-18\/IMG_6007.JPG?itok=80axeLCU 650w, \/sites\/default\/files\/styles\/max_1300x1300\/public\/notas\/2024-10-18\/IMG_6007.JPG?itok=DmE-Rvte 1300w, \/sites\/default\/files\/styles\/max_1900x1900\/public\/notas\/2024-10-18\/IMG_6007.JPG?itok=Va4SC0vf 1900w\u0022 sizes=\u0022100vw\u0022 src=\u0022\/sites\/default\/files\/styles\/max_1300x1300\/public\/notas\/2024-10-18\/IMG_6007.JPG?itok=DmE-Rvte\u0022 alt=\u0022Toma protesta \u0022 typeof=\u0022foaf:Image\u0022 class=\u0022img-fluid\u0022 \/\u003E\n\n  \u003C\/picture\u003E\n\n\u003C\/div\u003E\n      \n  \n\n      \u003Cdiv  class=\u0022boton-expander\u0022\u003E\n        \n                  \u003Cdiv class=\u0022item-list\u0022\u003E\u003Cul\u003E\u003Cli\u003E\u003Ca href=\u0022\/ds-switch-view-mode\/node\/22280\/media_collapsed?selector=view-mode-media_expanded\u0022 class=\u0022use-ajax\u0022\u003E\u2191\u003C\/a\u003E\u003C\/li\u003E\u003C\/ul\u003E\u003C\/div\u003E\n      \n  \n    \u003C\/div\u003E\n\n\n  \u003C\/div\u003E\n\n  \u003Cdiv class=\u0022area-info group-middle\u0022\u003E\n    \n\u003Cdiv  class=\u0022inner\u0022\u003E\n          \n                          \u003Ch2  class=\u0022titulo\u0022 \u003E\n        Iv\u00e1n Renter\u00eda rindi\u00f3 protesta como director provisional de la Facultad de Deportes Ensenada\n\u003C\/h2\u003E\n      \n  \n\n    \n                          \u003Cdiv  class=\u0022resumen\u0022 \u003E\n      Cuenta con experiencia en el puesto de subdirecci\u00f3n de la unidad acad\u00e9mica\u003C\/div\u003E\n      \n  \n\n\n\u003Cdiv  class=\u0022datos\u0022\u003E\n            \u003Cdiv  class=\u0022autor\u0022\u003E\n            \u003Cdiv  class=\u0022field-label-inline\u0022\u003EPor\u003C\/div\u003E\n  \n                  \u003Ca href=\u0022\/autores\/paulina-moreno-rangel-0\u0022 hreflang=\u0022es\u0022\u003EPaulina Moreno Rangel \u003C\/a\u003E\n      \n  \n    \u003C\/div\u003E\n\n      \u003Cdiv  class=\u0022campus\u0022\u003E\n            \u003Cdiv  class=\u0022field-label-inline\u0022\u003ECampus\u003C\/div\u003E\n  \n                  \u003Ca href=\u0022\/campus\/ensenada\u0022 hreflang=\u0022es\u0022\u003EEnsenada\u003C\/a\u003E\n      \n  \n    \u003C\/div\u003E\n\n    \n                          \u003Cdiv  class=\u0022fecha\u0022 \u003E\n      18 de Octubre de 2024\u003C\/div\u003E\n      \n  \n\n\n  \u003C\/div\u003E\n    \n                          \u003Cdiv  class=\u0022texto\u0022 \u003E\n      \u003Cp\u003EEn una ceremonia encabezada por el secretario general de la UABC, doctor Joaqu\u00edn Caso Niebla, se tom\u00f3 protesta al doctor Iv\u00e1n Renter\u00eda como director provisional de la Facultad de Deportes Ensenada.\u003C\/p\u003E\n\n\u003Cp\u003EEste nombramiento se produce tras la reciente escisi\u00f3n de la Facultad de Deportes, aprobada por el Consejo Universitario, que formaliza la constituci\u00f3n de tres nuevas unidades acad\u00e9micas, una por cada campus.\u003C\/p\u003E\n\n\u003Cp\u003EEl doctor Caso Niebla refiri\u00f3 que, con esta nueva estructura, la UABC busca fortalecer la autonom\u00eda de cada facultad, optimizar los recursos y adaptar la oferta educativa a las necesidades espec\u00edficas de cada regi\u00f3n. \u201cLa Facultad de Deportes de Ensenada, bajo la direcci\u00f3n del doctor Renter\u00eda, se encuentra preparada para enfrentar los desaf\u00edos del futuro y consolidar su posici\u00f3n como un referente en la formaci\u00f3n de profesionales en el \u00e1mbito del deporte\u201d.\u003C\/p\u003E\n\n\u003Cp\u003EDe la misma manera, aprovech\u00f3 el espacio para agradecer el trabajo del maestro Emilio Manuel Arrayales Mill\u00e1n, quien a lo largo de casi una d\u00e9cada estuvo al frente de esta unidad acad\u00e9mica a nivel estatal.\u003C\/p\u003E\n\n\u003Cp\u003EPor otro lado, el doctor Iv\u00e1n Renter\u00eda, con amplia trayectoria en fisiolog\u00eda integrativa y ejercicio f\u00edsico, expres\u00f3 su agradecimiento a las autoridades universitarias y a la comunidad de la facultad por la confianza depositada en su persona.\u003C\/p\u003E\n\n\u003Cp\u003EDestac\u00f3 los retos y oportunidades que se presentan en este nuevo contexto, y reafirm\u00f3 su compromiso de trabajar en estrecha colaboraci\u00f3n con los estudiantes, docentes, personal administrativo y la comunidad en general para fortalecer la oferta acad\u00e9mica y posicionar a la Facultad de Deportes Ensenada como un referente en la regi\u00f3n.\u003C\/p\u003E\n\n\u003Cp\u003ECabe destacar que el nuevo director provisional fung\u00eda como subdirector de la unidad acad\u00e9mica desde el 6 de noviembre del 2023. Asimismo, tiene 13 a\u00f1os como profesor de tiempo completo, ha sido coordinador en las \u00e1reas de Extensi\u00f3n y Vinculaci\u00f3n e Investigaci\u00f3n y Posgrado; adem\u00e1s es integrante del Cuerpo Acad\u00e9mico en consolidaci\u00f3n Ejercicio F\u00edsico y Salud. Cuenta con reconocimiento del Programa para el Desarrollo Profesional Docente (Prodep) desde 2013 y a partir de 2020 es miembro del Sistema Nacional de Investigadores nivel 1.\u003C\/p\u003E\n\n\u003Cp\u003EDurante la ceremonia se cont\u00f3 con la presencia de la vicerrectora del Campus Ensenada, doctora Lus Mercedes L\u00f3pez Acu\u00f1a; del doctor David \u00c1lvarez Garc\u00eda, titular de la Oficina del Abogado General de la UABC; directores y directoras de las unidades acad\u00e9micas; titulares de los departamentos de Vicerrector\u00eda, as\u00ed como comunidad universitaria de la Facultad de Deportes.\u003C\/p\u003E\n\n\u003Cp\u003E\u00a0\u003C\/p\u003E\n\u003Cimg alt=\u0022IR\u0022 data-entity-type=\u0022file\u0022 data-entity-uuid=\u002212279eee-695c-4f96-9423-b31f2a44c9c1\u0022 src=\u0022\/sites\/default\/files\/inline-images\/DSC_0132_0.JPG\u0022 class=\u0022align-center\u0022 width=\u00226000\u0022 height=\u00224000\u0022 loading=\u0022lazy\u0022 \/\u003E\u003Cp\u003E\u00a0\u003C\/p\u003E\u003C\/div\u003E\n      \n  \n\n    \n            \u003Cdiv  class=\u0022palabras-clave\u0022\u003E\n                        \u003Ca href=\u0022\/tags\/toma-de-protesta\u0022 hreflang=\u0022es\u0022\u003EToma de protesta\u003C\/a\u003E\n                \u003Ca href=\u0022\/tags\/director-provisional\u0022 hreflang=\u0022es\u0022\u003EDirector provisional\u003C\/a\u003E\n                \u003Ca href=\u0022\/tags\/facultad-de-deportes\u0022 hreflang=\u0022es\u0022\u003EFacultad de Deportes\u003C\/a\u003E\n      \n      \u003C\/div\u003E\n  \n\n\n  \u003C\/div\u003E\n\n  \u003C\/div\u003E\n\n  \u003Cdiv class=\u0022area-extras group-right\u0022\u003E\n        \n                          \u003Cdiv  class=\u0022enlace-blockBottom\u0022 \u003E\n      \u003Cdiv\u003EVer m\u00e1s \u003Ca href=\u0022http:\/\/gaceta.uabc.mx\/notas\u0022\u003ENotas\u003C\/a\u003E\u003C\/div\u003E\n\u003C\/div\u003E\n      \n  \n\n\n  \u003C\/div\u003E\n\n\u003C\/div\u003E\n\n","settings":null}]