[{"command":"settings","settings":{"pluralDelimiter":"\u0003","suppressDeprecationErrors":true,"ajaxPageState":{"libraries":"core\/drupal.ajax,core\/picturefill,ds\/ds_3col_equal_width","theme":"gaceta","theme_token":null},"ajaxTrustedUrl":[],"field_group":{"html_element":{"mode":"media_expanded","context":"view","settings":{"classes":"datos","show_empty_fields":false,"id":"","element":"div","show_label":false,"label_element":"h3","label_element_classes":"","attributes":"","effect":"none","speed":"fast"}}},"user":{"uid":0,"permissionsHash":"55dc977d165ab1e05e51b6cc6487f6d73e65ab536d99ee82c6990d9001d5c21c"}},"merge":true},{"command":"add_css","data":"\u003Clink rel=\u0022stylesheet\u0022 media=\u0022all\u0022 href=\u0022\/sites\/default\/files\/css\/css_mxJrjoKKAZuuB4_4f-B1u9VnFZxvSor3Az4JEdrFEso.css\u0022 \/\u003E\n\u003Clink rel=\u0022stylesheet\u0022 media=\u0022all\u0022 href=\u0022\/sites\/default\/files\/css\/css_-BXSGQpS8YTwwuXGbPoshUvZ7W-_HbYR3H7d0DA_mEY.css\u0022 \/\u003E\n\u003Clink rel=\u0022stylesheet\u0022 media=\u0022all\u0022 href=\u0022\/sites\/default\/files\/css\/css_89YreTu0npezhXSakRJR9TVHyBS9bTcyt0s3IckAe-M.css\u0022 \/\u003E\n"},{"command":"add_js","selector":"body","data":[{"src":"\/sites\/default\/files\/js\/js_9UaAhXvc9u0KYXXUw-OKyLP2baQxdV4zY3Y_KGurcvY.js"},{"src":"\/sites\/default\/files\/js\/js_oDJxUBLBzfRb_FDgNfkNOm9-tiatS2kNfxQIeVRZA7Y.js"},{"src":"\/sites\/default\/files\/js\/js_YM82KRuzNIr2X-Kb8pQW8cOcSbWgQ_QGKclTYJ_aMlI.js"},{"src":"\/sites\/default\/files\/js\/js_pqqsPPmPmxKgamY6qk_WSawtL05XH_yAY8GkPHVyahI.js"}]},{"command":"insert","method":"replaceWith","selector":".view-mode-full","data":"\u003Cdiv data-history-node-id=\u00222283\u0022 class=\u0022contenido view-mode-media_expanded ds-3col-equal clearfix\u0022\u003E\n\n  \n\n  \u003Cdiv class=\u0022area-medios group-left\u0022\u003E\n        \n                          \u003Cdiv  class=\u0022imagen\u0022 \u003E\n          \u003Cpicture\u003E\n                  \u003Csource srcset=\u0022\/sites\/default\/files\/styles\/max_650x650\/public\/2018-02\/Designan%20nueva%20Jefa%20de%20Departamento%20de%20Auditoria%20Interna.webp?itok=am17Fu-h 650w, \/sites\/default\/files\/styles\/max_1300x1300\/public\/2018-02\/Designan%20nueva%20Jefa%20de%20Departamento%20de%20Auditoria%20Interna.webp?itok=-5_Ghfu2 1300w, \/sites\/default\/files\/styles\/max_1900x1900\/public\/2018-02\/Designan%20nueva%20Jefa%20de%20Departamento%20de%20Auditoria%20Interna.webp?itok=0X0EjXLe 1500w\u0022 type=\u0022image\/webp\u0022 sizes=\u0022100vw\u0022\/\u003E\n              \u003Csource srcset=\u0022\/sites\/default\/files\/styles\/max_650x650\/public\/2018-02\/Designan%20nueva%20Jefa%20de%20Departamento%20de%20Auditoria%20Interna.jpg?itok=am17Fu-h 650w, \/sites\/default\/files\/styles\/max_1300x1300\/public\/2018-02\/Designan%20nueva%20Jefa%20de%20Departamento%20de%20Auditoria%20Interna.jpg?itok=-5_Ghfu2 1300w, \/sites\/default\/files\/styles\/max_1900x1900\/public\/2018-02\/Designan%20nueva%20Jefa%20de%20Departamento%20de%20Auditoria%20Interna.jpg?itok=0X0EjXLe 1500w\u0022 type=\u0022image\/jpeg\u0022 sizes=\u0022100vw\u0022\/\u003E\n                  \u003Cimg srcset=\u0022\/sites\/default\/files\/styles\/max_650x650\/public\/2018-02\/Designan%20nueva%20Jefa%20de%20Departamento%20de%20Auditoria%20Interna.jpg?itok=am17Fu-h 650w, \/sites\/default\/files\/styles\/max_1300x1300\/public\/2018-02\/Designan%20nueva%20Jefa%20de%20Departamento%20de%20Auditoria%20Interna.jpg?itok=-5_Ghfu2 1300w, \/sites\/default\/files\/styles\/max_1900x1900\/public\/2018-02\/Designan%20nueva%20Jefa%20de%20Departamento%20de%20Auditoria%20Interna.jpg?itok=0X0EjXLe 1500w\u0022 sizes=\u0022100vw\u0022 src=\u0022\/sites\/default\/files\/styles\/max_1300x1300\/public\/2018-02\/Designan%20nueva%20Jefa%20de%20Departamento%20de%20Auditoria%20Interna.jpg?itok=-5_Ghfu2\u0022 alt=\u0022Designaci\u00f3n_Toma de Protesta_Jefa de Departameto_Auditor\u00eda Interna_Yandira Concepci\u00f3n Mart\u00ednez Garc\u00eda\u0022 typeof=\u0022foaf:Image\u0022 class=\u0022img-fluid\u0022 \/\u003E\n\n  \u003C\/picture\u003E\n\n\u003C\/div\u003E\n      \n  \n\n      \u003Cdiv  class=\u0022boton-expander\u0022\u003E\n        \n                  \u003Cdiv class=\u0022item-list\u0022\u003E\u003Cul\u003E\u003Cli\u003E\u003Ca href=\u0022\/ds-switch-view-mode\/node\/2283\/media_collapsed?selector=view-mode-media_expanded\u0022 class=\u0022use-ajax\u0022\u003E\u2191\u003C\/a\u003E\u003C\/li\u003E\u003C\/ul\u003E\u003C\/div\u003E\n      \n  \n    \u003C\/div\u003E\n\n\n  \u003C\/div\u003E\n\n  \u003Cdiv class=\u0022area-info group-middle\u0022\u003E\n    \n\u003Cdiv  class=\u0022inner\u0022\u003E\n          \n                          \u003Ch2  class=\u0022titulo\u0022 \u003E\n        Designan nueva Jefa de Departamento de Auditoria Interna\n\u003C\/h2\u003E\n      \n  \n\n    \n                          \u003Cdiv  class=\u0022resumen\u0022 \u003E\n      La licenciada Yandira Concepci\u00f3n Mart\u00ednez Garc\u00eda asumi\u00f3 el cargo.\u003C\/div\u003E\n      \n  \n\n\n\u003Cdiv  class=\u0022datos\u0022\u003E\n            \u003Cdiv  class=\u0022autor\u0022\u003E\n            \u003Cdiv  class=\u0022field-label-inline\u0022\u003EPor\u003C\/div\u003E\n  \n                  \u003Ca href=\u0022\/autores\/nikole-garcia-mares\u0022 hreflang=\u0022es\u0022\u003ENikole Garc\u00eda Mares\u003C\/a\u003E\n      \n  \n    \u003C\/div\u003E\n\n      \u003Cdiv  class=\u0022campus\u0022\u003E\n            \u003Cdiv  class=\u0022field-label-inline\u0022\u003ECampus\u003C\/div\u003E\n  \n                  \u003Ca href=\u0022\/campus\/tijuana\u0022 hreflang=\u0022es\u0022\u003ETijuana\u003C\/a\u003E\n      \n  \n    \u003C\/div\u003E\n\n    \n                          \u003Cdiv  class=\u0022fecha\u0022 \u003E\n      20 de Febrero de 2018\u003C\/div\u003E\n      \n  \n\n\n  \u003C\/div\u003E\n    \n                          \u003Cdiv  class=\u0022texto\u0022 \u003E\n      \u003Cp\u003ESe llev\u00f3 a cabo la toma de protesta de la licenciada Yandira Concepci\u00f3n Mart\u00ednez Garc\u00eda como Jefa del Departamento de Auditoria Interna del Campus Tijuana, quien entrar\u00e1 en funciones a partir del 5 de marzo del presente a\u00f1o. \u003C\/p\u003E\n\n\u003Cp\u003ELa lectura del documento estuvo a cargo de la doctora Mar\u00eda Eugenia P\u00e9rez Morales, Vicerrectora del Campus Tijuana, quien reconoci\u00f3 la trayectoria de la nueva funcionaria y le extern\u00f3 su confianza en que sabr\u00e1 desempe\u00f1arse exitosamente en su nueva encomienda.\u003C\/p\u003E\n\n\u003Cp\u003EEn el evento se cont\u00f3 con la presencia de la maestra Ana Ma. Guillen Jim\u00e9nez, Auditora Interna de la UABC; as\u00ed como del equipo de trabajo del Departamento que encabezar\u00e1 la licenciada Mart\u00ednez Garc\u00eda.\u003C\/p\u003E\u003C\/div\u003E\n      \n  \n\n    \n            \u003Cdiv  class=\u0022palabras-clave\u0022\u003E\n                        \u003Ca href=\u0022\/tags\/designacion\u0022 hreflang=\u0022es\u0022\u003EDesignaci\u00f3n\u003C\/a\u003E\n                \u003Ca href=\u0022\/tags\/toma-de-protesta\u0022 hreflang=\u0022es\u0022\u003EToma de protesta\u003C\/a\u003E\n                \u003Ca href=\u0022\/tags\/jefa-de-departameto\u0022 hreflang=\u0022es\u0022\u003EJefa de Departameto\u003C\/a\u003E\n                \u003Ca href=\u0022\/tags\/auditoria-interna\u0022 hreflang=\u0022es\u0022\u003EAuditor\u00eda Interna\u003C\/a\u003E\n                \u003Ca href=\u0022\/tags\/yandira-concepcion-martinez-garcia\u0022 hreflang=\u0022es\u0022\u003EYandira Concepci\u00f3n Mart\u00ednez Garc\u00eda\u003C\/a\u003E\n      \n      \u003C\/div\u003E\n  \n\n\n  \u003C\/div\u003E\n\n  \u003C\/div\u003E\n\n  \u003Cdiv class=\u0022area-extras group-right\u0022\u003E\n        \n                          \u003Cdiv  class=\u0022enlace-blockBottom\u0022 \u003E\n      \u003Cdiv\u003EVer m\u00e1s \u003Ca href=\u0022http:\/\/gaceta.uabc.mx\/notas\u0022\u003ENotas\u003C\/a\u003E\u003C\/div\u003E\n\u003C\/div\u003E\n      \n  \n\n\n  \u003C\/div\u003E\n\n\u003C\/div\u003E\n\n","settings":null}]