[{"command":"settings","settings":{"pluralDelimiter":"\u0003","suppressDeprecationErrors":true,"ajaxPageState":{"libraries":"core\/drupal.ajax,core\/picturefill,ds\/ds_3col_equal_width","theme":"gaceta","theme_token":null},"ajaxTrustedUrl":[],"field_group":{"html_element":{"mode":"media_expanded","context":"view","settings":{"classes":"datos","show_empty_fields":false,"id":"","element":"div","show_label":false,"label_element":"h3","label_element_classes":"","attributes":"","effect":"none","speed":"fast"}}},"user":{"uid":0,"permissionsHash":"55dc977d165ab1e05e51b6cc6487f6d73e65ab536d99ee82c6990d9001d5c21c"}},"merge":true},{"command":"add_css","data":"\u003Clink rel=\u0022stylesheet\u0022 media=\u0022all\u0022 href=\u0022\/sites\/default\/files\/css\/css_mxJrjoKKAZuuB4_4f-B1u9VnFZxvSor3Az4JEdrFEso.css\u0022 \/\u003E\n\u003Clink rel=\u0022stylesheet\u0022 media=\u0022all\u0022 href=\u0022\/sites\/default\/files\/css\/css_-BXSGQpS8YTwwuXGbPoshUvZ7W-_HbYR3H7d0DA_mEY.css\u0022 \/\u003E\n\u003Clink rel=\u0022stylesheet\u0022 media=\u0022all\u0022 href=\u0022\/sites\/default\/files\/css\/css_89YreTu0npezhXSakRJR9TVHyBS9bTcyt0s3IckAe-M.css\u0022 \/\u003E\n"},{"command":"add_js","selector":"body","data":[{"src":"\/sites\/default\/files\/js\/js_9UaAhXvc9u0KYXXUw-OKyLP2baQxdV4zY3Y_KGurcvY.js"},{"src":"\/sites\/default\/files\/js\/js_oDJxUBLBzfRb_FDgNfkNOm9-tiatS2kNfxQIeVRZA7Y.js"},{"src":"\/sites\/default\/files\/js\/js_YM82KRuzNIr2X-Kb8pQW8cOcSbWgQ_QGKclTYJ_aMlI.js"},{"src":"\/sites\/default\/files\/js\/js_pqqsPPmPmxKgamY6qk_WSawtL05XH_yAY8GkPHVyahI.js"}]},{"command":"insert","method":"replaceWith","selector":".view-mode-full","data":"\u003Cdiv data-history-node-id=\u00222284\u0022 class=\u0022contenido view-mode-media_expanded ds-3col-equal clearfix\u0022\u003E\n\n  \n\n  \u003Cdiv class=\u0022area-medios group-left\u0022\u003E\n        \n                          \u003Cdiv  class=\u0022imagen\u0022 \u003E\n          \u003Cpicture\u003E\n                  \u003Csource srcset=\u0022\/sites\/default\/files\/styles\/max_650x650\/public\/2018-02\/Fortalece%20UABC%20esquema%20de%20transparencia01.webp?itok=feXhlphm 650w, \/sites\/default\/files\/styles\/max_1300x1300\/public\/2018-02\/Fortalece%20UABC%20esquema%20de%20transparencia01.webp?itok=rUh_uO4j 1300w, \/sites\/default\/files\/styles\/max_1900x1900\/public\/2018-02\/Fortalece%20UABC%20esquema%20de%20transparencia01.webp?itok=udZ3zW7X 1593w\u0022 type=\u0022image\/webp\u0022 sizes=\u0022100vw\u0022\/\u003E\n              \u003Csource srcset=\u0022\/sites\/default\/files\/styles\/max_650x650\/public\/2018-02\/Fortalece%20UABC%20esquema%20de%20transparencia01.jpg?itok=feXhlphm 650w, \/sites\/default\/files\/styles\/max_1300x1300\/public\/2018-02\/Fortalece%20UABC%20esquema%20de%20transparencia01.jpg?itok=rUh_uO4j 1300w, \/sites\/default\/files\/styles\/max_1900x1900\/public\/2018-02\/Fortalece%20UABC%20esquema%20de%20transparencia01.jpg?itok=udZ3zW7X 1593w\u0022 type=\u0022image\/jpeg\u0022 sizes=\u0022100vw\u0022\/\u003E\n                  \u003Cimg srcset=\u0022\/sites\/default\/files\/styles\/max_650x650\/public\/2018-02\/Fortalece%20UABC%20esquema%20de%20transparencia01.jpg?itok=feXhlphm 650w, \/sites\/default\/files\/styles\/max_1300x1300\/public\/2018-02\/Fortalece%20UABC%20esquema%20de%20transparencia01.jpg?itok=rUh_uO4j 1300w, \/sites\/default\/files\/styles\/max_1900x1900\/public\/2018-02\/Fortalece%20UABC%20esquema%20de%20transparencia01.jpg?itok=udZ3zW7X 1593w\u0022 sizes=\u0022100vw\u0022 src=\u0022\/sites\/default\/files\/styles\/max_1300x1300\/public\/2018-02\/Fortalece%20UABC%20esquema%20de%20transparencia01.jpg?itok=rUh_uO4j\u0022 alt=\u0022Curso_Capacitaci\u00f3n_Administraci\u00f3n_Documentos_Control_Manejo_Archivo\u0022 typeof=\u0022foaf:Image\u0022 class=\u0022img-fluid\u0022 \/\u003E\n\n  \u003C\/picture\u003E\n\n\u003C\/div\u003E\n      \n  \n\n      \u003Cdiv  class=\u0022boton-expander\u0022\u003E\n        \n                  \u003Cdiv class=\u0022item-list\u0022\u003E\u003Cul\u003E\u003Cli\u003E\u003Ca href=\u0022\/ds-switch-view-mode\/node\/2284\/media_collapsed?selector=view-mode-media_expanded\u0022 class=\u0022use-ajax\u0022\u003E\u2191\u003C\/a\u003E\u003C\/li\u003E\u003C\/ul\u003E\u003C\/div\u003E\n      \n  \n    \u003C\/div\u003E\n\n\n  \u003C\/div\u003E\n\n  \u003Cdiv class=\u0022area-info group-middle\u0022\u003E\n    \n\u003Cdiv  class=\u0022inner\u0022\u003E\n          \n                          \u003Ch2  class=\u0022titulo\u0022 \u003E\n        Fortalece UABC esquema de transparencia\n\u003C\/h2\u003E\n      \n  \n\n    \n                          \u003Cdiv  class=\u0022resumen\u0022 \u003E\n      Imparten capacitaci\u00f3n al personal administrativo encargado de la administraci\u00f3n de documentos.\u003C\/div\u003E\n      \n  \n\n\n\u003Cdiv  class=\u0022datos\u0022\u003E\n            \u003Cdiv  class=\u0022autor\u0022\u003E\n            \u003Cdiv  class=\u0022field-label-inline\u0022\u003EPor\u003C\/div\u003E\n  \n                  \u003Ca href=\u0022\/autores\/norma-angelica-gomez-bravo\u0022 hreflang=\u0022es\u0022\u003ENorma Ang\u00e9lica G\u00f3mez Bravo\u003C\/a\u003E\n      \n  \n    \u003C\/div\u003E\n\n      \u003Cdiv  class=\u0022campus\u0022\u003E\n            \u003Cdiv  class=\u0022field-label-inline\u0022\u003ECampus\u003C\/div\u003E\n  \n                  \u003Ca href=\u0022\/campus\/uabc\u0022 hreflang=\u0022es\u0022\u003EUABC\u003C\/a\u003E\n      \n  \n    \u003C\/div\u003E\n\n    \n                          \u003Cdiv  class=\u0022fecha\u0022 \u003E\n      20 de Febrero de 2018\u003C\/div\u003E\n      \n  \n\n\n  \u003C\/div\u003E\n    \n                          \u003Cdiv  class=\u0022texto\u0022 \u003E\n      \u003Cp\u003EPara dar seguimiento al tema del adecuado\u00a0control y manejo de archivos,\u00a0la Universidad Aut\u00f3noma de Baja California (UABC), a trav\u00e9s de la Secretar\u00eda de Transparencia y Acceso a la Informaci\u00f3n P\u00fablica, imparti\u00f3 un curso de capacitaci\u00f3n al personal administrativo de Rector\u00eda encargado de la administraci\u00f3n de los documentos en cada dependencia.\u003C\/p\u003E\n\n\u003Cp\u003ELa maestra Olga Minerva Castro Luque, titular de la Secretar\u00eda de Transparencia, indic\u00f3 que al contar con una eficaz gesti\u00f3n o control documental, se podr\u00e1 proporcionar eficientemente la informaci\u00f3n que sea solicitada por los ciudadanos. \u201cEs fundamental que administremos la vida de los documentos para que podamos localizarlos r\u00e1pidamente, adem\u00e1s que influye en la vida hist\u00f3rica de la Universidad\u201d, expres\u00f3.\u003C\/p\u003E\n\n\u003Cp\u003EEl instructor del curso fue el licenciado Narciso Flores Romero, Jefe del Departamento de Gesti\u00f3n Documental y Protecci\u00f3n de Datos Personales de la Secretar\u00eda de Transparencia y los temas que se abordaron fueron: ciclo de vida de los archivos; cuadro general de clasificaci\u00f3n archiv\u00edstica; gu\u00eda para clasificar y ordenar; inventario de documentos\u00a0y gu\u00eda pr\u00e1ctica para archivar.\u003C\/p\u003E\n\n\u003Cp\u003ELa Secretaria se\u00f1al\u00f3 que la UABC tiene reconocimiento como referente nacional en el tema de transparencia, por lo que el Rector, doctor Juan Manuel Ocegueda Hern\u00e1ndez, ha instruido para que la Secretar\u00eda a su cargo atienda puntualmente las disposiciones de los Sistemas Nacionales de Anticorrupci\u00f3n, Transparencia y Archivos.\u003C\/p\u003E\n\n\u003Cp\u003E\u201cEl Senado de la Rep\u00fablica ya aprob\u00f3 la Ley General de Archivos que est\u00e1 en la C\u00e1mara de Diputados y en un par de meses la tendremos a nivel nacional, entonces el Rector nos ha pedido estar unos pasos adelante para que cualquier modificaci\u00f3n que se d\u00e9, no nos tome por sorpresa; por lo tanto buscamos fortalecer el esquema de transparencia\u201d, indic\u00f3 la maestra Castro Luque.\u003C\/p\u003E\n\n\u003Cp\u003EEn la misma capacitaci\u00f3n impartieron de manera introductoria el tema de protecci\u00f3n de datos personales, ya que en el segundo semestre del a\u00f1o pasado se emiti\u00f3 la Ley de Protecci\u00f3n de Datos Personales para las autoridades de Baja California, \u201cA pesar de que la UABC es muy cuidadosa de los datos personales de su comunidad, debemos darle la forma de la Ley\u201d.\u003C\/p\u003E\n\n\u003Cp\u003EFinalmente, la Secretaria de Transparencia de la UABC invit\u00f3 a toda la comunidad universitaria a unirse al proyecto de cultura de la legalidad establecida en la M\u00e1xima Casa de Estudios para conocer sus derechos y obligaciones.\u00a0\u003C\/p\u003E\n\n\u003Cp\u003ECabe mencionar que el a\u00f1o pasado, la UABC particip\u00f3 y fue sede para un taller sobre esta tem\u00e1tica\u00a0que se ofreci\u00f3 al personal responsable de las \u00e1reas de transparencia de todos los sujetos obligados en Baja California, junto con el Instituto de Transparencia y Acceso a la Informaci\u00f3n P\u00fablica de Baja California (Itaipbc).\u003C\/p\u003E\u003C\/div\u003E\n      \n  \n\n    \n            \u003Cdiv  class=\u0022palabras-clave\u0022\u003E\n                        \u003Ca href=\u0022\/tags\/curso\u0022 hreflang=\u0022es\u0022\u003ECurso\u003C\/a\u003E\n                \u003Ca href=\u0022\/tags\/capacitacion\u0022 hreflang=\u0022es\u0022\u003ECapacitaci\u00f3n\u003C\/a\u003E\n                \u003Ca href=\u0022\/tags\/administracion\u0022 hreflang=\u0022es\u0022\u003EAdministraci\u00f3n\u003C\/a\u003E\n                \u003Ca href=\u0022\/tags\/documentos\u0022 hreflang=\u0022es\u0022\u003EDocumentos\u003C\/a\u003E\n                \u003Ca href=\u0022\/tags\/control\u0022 hreflang=\u0022es\u0022\u003EControl\u003C\/a\u003E\n                \u003Ca href=\u0022\/tags\/manejo\u0022 hreflang=\u0022es\u0022\u003EManejo\u003C\/a\u003E\n                \u003Ca href=\u0022\/tags\/archivo\u0022 hreflang=\u0022es\u0022\u003EArchivo\u003C\/a\u003E\n      \n      \u003C\/div\u003E\n  \n\n\n  \u003C\/div\u003E\n\n  \u003C\/div\u003E\n\n  \u003Cdiv class=\u0022area-extras group-right\u0022\u003E\n        \n                          \u003Cdiv  class=\u0022enlace-blockBottom\u0022 \u003E\n      \u003Cdiv\u003EVer m\u00e1s \u003Ca href=\u0022http:\/\/gaceta.uabc.mx\/notas\u0022\u003ENotas\u003C\/a\u003E\u003C\/div\u003E\n\u003C\/div\u003E\n      \n  \n\n\n  \u003C\/div\u003E\n\n\u003C\/div\u003E\n\n","settings":null}]