[{"command":"settings","settings":{"pluralDelimiter":"\u0003","suppressDeprecationErrors":true,"ajaxPageState":{"libraries":"core\/drupal.ajax,core\/picturefill,ds\/ds_3col_equal_width","theme":"gaceta","theme_token":null},"ajaxTrustedUrl":[],"field_group":{"html_element":{"mode":"media_expanded","context":"view","settings":{"classes":"datos","show_empty_fields":false,"id":"","element":"div","show_label":false,"label_element":"h3","label_element_classes":"","attributes":"","effect":"none","speed":"fast"}}},"user":{"uid":0,"permissionsHash":"55dc977d165ab1e05e51b6cc6487f6d73e65ab536d99ee82c6990d9001d5c21c"}},"merge":true},{"command":"add_css","data":"\u003Clink rel=\u0022stylesheet\u0022 media=\u0022all\u0022 href=\u0022\/sites\/default\/files\/css\/css_mxJrjoKKAZuuB4_4f-B1u9VnFZxvSor3Az4JEdrFEso.css\u0022 \/\u003E\n\u003Clink rel=\u0022stylesheet\u0022 media=\u0022all\u0022 href=\u0022\/sites\/default\/files\/css\/css_-BXSGQpS8YTwwuXGbPoshUvZ7W-_HbYR3H7d0DA_mEY.css\u0022 \/\u003E\n\u003Clink rel=\u0022stylesheet\u0022 media=\u0022all\u0022 href=\u0022\/sites\/default\/files\/css\/css_89YreTu0npezhXSakRJR9TVHyBS9bTcyt0s3IckAe-M.css\u0022 \/\u003E\n"},{"command":"add_js","selector":"body","data":[{"src":"\/sites\/default\/files\/js\/js_9UaAhXvc9u0KYXXUw-OKyLP2baQxdV4zY3Y_KGurcvY.js"},{"src":"\/sites\/default\/files\/js\/js_oDJxUBLBzfRb_FDgNfkNOm9-tiatS2kNfxQIeVRZA7Y.js"},{"src":"\/sites\/default\/files\/js\/js_YM82KRuzNIr2X-Kb8pQW8cOcSbWgQ_QGKclTYJ_aMlI.js"},{"src":"\/sites\/default\/files\/js\/js_pqqsPPmPmxKgamY6qk_WSawtL05XH_yAY8GkPHVyahI.js"}]},{"command":"insert","method":"replaceWith","selector":".view-mode-full","data":"\u003Cdiv data-history-node-id=\u002223386\u0022 class=\u0022contenido view-mode-media_expanded ds-3col-equal clearfix\u0022\u003E\n\n  \n\n  \u003Cdiv class=\u0022area-medios group-left\u0022\u003E\n        \n                          \u003Cdiv  class=\u0022imagen\u0022 \u003E\n          \u003Cpicture\u003E\n                  \u003Csource srcset=\u0022\/sites\/default\/files\/styles\/max_650x650\/public\/notas\/2025-06-11\/2K6A3416%20%281%29.webp?itok=3zICMMCG 650w, \/sites\/default\/files\/styles\/max_1300x1300\/public\/notas\/2025-06-11\/2K6A3416%20%281%29.webp?itok=_HWzL6SV 1300w, \/sites\/default\/files\/styles\/max_1900x1900\/public\/notas\/2025-06-11\/2K6A3416%20%281%29.webp?itok=RnC4ceI9 1900w\u0022 type=\u0022image\/webp\u0022 sizes=\u0022100vw\u0022\/\u003E\n              \u003Csource srcset=\u0022\/sites\/default\/files\/styles\/max_650x650\/public\/notas\/2025-06-11\/2K6A3416%20%281%29.jpg?itok=3zICMMCG 650w, \/sites\/default\/files\/styles\/max_1300x1300\/public\/notas\/2025-06-11\/2K6A3416%20%281%29.jpg?itok=_HWzL6SV 1300w, \/sites\/default\/files\/styles\/max_1900x1900\/public\/notas\/2025-06-11\/2K6A3416%20%281%29.jpg?itok=RnC4ceI9 1900w\u0022 type=\u0022image\/jpeg\u0022 sizes=\u0022100vw\u0022\/\u003E\n                  \u003Cimg srcset=\u0022\/sites\/default\/files\/styles\/max_650x650\/public\/notas\/2025-06-11\/2K6A3416%20%281%29.jpg?itok=3zICMMCG 650w, \/sites\/default\/files\/styles\/max_1300x1300\/public\/notas\/2025-06-11\/2K6A3416%20%281%29.jpg?itok=_HWzL6SV 1300w, \/sites\/default\/files\/styles\/max_1900x1900\/public\/notas\/2025-06-11\/2K6A3416%20%281%29.jpg?itok=RnC4ceI9 1900w\u0022 sizes=\u0022100vw\u0022 src=\u0022\/sites\/default\/files\/styles\/max_1300x1300\/public\/notas\/2025-06-11\/2K6A3416%20%281%29.jpg?itok=_HWzL6SV\u0022 alt=\u0022doctor Jes\u00fas Adolfo Soto Curiel, vicerrector del Campus Mexicali de la UABC, y la maestra Mar\u00eda de los \u00c1ngeles Murillo Flores, representante legal de COTUCO\u0022 typeof=\u0022foaf:Image\u0022 class=\u0022img-fluid\u0022 \/\u003E\n\n  \u003C\/picture\u003E\n\n\u003C\/div\u003E\n      \n  \n\n      \u003Cdiv  class=\u0022boton-expander\u0022\u003E\n        \n                  \u003Cdiv class=\u0022item-list\u0022\u003E\u003Cul\u003E\u003Cli\u003E\u003Ca href=\u0022\/ds-switch-view-mode\/node\/23386\/media_collapsed?selector=view-mode-media_expanded\u0022 class=\u0022use-ajax\u0022\u003E\u2191\u003C\/a\u003E\u003C\/li\u003E\u003C\/ul\u003E\u003C\/div\u003E\n      \n  \n    \u003C\/div\u003E\n\n\n  \u003C\/div\u003E\n\n  \u003Cdiv class=\u0022area-info group-middle\u0022\u003E\n    \n\u003Cdiv  class=\u0022inner\u0022\u003E\n          \n                          \u003Ch2  class=\u0022titulo\u0022 \u003E\n        UABC y COTUCO firmaron convenio de colaboraci\u00f3n\n\u003C\/h2\u003E\n      \n  \n\n    \n                          \u003Cdiv  class=\u0022resumen\u0022 \u003E\n      La Universidad Aut\u00f3noma de Baja California y el Comit\u00e9 de Turismo y Convenciones de Mexicali formalizan una alianza que permitir\u00e1 implementar proyectos conjuntos en \u00e1reas educativas, culturales, cient\u00edficas y de promoci\u00f3n tur\u00edstica\u003C\/div\u003E\n      \n  \n\n\n\u003Cdiv  class=\u0022datos\u0022\u003E\n            \u003Cdiv  class=\u0022autor\u0022\u003E\n            \u003Cdiv  class=\u0022field-label-inline\u0022\u003EPor\u003C\/div\u003E\n  \n                  \u003Ca href=\u0022\/autores\/andrea-ruiz-laureano-0\u0022 hreflang=\u0022es\u0022\u003EAndrea Ruiz Laureano \u003C\/a\u003E\n      \n  \n    \u003C\/div\u003E\n\n      \u003Cdiv  class=\u0022campus\u0022\u003E\n            \u003Cdiv  class=\u0022field-label-inline\u0022\u003ECampus\u003C\/div\u003E\n  \n                  \u003Ca href=\u0022\/campus\/mexicali\u0022 hreflang=\u0022es\u0022\u003EMexicali\u003C\/a\u003E\n      \n  \n    \u003C\/div\u003E\n\n    \n                          \u003Cdiv  class=\u0022fecha\u0022 \u003E\n      12 de Junio de 2025\u003C\/div\u003E\n      \n  \n\n\n  \u003C\/div\u003E\n    \n                          \u003Cdiv  class=\u0022texto\u0022 \u003E\n      \u003Cp\u003ELa Universidad Aut\u00f3noma de Baja California (UABC), a trav\u00e9s de la Vicerrector\u00eda del Campus Mexicali, firm\u00f3 un Convenio \u00danico de Vinculaci\u00f3n con el Comit\u00e9 de Turismo y Convenciones de Mexicali (Cotuco), con el prop\u00f3sito de establecer una colaboraci\u00f3n estrat\u00e9gica orientada a la formaci\u00f3n acad\u00e9mica, la investigaci\u00f3n aplicada, la innovaci\u00f3n tecnol\u00f3gica y la promoci\u00f3n del turismo local.\u003C\/p\u003E\n\n\u003Cp\u003EEl convenio fue firmado por el doctor Jes\u00fas Adolfo Soto Curiel, vicerrector del Campus Mexicali de la UABC, y la maestra Mar\u00eda de los \u00c1ngeles Murillo Flores, representante legal de Cotuco. En el acto estuvieron presentes la maestra Mariana Ya\u00f1ez Ruiz, jefa del Departamento de Apoyo a la Extensi\u00f3n de la Cultura y la Vinculaci\u00f3n; la licenciada Patricia Hern\u00e1ndez Mota, gerente de Promoci\u00f3n e Informaci\u00f3n de Cotuco; y la doctora Paolina Pe\u00f1a Fr\u00edas, gerente de Relaciones P\u00fablicas de dicho organismo.\u003C\/p\u003E\n\n\u003Cp\u003EEste acuerdo de colaboraci\u00f3n tendr\u00e1 una vigencia de cinco a\u00f1os y contempla el dise\u00f1o y ejecuci\u00f3n de programas espec\u00edficos que involucren a diversas unidades acad\u00e9micas de la UABC, permitiendo la realizaci\u00f3n de pr\u00e1cticas profesionales, estancias, servicio social, proyectos de investigaci\u00f3n y actividades de formaci\u00f3n continua como talleres, diplomados y seminarios, con un enfoque directo en el fortalecimiento del sector tur\u00edstico de la ciudad.\u003C\/p\u003E\n\n\u003Cp\u003EDurante su intervenci\u00f3n, la maestra Murillo Flores destac\u00f3 las experiencias previas de colaboraci\u00f3n con UABC y reconoci\u00f3 el valor de las investigaciones realizadas por sus acad\u00e9micos, particularmente en temas como turismo m\u00e9dico, asimismo, comparti\u00f3 que Mexicali fue recientemente evaluado por la Secretar\u00eda de Turismo federal como destino tur\u00edstico de calidad, alcanzando el nivel platino, el m\u00e1s alto a nivel estatal, logr\u00f3 en el que dijo la Universidad tuvo un papel clave.\u003C\/p\u003E\n\n\u003Cp\u003EPor su parte, el doctor Jes\u00fas Adolfo Soto Curiel subray\u00f3 el valor de establecer v\u00ednculos con organismos p\u00fablicos como Cotuco, que comparten el compromiso de incidir positivamente en el entorno:\u003C\/p\u003E\n\n\u003Cp\u003E\u201cLa universidad tiene como uno de sus pilares fundamentales la vinculaci\u00f3n con los sectores estrat\u00e9gicos de la sociedad. Este convenio no solo fortalece esa visi\u00f3n, sino que adem\u00e1s nos permite conectar a nuestra comunidad universitaria con las necesidades reales del entorno, generando un beneficio mutuo\u0022.\u00a0\u003C\/p\u003E\n\n\u003Cp\u003E\u00a0\u003C\/p\u003E\u003C\/div\u003E\n      \n  \n\n    \n            \u003Cdiv  class=\u0022palabras-clave\u0022\u003E\n                        \u003Ca href=\u0022\/tags\/comite-de-turismo-y-convenciones-de-mexicali\u0022 hreflang=\u0022es\u0022\u003EComit\u00e9 de Turismo y Convenciones de Mexicali\u003C\/a\u003E\n      \n      \u003C\/div\u003E\n  \n\n\n  \u003C\/div\u003E\n\n  \u003C\/div\u003E\n\n  \u003Cdiv class=\u0022area-extras group-right\u0022\u003E\n        \n                          \u003Cdiv  class=\u0022enlace-blockBottom\u0022 \u003E\n      \u003Cdiv\u003EVer m\u00e1s \u003Ca href=\u0022http:\/\/gaceta.uabc.mx\/notas\u0022\u003ENotas\u003C\/a\u003E\u003C\/div\u003E\n\u003C\/div\u003E\n      \n  \n\n\n  \u003C\/div\u003E\n\n\u003C\/div\u003E\n\n","settings":null}]