[{"command":"settings","settings":{"pluralDelimiter":"\u0003","suppressDeprecationErrors":true,"ajaxPageState":{"libraries":"core\/drupal.ajax,core\/picturefill,ds\/ds_3col_equal_width","theme":"gaceta","theme_token":null},"ajaxTrustedUrl":[],"field_group":{"html_element":{"mode":"media_expanded","context":"view","settings":{"classes":"datos","show_empty_fields":false,"id":"","element":"div","show_label":false,"label_element":"h3","label_element_classes":"","attributes":"","effect":"none","speed":"fast"}}},"user":{"uid":0,"permissionsHash":"55dc977d165ab1e05e51b6cc6487f6d73e65ab536d99ee82c6990d9001d5c21c"}},"merge":true},{"command":"add_css","data":"\u003Clink rel=\u0022stylesheet\u0022 media=\u0022all\u0022 href=\u0022\/sites\/default\/files\/css\/css_mxJrjoKKAZuuB4_4f-B1u9VnFZxvSor3Az4JEdrFEso.css\u0022 \/\u003E\n\u003Clink rel=\u0022stylesheet\u0022 media=\u0022all\u0022 href=\u0022\/sites\/default\/files\/css\/css_-BXSGQpS8YTwwuXGbPoshUvZ7W-_HbYR3H7d0DA_mEY.css\u0022 \/\u003E\n\u003Clink rel=\u0022stylesheet\u0022 media=\u0022all\u0022 href=\u0022\/sites\/default\/files\/css\/css_89YreTu0npezhXSakRJR9TVHyBS9bTcyt0s3IckAe-M.css\u0022 \/\u003E\n"},{"command":"add_js","selector":"body","data":[{"src":"\/sites\/default\/files\/js\/js_9UaAhXvc9u0KYXXUw-OKyLP2baQxdV4zY3Y_KGurcvY.js"},{"src":"\/sites\/default\/files\/js\/js_oDJxUBLBzfRb_FDgNfkNOm9-tiatS2kNfxQIeVRZA7Y.js"},{"src":"\/sites\/default\/files\/js\/js_YM82KRuzNIr2X-Kb8pQW8cOcSbWgQ_QGKclTYJ_aMlI.js"},{"src":"\/sites\/default\/files\/js\/js_pqqsPPmPmxKgamY6qk_WSawtL05XH_yAY8GkPHVyahI.js"}]},{"command":"insert","method":"replaceWith","selector":".view-mode-full","data":"\u003Cdiv data-history-node-id=\u002223975\u0022 class=\u0022contenido view-mode-media_expanded ds-3col-equal clearfix\u0022\u003E\n\n  \n\n  \u003Cdiv class=\u0022area-medios group-left\u0022\u003E\n        \n                          \u003Cdiv  class=\u0022imagen\u0022 \u003E\n          \u003Cpicture\u003E\n                  \u003Csource srcset=\u0022\/sites\/default\/files\/styles\/max_650x650\/public\/notas\/2025-11-25\/2K6A8272%20%281%29.webp?itok=E13lycko 650w, \/sites\/default\/files\/styles\/max_1300x1300\/public\/notas\/2025-11-25\/2K6A8272%20%281%29.webp?itok=Fs60UgIM 1300w, \/sites\/default\/files\/styles\/max_1900x1900\/public\/notas\/2025-11-25\/2K6A8272%20%281%29.webp?itok=eJNsxNMc 1900w\u0022 type=\u0022image\/webp\u0022 sizes=\u0022100vw\u0022\/\u003E\n              \u003Csource srcset=\u0022\/sites\/default\/files\/styles\/max_650x650\/public\/notas\/2025-11-25\/2K6A8272%20%281%29.jpg?itok=E13lycko 650w, \/sites\/default\/files\/styles\/max_1300x1300\/public\/notas\/2025-11-25\/2K6A8272%20%281%29.jpg?itok=Fs60UgIM 1300w, \/sites\/default\/files\/styles\/max_1900x1900\/public\/notas\/2025-11-25\/2K6A8272%20%281%29.jpg?itok=eJNsxNMc 1900w\u0022 type=\u0022image\/jpeg\u0022 sizes=\u0022100vw\u0022\/\u003E\n                  \u003Cimg srcset=\u0022\/sites\/default\/files\/styles\/max_650x650\/public\/notas\/2025-11-25\/2K6A8272%20%281%29.jpg?itok=E13lycko 650w, \/sites\/default\/files\/styles\/max_1300x1300\/public\/notas\/2025-11-25\/2K6A8272%20%281%29.jpg?itok=Fs60UgIM 1300w, \/sites\/default\/files\/styles\/max_1900x1900\/public\/notas\/2025-11-25\/2K6A8272%20%281%29.jpg?itok=eJNsxNMc 1900w\u0022 sizes=\u0022100vw\u0022 src=\u0022\/sites\/default\/files\/styles\/max_1300x1300\/public\/notas\/2025-11-25\/2K6A8272%20%281%29.jpg?itok=Fs60UgIM\u0022 alt=\u0022directora maestra Leticia Gabriela Rodr\u00edguez Pedraza\u0022 typeof=\u0022foaf:Image\u0022 class=\u0022img-fluid\u0022 \/\u003E\n\n  \u003C\/picture\u003E\n\n\u003C\/div\u003E\n      \n  \n\n      \u003Cdiv  class=\u0022boton-expander\u0022\u003E\n        \n                  \u003Cdiv class=\u0022item-list\u0022\u003E\u003Cul\u003E\u003Cli\u003E\u003Ca href=\u0022\/ds-switch-view-mode\/node\/23975\/media_collapsed?selector=view-mode-media_expanded\u0022 class=\u0022use-ajax\u0022\u003E\u2191\u003C\/a\u003E\u003C\/li\u003E\u003C\/ul\u003E\u003C\/div\u003E\n      \n  \n    \u003C\/div\u003E\n\n\n  \u003C\/div\u003E\n\n  \u003Cdiv class=\u0022area-info group-middle\u0022\u003E\n    \n\u003Cdiv  class=\u0022inner\u0022\u003E\n          \n                          \u003Ch2  class=\u0022titulo\u0022 \u003E\n         Presenta Facultad de Enfermer\u00eda su Segundo Informe de Actividades \n\u003C\/h2\u003E\n      \n  \n\n    \n                          \u003Cdiv  class=\u0022resumen\u0022 \u003E\n      La directora maestra Leticia Gabriela Rodr\u00edguez Pedraza destac\u00f3 avances acad\u00e9micos, de infraestructura, investigaci\u00f3n y vinculaci\u00f3n durante el periodo comprendido entre octubre de 2024 y octubre de 2025.\u003C\/div\u003E\n      \n  \n\n\n\u003Cdiv  class=\u0022datos\u0022\u003E\n            \u003Cdiv  class=\u0022autor\u0022\u003E\n            \u003Cdiv  class=\u0022field-label-inline\u0022\u003EPor\u003C\/div\u003E\n  \n                  \u003Ca href=\u0022\/autores\/andrea-ruiz-laureano\u0022 hreflang=\u0022es\u0022\u003EAndrea Ru\u00edz Laureano\u003C\/a\u003E\n      \n  \n    \u003C\/div\u003E\n\n      \u003Cdiv  class=\u0022campus\u0022\u003E\n            \u003Cdiv  class=\u0022field-label-inline\u0022\u003ECampus\u003C\/div\u003E\n  \n                  \u003Ca href=\u0022\/campus\/mexicali\u0022 hreflang=\u0022es\u0022\u003EMexicali\u003C\/a\u003E\n      \n  \n    \u003C\/div\u003E\n\n    \n                          \u003Cdiv  class=\u0022fecha\u0022 \u003E\n      25 de Noviembre de 2025\u003C\/div\u003E\n      \n  \n\n\n  \u003C\/div\u003E\n    \n                          \u003Cdiv  class=\u0022texto\u0022 \u003E\n      \u003Cp\u003ELa Facultad de Enfermer\u00eda del Campus Mexicali llev\u00f3 a cabo la presentaci\u00f3n del Segundo Informe de Actividades, Gesti\u00f3n 2023-2027, encabezado por la directora maestra Leticia Gabriela Rodr\u00edguez Pedraza, quien expuso los principales logros alcanzados durante el periodo comprendido entre octubre de 2024 y octubre de 2025 en apego al Plan de Desarrollo Institucional rectoral 2023-2027.\u003C\/p\u003E\n\n\u003Cp\u003EDurante el acto, se presentaron resultados en las cinco prioridades institucionales, destacando el fortalecimiento acad\u00e9mico y la evaluaci\u00f3n de programas educativos, la ampliaci\u00f3n del acervo bibliogr\u00e1fico, la adquisici\u00f3n de equipamiento tecnol\u00f3gico y la mejora de espacios destinados a la formaci\u00f3n profesional de estudiantes de Enfermer\u00eda y Fisioterapia.\u003C\/p\u003E\n\n\u003Cp\u003ELa directora inform\u00f3 que, gracias a diversas inversiones, se realizaron acciones de modernizaci\u00f3n en aulas, laboratorios, sistemas de climatizaci\u00f3n, infraestructura deportiva y \u00e1reas verdes, as\u00ed como la impermeabilizaci\u00f3n y rehabilitaci\u00f3n de edificios, con una inversi\u00f3n superior a 3.9 millones de pesos.\u003C\/p\u003E\n\n\u003Cp\u003EEn materia de investigaci\u00f3n, se resalt\u00f3 la participaci\u00f3n de profesoras y estudiantes en congresos nacionales e internacionales, proyectos multic\u00e9ntricos y la obtenci\u00f3n de recursos para nuevas l\u00edneas de investigaci\u00f3n, as\u00ed como el fortalecimiento de posgrados y estancias acad\u00e9micas.\u003C\/p\u003E\n\n\u003Cp\u003EComo parte del compromiso social de la unidad acad\u00e9mica, se compartieron los resultados de los servicios otorgados en los Centros Comunitarios y m\u00f3dulos de enfermer\u00eda, que en conjunto brindaron m\u00e1s de 19 mil atenciones a la poblaci\u00f3n. Adem\u00e1s, estudiantes y docentes participaron en brigadas comunitarias, campa\u00f1as de salud, actividades ambientales y programas de bienestar universitario.\u003C\/p\u003E\n\n\u003Cp\u003EEn el \u00e1mbito de vinculaci\u00f3n, se destac\u00f3 la firma del convenio con el DIF Municipal de Mexicali, que permitir\u00e1 ampliar escenarios de pr\u00e1ctica e investigaci\u00f3n en comunidades vulnerables, as\u00ed como encuentros con egresadas y egresados, foros de emprendimiento y la participaci\u00f3n en actividades de movilidad acad\u00e9mica nacional e internacional.\u003C\/p\u003E\n\n\u003Cp\u003EFinalmente, se present\u00f3 la situaci\u00f3n financiera de la facultad, informando un total de 7.7 millones de pesos en ingresos y un remanente de 2.9 millones de pesos, reafirmando el compromiso institucional con la transparencia y el uso responsable de los recursos.\u003C\/p\u003E\n\n\u003Cp\u003ELa maestra Leticia Gabriela Rodr\u00edguez Pedraza agradeci\u00f3 al personal acad\u00e9mico, administrativo, estudiantil y directivo por su labor y colaboraci\u00f3n diaria, reafirmando que los avances logrados son resultado del trabajo conjunto que fortalece a la comunidad universitaria y contribuye al bienestar social.\u003C\/p\u003E\n\n\u003Cp\u003E\u003Cbr \/\u003E\n\u00a0\u003C\/p\u003E\u003C\/div\u003E\n      \n  \n\n    \n            \u003Cdiv  class=\u0022palabras-clave\u0022\u003E\n                        \u003Ca href=\u0022\/tags\/informe-de-actividades\u0022 hreflang=\u0022es\u0022\u003EInforme de actividades\u003C\/a\u003E\n      \n      \u003C\/div\u003E\n  \n\n\n  \u003C\/div\u003E\n\n  \u003C\/div\u003E\n\n  \u003Cdiv class=\u0022area-extras group-right\u0022\u003E\n        \n                          \u003Cdiv  class=\u0022enlace-blockBottom\u0022 \u003E\n      \u003Cdiv\u003EVer m\u00e1s \u003Ca href=\u0022http:\/\/gaceta.uabc.mx\/notas\u0022\u003ENotas\u003C\/a\u003E\u003C\/div\u003E\n\u003C\/div\u003E\n      \n  \n\n\n  \u003C\/div\u003E\n\n\u003C\/div\u003E\n\n","settings":null}]