[{"command":"settings","settings":{"pluralDelimiter":"\u0003","suppressDeprecationErrors":true,"ajaxPageState":{"libraries":"core\/drupal.ajax,core\/picturefill,ds\/ds_3col_equal_width","theme":"gaceta","theme_token":null},"ajaxTrustedUrl":[],"field_group":{"html_element":{"mode":"media_expanded","context":"view","settings":{"classes":"datos","show_empty_fields":false,"id":"","element":"div","show_label":false,"label_element":"h3","label_element_classes":"","attributes":"","effect":"none","speed":"fast"}}},"user":{"uid":0,"permissionsHash":"55dc977d165ab1e05e51b6cc6487f6d73e65ab536d99ee82c6990d9001d5c21c"}},"merge":true},{"command":"add_css","data":"\u003Clink rel=\u0022stylesheet\u0022 media=\u0022all\u0022 href=\u0022\/sites\/default\/files\/css\/css_mxJrjoKKAZuuB4_4f-B1u9VnFZxvSor3Az4JEdrFEso.css\u0022 \/\u003E\n\u003Clink rel=\u0022stylesheet\u0022 media=\u0022all\u0022 href=\u0022\/sites\/default\/files\/css\/css_-BXSGQpS8YTwwuXGbPoshUvZ7W-_HbYR3H7d0DA_mEY.css\u0022 \/\u003E\n\u003Clink rel=\u0022stylesheet\u0022 media=\u0022all\u0022 href=\u0022\/sites\/default\/files\/css\/css_89YreTu0npezhXSakRJR9TVHyBS9bTcyt0s3IckAe-M.css\u0022 \/\u003E\n"},{"command":"add_js","selector":"body","data":[{"src":"\/sites\/default\/files\/js\/js_9UaAhXvc9u0KYXXUw-OKyLP2baQxdV4zY3Y_KGurcvY.js"},{"src":"\/sites\/default\/files\/js\/js_oDJxUBLBzfRb_FDgNfkNOm9-tiatS2kNfxQIeVRZA7Y.js"},{"src":"\/sites\/default\/files\/js\/js_YM82KRuzNIr2X-Kb8pQW8cOcSbWgQ_QGKclTYJ_aMlI.js"},{"src":"\/sites\/default\/files\/js\/js_pqqsPPmPmxKgamY6qk_WSawtL05XH_yAY8GkPHVyahI.js"}]},{"command":"insert","method":"replaceWith","selector":".view-mode-full","data":"\u003Cdiv data-history-node-id=\u002224174\u0022 class=\u0022contenido view-mode-media_expanded ds-3col-equal clearfix\u0022\u003E\n\n  \n\n  \u003Cdiv class=\u0022area-medios group-left\u0022\u003E\n        \n                          \u003Cdiv  class=\u0022imagen\u0022 \u003E\n          \u003Cpicture\u003E\n                  \u003Csource srcset=\u0022\/sites\/default\/files\/styles\/max_650x650\/public\/notas\/2026-01-29\/2.Dr_.Juan_.webp?itok=UHxeJ_eB 650w, \/sites\/default\/files\/styles\/max_1300x1300\/public\/notas\/2026-01-29\/2.Dr_.Juan_.webp?itok=0wPXjhHR 1300w, \/sites\/default\/files\/styles\/max_1900x1900\/public\/notas\/2026-01-29\/2.Dr_.Juan_.webp?itok=TyHkECI7 1900w\u0022 type=\u0022image\/webp\u0022 sizes=\u0022100vw\u0022\/\u003E\n              \u003Csource srcset=\u0022\/sites\/default\/files\/styles\/max_650x650\/public\/notas\/2026-01-29\/2.Dr_.Juan_.jpg?itok=UHxeJ_eB 650w, \/sites\/default\/files\/styles\/max_1300x1300\/public\/notas\/2026-01-29\/2.Dr_.Juan_.jpg?itok=0wPXjhHR 1300w, \/sites\/default\/files\/styles\/max_1900x1900\/public\/notas\/2026-01-29\/2.Dr_.Juan_.jpg?itok=TyHkECI7 1900w\u0022 type=\u0022image\/jpeg\u0022 sizes=\u0022100vw\u0022\/\u003E\n                  \u003Cimg srcset=\u0022\/sites\/default\/files\/styles\/max_650x650\/public\/notas\/2026-01-29\/2.Dr_.Juan_.jpg?itok=UHxeJ_eB 650w, \/sites\/default\/files\/styles\/max_1300x1300\/public\/notas\/2026-01-29\/2.Dr_.Juan_.jpg?itok=0wPXjhHR 1300w, \/sites\/default\/files\/styles\/max_1900x1900\/public\/notas\/2026-01-29\/2.Dr_.Juan_.jpg?itok=TyHkECI7 1900w\u0022 sizes=\u0022100vw\u0022 src=\u0022\/sites\/default\/files\/styles\/max_1300x1300\/public\/notas\/2026-01-29\/2.Dr_.Juan_.jpg?itok=0wPXjhHR\u0022 alt=\u0022FotoIIDE\u0022 typeof=\u0022foaf:Image\u0022 class=\u0022img-fluid\u0022 \/\u003E\n\n  \u003C\/picture\u003E\n\n\u003C\/div\u003E\n      \n  \n\n      \u003Cdiv  class=\u0022boton-expander\u0022\u003E\n        \n                  \u003Cdiv class=\u0022item-list\u0022\u003E\u003Cul\u003E\u003Cli\u003E\u003Ca href=\u0022\/ds-switch-view-mode\/node\/24174\/media_collapsed?selector=view-mode-media_expanded\u0022 class=\u0022use-ajax\u0022\u003E\u2191\u003C\/a\u003E\u003C\/li\u003E\u003C\/ul\u003E\u003C\/div\u003E\n      \n  \n    \u003C\/div\u003E\n\n\n  \u003C\/div\u003E\n\n  \u003Cdiv class=\u0022area-info group-middle\u0022\u003E\n    \n\u003Cdiv  class=\u0022inner\u0022\u003E\n          \n                          \u003Ch2  class=\u0022titulo\u0022 \u003E\n        Toma de protesta del nuevo subdirector del IIDE\n\u003C\/h2\u003E\n      \n  \n\n    \n                          \u003Cdiv  class=\u0022resumen\u0022 \u003E\n      El doctor Juan P\u00e1ez C\u00e1rdenas se integra al equipo directivo del instituto con el compromiso de continuar impulsando la excelencia acad\u00e9mica y el fortalecimiento de la investigaci\u00f3n educativa.\u003C\/div\u003E\n      \n  \n\n\n\u003Cdiv  class=\u0022datos\u0022\u003E\n            \u003Cdiv  class=\u0022autor\u0022\u003E\n            \u003Cdiv  class=\u0022field-label-inline\u0022\u003EPor\u003C\/div\u003E\n  \n                  \u003Ca href=\u0022\/autores\/yuver-maceda-bravo\u0022 hreflang=\u0022es\u0022\u003EYuver Maceda Bravo \u003C\/a\u003E\n      \n  \n    \u003C\/div\u003E\n\n      \u003Cdiv  class=\u0022campus\u0022\u003E\n            \u003Cdiv  class=\u0022field-label-inline\u0022\u003ECampus\u003C\/div\u003E\n  \n                  \u003Ca href=\u0022\/campus\/ensenada\u0022 hreflang=\u0022es\u0022\u003EEnsenada\u003C\/a\u003E\n      \n  \n    \u003C\/div\u003E\n\n    \n                          \u003Cdiv  class=\u0022fecha\u0022 \u003E\n      29 de Enero de 2026\u003C\/div\u003E\n      \n  \n\n\n  \u003C\/div\u003E\n    \n                          \u003Cdiv  class=\u0022texto\u0022 \u003E\n      \u003Cp\u003EEn un acto protocolario realizado en el Instituto de Investigaci\u00f3n y Desarrollo Educativo (IIDE) de la UABC, se llev\u00f3 a cabo la toma de protesta del nuevo titular de la subdirecci\u00f3n del instituto.\u003C\/p\u003E\n\n\u003Cp\u003ELa ceremonia cont\u00f3 con la presencia del personal acad\u00e9mico, administrativo y estudiantes, y fue presidida por la doctora Lus Mercedes L\u00f3pez Acu\u00f1a, vicerrectora del Campus Ensenada, quien estuvo acompa\u00f1ada por la doctora Edna Luna Serrano, directora del IIDE.\u003C\/p\u003E\n\n\u003Cp\u003EDurante el acto, la doctora L\u00f3pez Acu\u00f1a fue la encargada de tomar protesta al doctor Juan P\u00e1ez C\u00e1rdenas, quien se integra al equipo directivo del Instituto con el compromiso de continuar impulsando la excelencia acad\u00e9mica y el fortalecimiento de la investigaci\u00f3n educativa.\u003C\/p\u003E\n\n\u003Cp\u003EEl doctor P\u00e1ez C\u00e1rdenas asume este cargo en sustituci\u00f3n de la doctora Mar\u00eda Guadalupe Tinajero Villavicencio, a quien se le expres\u00f3 un profundo agradecimiento por su dedicaci\u00f3n, liderazgo y valiosas aportaciones durante su gesti\u00f3n, as\u00ed como por su trayectoria institucional, en el marco de su jubilaci\u00f3n.\u003C\/p\u003E\n\n\u003Cp\u003ECon la incorporaci\u00f3n del doctor P\u00e1ez C\u00e1rdenas y en continuidad con el trabajo realizado, el IIDE reafirma su compromiso de consolidarse como un referente en el \u00e1mbito de la investigaci\u00f3n educativa, en concordancia con la misi\u00f3n de la Universidad y su responsabilidad con la comunidad acad\u00e9mica.\u003C\/p\u003E\n\u003Cimg alt=\u0022FotoIIDE\u0022 data-entity-type=\u0022file\u0022 data-entity-uuid=\u00221d74f8da-92f1-46c0-af35-8bdb92726c62\u0022 src=\u0022\/sites\/default\/files\/inline-images\/Dr.%20Juan-1.jpg\u0022 class=\u0022align-center\u0022 width=\u00222048\u0022 height=\u00221310\u0022 loading=\u0022lazy\u0022 \/\u003E\u003Cp\u003E\u00a0\u003C\/p\u003E\u003C\/div\u003E\n      \n  \n\n    \n            \u003Cdiv  class=\u0022palabras-clave\u0022\u003E\n                        \u003Ca href=\u0022\/tags\/administracion\u0022 hreflang=\u0022es\u0022\u003EAdministraci\u00f3n\u003C\/a\u003E\n                \u003Ca href=\u0022\/tags\/subdirector\u0022 hreflang=\u0022es\u0022\u003ESubdirector\u003C\/a\u003E\n                \u003Ca href=\u0022\/tags\/directivos\u0022 hreflang=\u0022es\u0022\u003EDirectivos\u003C\/a\u003E\n      \n      \u003C\/div\u003E\n  \n\n\n  \u003C\/div\u003E\n\n  \u003C\/div\u003E\n\n  \u003Cdiv class=\u0022area-extras group-right\u0022\u003E\n        \n                          \u003Cdiv  class=\u0022enlace-blockBottom\u0022 \u003E\n      \u003Cdiv\u003EVer m\u00e1s \u003Ca href=\u0022http:\/\/gaceta.uabc.mx\/notas\u0022\u003ENotas\u003C\/a\u003E\u003C\/div\u003E\n\u003C\/div\u003E\n      \n  \n\n\n  \u003C\/div\u003E\n\n\u003C\/div\u003E\n\n","settings":null}]