[{"command":"settings","settings":{"pluralDelimiter":"\u0003","suppressDeprecationErrors":true,"ajaxPageState":{"libraries":"core\/drupal.ajax,core\/picturefill,ds\/ds_3col_equal_width","theme":"gaceta","theme_token":null},"ajaxTrustedUrl":[],"field_group":{"html_element":{"mode":"media_expanded","context":"view","settings":{"classes":"datos","show_empty_fields":false,"id":"","element":"div","show_label":false,"label_element":"h3","label_element_classes":"","attributes":"","effect":"none","speed":"fast"}}},"user":{"uid":0,"permissionsHash":"55dc977d165ab1e05e51b6cc6487f6d73e65ab536d99ee82c6990d9001d5c21c"}},"merge":true},{"command":"add_css","data":"\u003Clink rel=\u0022stylesheet\u0022 media=\u0022all\u0022 href=\u0022\/sites\/default\/files\/css\/css_mxJrjoKKAZuuB4_4f-B1u9VnFZxvSor3Az4JEdrFEso.css\u0022 \/\u003E\n\u003Clink rel=\u0022stylesheet\u0022 media=\u0022all\u0022 href=\u0022\/sites\/default\/files\/css\/css_-BXSGQpS8YTwwuXGbPoshUvZ7W-_HbYR3H7d0DA_mEY.css\u0022 \/\u003E\n\u003Clink rel=\u0022stylesheet\u0022 media=\u0022all\u0022 href=\u0022\/sites\/default\/files\/css\/css_89YreTu0npezhXSakRJR9TVHyBS9bTcyt0s3IckAe-M.css\u0022 \/\u003E\n"},{"command":"add_js","selector":"body","data":[{"src":"\/sites\/default\/files\/js\/js_9UaAhXvc9u0KYXXUw-OKyLP2baQxdV4zY3Y_KGurcvY.js"},{"src":"\/sites\/default\/files\/js\/js_oDJxUBLBzfRb_FDgNfkNOm9-tiatS2kNfxQIeVRZA7Y.js"},{"src":"\/sites\/default\/files\/js\/js_YM82KRuzNIr2X-Kb8pQW8cOcSbWgQ_QGKclTYJ_aMlI.js"},{"src":"\/sites\/default\/files\/js\/js_pqqsPPmPmxKgamY6qk_WSawtL05XH_yAY8GkPHVyahI.js"}]},{"command":"insert","method":"replaceWith","selector":".view-mode-full","data":"\u003Cdiv data-history-node-id=\u002224464\u0022 class=\u0022contenido view-mode-media_expanded ds-3col-equal clearfix\u0022\u003E\n\n  \n\n  \u003Cdiv class=\u0022area-medios group-left\u0022\u003E\n        \n                          \u003Cdiv  class=\u0022imagen\u0022 \u003E\n          \u003Cpicture\u003E\n                  \u003Csource srcset=\u0022\/sites\/default\/files\/styles\/max_650x650\/public\/notas\/2026-04-15\/Diplomado_Habilidades_Directivas_JB01.webp?itok=2QITGMS3 650w, \/sites\/default\/files\/styles\/max_1900x1900\/public\/notas\/2026-04-15\/Diplomado_Habilidades_Directivas_JB01.webp?itok=7KdrCcFJ 1280w\u0022 type=\u0022image\/webp\u0022 sizes=\u0022100vw\u0022\/\u003E\n              \u003Csource srcset=\u0022\/sites\/default\/files\/styles\/max_650x650\/public\/notas\/2026-04-15\/Diplomado_Habilidades_Directivas_JB01.jpeg?itok=2QITGMS3 650w, \/sites\/default\/files\/styles\/max_1900x1900\/public\/notas\/2026-04-15\/Diplomado_Habilidades_Directivas_JB01.jpeg?itok=7KdrCcFJ 1280w\u0022 type=\u0022image\/jpeg\u0022 sizes=\u0022100vw\u0022\/\u003E\n                  \u003Cimg srcset=\u0022\/sites\/default\/files\/styles\/max_650x650\/public\/notas\/2026-04-15\/Diplomado_Habilidades_Directivas_JB01.jpeg?itok=2QITGMS3 650w, \/sites\/default\/files\/styles\/max_1900x1900\/public\/notas\/2026-04-15\/Diplomado_Habilidades_Directivas_JB01.jpeg?itok=7KdrCcFJ 1280w\u0022 sizes=\u0022100vw\u0022 src=\u0022\/sites\/default\/files\/styles\/max_1300x1300\/public\/notas\/2026-04-15\/Diplomado_Habilidades_Directivas_JB01.jpeg?itok=BaJ8Z0ol\u0022 alt=\u0022.\u0022 typeof=\u0022foaf:Image\u0022 class=\u0022img-fluid\u0022 \/\u003E\n\n  \u003C\/picture\u003E\n\n\u003C\/div\u003E\n      \n  \n\n      \u003Cdiv  class=\u0022boton-expander\u0022\u003E\n        \n                  \u003Cdiv class=\u0022item-list\u0022\u003E\u003Cul\u003E\u003Cli\u003E\u003Ca href=\u0022\/ds-switch-view-mode\/node\/24464\/media_collapsed?selector=view-mode-media_expanded\u0022 class=\u0022use-ajax\u0022\u003E\u2191\u003C\/a\u003E\u003C\/li\u003E\u003C\/ul\u003E\u003C\/div\u003E\n      \n  \n    \u003C\/div\u003E\n\n\n  \u003C\/div\u003E\n\n  \u003Cdiv class=\u0022area-info group-middle\u0022\u003E\n    \n\u003Cdiv  class=\u0022inner\u0022\u003E\n          \n                          \u003Ch2  class=\u0022titulo\u0022 \u003E\n        Liderazgo universitario, eje de formaci\u00f3n en la UABC\n\u003C\/h2\u003E\n      \n  \n\n    \n                          \u003Cdiv  class=\u0022resumen\u0022 \u003E\n      Certifican a 26 participantes en diplomado desarrollado junto con la UANL.\u003Cbr \/\u003E\r\n\u003Cbr \/\u003E\r\n\u003C\/div\u003E\n      \n  \n\n\n\u003Cdiv  class=\u0022datos\u0022\u003E\n            \u003Cdiv  class=\u0022autor\u0022\u003E\n            \u003Cdiv  class=\u0022field-label-inline\u0022\u003EPor\u003C\/div\u003E\n  \n                  \u003Ca href=\u0022\/autores\/olivia-yaritza-lopez-segoviano\u0022 hreflang=\u0022es\u0022\u003EOlivia Yaritza L\u00f3pez Segoviano\u003C\/a\u003E\n      \n  \n    \u003C\/div\u003E\n\n      \u003Cdiv  class=\u0022campus\u0022\u003E\n            \u003Cdiv  class=\u0022field-label-inline\u0022\u003ECampus\u003C\/div\u003E\n  \n                  \u003Ca href=\u0022\/campus\/uabc\u0022 hreflang=\u0022es\u0022\u003EUABC\u003C\/a\u003E\n      \n  \n    \u003C\/div\u003E\n\n    \n                          \u003Cdiv  class=\u0022fecha\u0022 \u003E\n      15 de Abril de 2026\u003C\/div\u003E\n      \n  \n\n\n  \u003C\/div\u003E\n    \n                          \u003Cdiv  class=\u0022texto\u0022 \u003E\n      \u003Cp\u003EEn el Paraninfo Universitario, la Universidad Aut\u00f3noma de Baja California (UABC) llev\u00f3 a cabo la ceremonia de entrega de certificados del Diplomado en Desarrollo de Habilidades Directivas, programa realizado en colaboraci\u00f3n con la Universidad Aut\u00f3noma de Nuevo Le\u00f3n (UANL), con el prop\u00f3sito de fortalecer la formaci\u00f3n en gesti\u00f3n y liderazgo dentro de la comunidad cimarrona.\u003C\/p\u003E\n\n\u003Cp\u003EEl rector de la UABC, doctor Luis Enrique Palafox Maestre, destac\u00f3 la relevancia de este esfuerzo al se\u00f1alar que \u201chay un vac\u00edo que nosotros consideramos muy importante que es la formaci\u00f3n en la gesti\u00f3n universitaria\u201d, por lo que celebr\u00f3 la implementaci\u00f3n de este tipo de programas de manera recurrente en la instituci\u00f3n.\u003C\/p\u003E\n\n\u003Cp\u003ESubray\u00f3 que el diplomado fue dise\u00f1ado a la medida de las necesidades institucionales y reconoci\u00f3 el compromiso de quienes lo concluyeron. \u201cEste documento que hoy acaban de recibir no solo acredita sus horas de formaci\u00f3n, sino que representa una base s\u00f3lida de conocimientos y la capacidad de implementarlos con \u00e9xito\u201d, expuso.\u003C\/p\u003E\n\n\u003Cp\u003EAsimismo, enfatiz\u00f3 que la colaboraci\u00f3n entre ambas universidades \u201cno s\u00f3lo suma capacidades, sino tambi\u00e9n multiplica resultados, enriquece perspectivas y fortalece a nuestras comunidades\u201d.\u003C\/p\u003E\n\n\u003Cp\u003EPor su parte, el representante de la UANL y gestor del diplomado, profesor Juan Manuel Adame Rodr\u00edguez, resalt\u00f3 el car\u00e1cter \u00fanico del programa, al afirmar que \u201ces \u00fanico, se dise\u00f1\u00f3 pensando en ustedes y para ustedes\u201d, adem\u00e1s de subrayar que el resultado del proceso formativo trasciende lo acad\u00e9mico: \u201cno es un papel, es algo m\u00e1s all\u00e1; esperamos que esto se exprese en el d\u00eda a d\u00eda de su agenda\u201d.\u003C\/p\u003E\n\n\u003Cp\u003ETambi\u00e9n enfatiz\u00f3 que el diplomado integra criterios internacionales y un enfoque por competencias, orientado a la aplicaci\u00f3n pr\u00e1ctica en la toma de decisiones, la gesti\u00f3n y la gobernanza universitaria.\u003C\/p\u003E\n\n\u003Cp\u003EEn tanto, el coordinador del Centro de Educaci\u00f3n Continua de la UABC, doctor David Guadalupe Toledo Sarracino, explic\u00f3 que esta iniciativa surge de la necesidad institucional de preparar al equipo directivo de la universidad en temas de liderazgo.\u003C\/p\u003E\n\n\u003Cp\u003EA\u00f1adi\u00f3 que el programa implic\u00f3 un esfuerzo significativo y se consolid\u00f3 como una propuesta innovadora, cuyos resultados son palpables y sientan las bases para continuar impulsando este tipo de formaci\u00f3n en la universidad.\u003C\/p\u003E\n\n\u003Cp\u003EEl diplomado contempl\u00f3 200 horas de trabajo a lo largo de 10 meses y abord\u00f3 temas como liderazgo transformador, toma de decisiones estrat\u00e9gicas, administraci\u00f3n financiera, resoluci\u00f3n de conflictos y gobernanza, con la participaci\u00f3n de 26 integrantes de distintas unidades acad\u00e9micas, quienes ahora cuentan con herramientas para fortalecer su desempe\u00f1o en la gesti\u00f3n universitaria.\u003C\/p\u003E\n\n\u003Cp\u003E\u003Cimg alt=\u0022.\u0022 data-entity-type=\u0022file\u0022 data-entity-uuid=\u00224f07ef3a-5816-4338-a52f-60fe31e00183\u0022 src=\u0022\/sites\/default\/files\/inline-images\/Diplomado_Habilidades_Directivas_JB03.jpeg\u0022 width=\u00221280\u0022 height=\u0022854\u0022 loading=\u0022lazy\u0022 \/\u003E\u003C\/p\u003E\n\n\u003Cp\u003E\u00a0\u003C\/p\u003E\n\n\u003Cp\u003E\u00a0\u003C\/p\u003E\u003C\/div\u003E\n      \n  \n\n    \n            \u003Cdiv  class=\u0022palabras-clave\u0022\u003E\n                        \u003Ca href=\u0022\/tags\/desarrollo-de-habilidades-directivas\u0022 hreflang=\u0022es\u0022\u003EDesarrollo de Habilidades Directivas\u003C\/a\u003E\n                \u003Ca href=\u0022\/tags\/educacion-continua\u0022 hreflang=\u0022es\u0022\u003EEducaci\u00f3n continua\u003C\/a\u003E\n      \n      \u003C\/div\u003E\n  \n\n\n  \u003C\/div\u003E\n\n  \u003C\/div\u003E\n\n  \u003Cdiv class=\u0022area-extras group-right\u0022\u003E\n        \n                          \u003Cdiv  class=\u0022enlace-blockBottom\u0022 \u003E\n      \u003Cdiv\u003EVer m\u00e1s \u003Ca href=\u0022http:\/\/gaceta.uabc.mx\/notas\u0022\u003ENotas\u003C\/a\u003E\u003C\/div\u003E\n\u003C\/div\u003E\n      \n  \n\n\n  \u003C\/div\u003E\n\n\u003C\/div\u003E\n\n","settings":null}]