[{"command":"settings","settings":{"pluralDelimiter":"\u0003","suppressDeprecationErrors":true,"ajaxPageState":{"libraries":"core\/drupal.ajax,core\/picturefill,ds\/ds_3col_equal_width","theme":"gaceta","theme_token":null},"ajaxTrustedUrl":[],"field_group":{"html_element":{"mode":"media_expanded","context":"view","settings":{"classes":"datos","show_empty_fields":false,"id":"","element":"div","show_label":false,"label_element":"h3","label_element_classes":"","attributes":"","effect":"none","speed":"fast"}}},"user":{"uid":0,"permissionsHash":"55dc977d165ab1e05e51b6cc6487f6d73e65ab536d99ee82c6990d9001d5c21c"}},"merge":true},{"command":"add_css","data":"\u003Clink rel=\u0022stylesheet\u0022 media=\u0022all\u0022 href=\u0022\/sites\/default\/files\/css\/css_mxJrjoKKAZuuB4_4f-B1u9VnFZxvSor3Az4JEdrFEso.css\u0022 \/\u003E\n\u003Clink rel=\u0022stylesheet\u0022 media=\u0022all\u0022 href=\u0022\/sites\/default\/files\/css\/css_-BXSGQpS8YTwwuXGbPoshUvZ7W-_HbYR3H7d0DA_mEY.css\u0022 \/\u003E\n\u003Clink rel=\u0022stylesheet\u0022 media=\u0022all\u0022 href=\u0022\/sites\/default\/files\/css\/css_89YreTu0npezhXSakRJR9TVHyBS9bTcyt0s3IckAe-M.css\u0022 \/\u003E\n"},{"command":"add_js","selector":"body","data":[{"src":"\/sites\/default\/files\/js\/js_9UaAhXvc9u0KYXXUw-OKyLP2baQxdV4zY3Y_KGurcvY.js"},{"src":"\/sites\/default\/files\/js\/js_oDJxUBLBzfRb_FDgNfkNOm9-tiatS2kNfxQIeVRZA7Y.js"},{"src":"\/sites\/default\/files\/js\/js_YM82KRuzNIr2X-Kb8pQW8cOcSbWgQ_QGKclTYJ_aMlI.js"},{"src":"\/sites\/default\/files\/js\/js_pqqsPPmPmxKgamY6qk_WSawtL05XH_yAY8GkPHVyahI.js"}]},{"command":"insert","method":"replaceWith","selector":".view-mode-full","data":"\u003Cdiv data-history-node-id=\u002224987\u0022 class=\u0022contenido view-mode-media_expanded ds-3col-equal clearfix\u0022\u003E\n\n  \n\n  \u003Cdiv class=\u0022area-medios group-left\u0022\u003E\n        \n                          \u003Cdiv  class=\u0022imagen\u0022 \u003E\n          \u003Cpicture\u003E\n                  \u003Csource srcset=\u0022\/sites\/default\/files\/styles\/max_650x650\/public\/notas\/2026-08-25\/festivida_gaceta_03.webp?itok=sfGHt5wz 650w, \/sites\/default\/files\/styles\/max_1900x1900\/public\/notas\/2026-08-25\/festivida_gaceta_03.webp?itok=lGIVkNSU 1169w\u0022 type=\u0022image\/webp\u0022 sizes=\u0022100vw\u0022\/\u003E\n              \u003Csource srcset=\u0022\/sites\/default\/files\/styles\/max_650x650\/public\/notas\/2026-08-25\/festivida_gaceta_03.jpg?itok=sfGHt5wz 650w, \/sites\/default\/files\/styles\/max_1900x1900\/public\/notas\/2026-08-25\/festivida_gaceta_03.jpg?itok=lGIVkNSU 1169w\u0022 type=\u0022image\/jpeg\u0022 sizes=\u0022100vw\u0022\/\u003E\n                  \u003Cimg srcset=\u0022\/sites\/default\/files\/styles\/max_650x650\/public\/notas\/2026-08-25\/festivida_gaceta_03.jpg?itok=sfGHt5wz 650w, \/sites\/default\/files\/styles\/max_1900x1900\/public\/notas\/2026-08-25\/festivida_gaceta_03.jpg?itok=lGIVkNSU 1169w\u0022 sizes=\u0022100vw\u0022 src=\u0022\/sites\/default\/files\/styles\/max_1300x1300\/public\/notas\/2026-08-25\/festivida_gaceta_03.jpg?itok=dLFVb2RP\u0022 alt=\u0022Festivida\u0022 typeof=\u0022foaf:Image\u0022 class=\u0022img-fluid\u0022 \/\u003E\n\n  \u003C\/picture\u003E\n\n\u003C\/div\u003E\n      \n  \n\n      \u003Cdiv  class=\u0022boton-expander\u0022\u003E\n        \n                  \u003Cdiv class=\u0022item-list\u0022\u003E\u003Cul\u003E\u003Cli\u003E\u003Ca href=\u0022\/ds-switch-view-mode\/node\/24987\/media_collapsed?selector=view-mode-media_expanded\u0022 class=\u0022use-ajax\u0022\u003E\u2191\u003C\/a\u003E\u003C\/li\u003E\u003C\/ul\u003E\u003C\/div\u003E\n      \n  \n    \u003C\/div\u003E\n\n\n  \u003C\/div\u003E\n\n  \u003Cdiv class=\u0022area-info group-middle\u0022\u003E\n    \n\u003Cdiv  class=\u0022inner\u0022\u003E\n          \n                          \u003Ch2  class=\u0022titulo\u0022 \u003E\n        UABC promueve la salud cognitiva y el envejecimiento activo con FESTIVIDA\n\u003C\/h2\u003E\n      \n  \n\n    \n                          \u003Cdiv  class=\u0022resumen\u0022 \u003E\n      Contar\u00e1 con detecciones gratuitas, talleres, conferencias y actividades recreativas para personas adultas mayores\u003C\/div\u003E\n      \n  \n\n\n\u003Cdiv  class=\u0022datos\u0022\u003E\n            \u003Cdiv  class=\u0022autor\u0022\u003E\n            \u003Cdiv  class=\u0022field-label-inline\u0022\u003EPor\u003C\/div\u003E\n  \n                  \u003Ca href=\u0022\/autores\/olivia-yaritza-lopez-segoviano\u0022 hreflang=\u0022es\u0022\u003EOlivia Yaritza L\u00f3pez Segoviano\u003C\/a\u003E\n      \n  \n    \u003C\/div\u003E\n\n      \u003Cdiv  class=\u0022campus\u0022\u003E\n            \u003Cdiv  class=\u0022field-label-inline\u0022\u003ECampus\u003C\/div\u003E\n  \n                  \u003Ca href=\u0022\/campus\/ensenada\u0022 hreflang=\u0022es\u0022\u003EEnsenada\u003C\/a\u003E\n      \n  \n    \u003C\/div\u003E\n\n    \n                          \u003Cdiv  class=\u0022fecha\u0022 \u003E\n      25 de Agosto de 2026\u003C\/div\u003E\n      \n  \n\n\n  \u003C\/div\u003E\n    \n                          \u003Cdiv  class=\u0022texto\u0022 \u003E\n      \u003Cp\u003ELa UABC, campus Ensenada, en colaboraci\u00f3n con la Escuela de Ciencias de la Salud, la Facultad de Ciencias Administrativas y Sociales, la Facultad de Deportes del campus Ensenada y el Centro de Investigaci\u00f3n, Innovaci\u00f3n y Vigilancia Gen\u00f3mica de Enfermedades Infecciosas (CIIViGEI), invita a las personas adultas mayores, sus familias y quienes se encargan de su cuidado al evento FESTIVIDA \u201cPor un envejecimiento cognitivo saludable\u201d, que se llevar\u00e1 a cabo los d\u00edas viernes 28 y s\u00e1bado 29 de agosto, de 9:00 a 16:00 horas.\u003C\/p\u003E\n\n\u003Cp\u003EEl objetivo de FESTIVIDA es promover el bienestar integral durante la adultez mayor mediante actividades orientadas a estimular la mente y el cuerpo, as\u00ed como favorecer la convivencia y la participaci\u00f3n comunitaria, en un ambiente festivo y de encuentro.\u003C\/p\u003E\n\n\u003Cp\u003EEl programa contempla conferencias especializadas sobre salud mental y f\u00edsica y envejecimiento activo; evaluaciones neurocognitivas, as\u00ed como talleres de estimulaci\u00f3n cognitiva con din\u00e1micas pr\u00e1cticas para ejercitar la memoria y la atenci\u00f3n. Adem\u00e1s, se ofrecer\u00e1 orientaci\u00f3n nutricional con recomendaciones para mantener una alimentaci\u00f3n saludable y equilibrada.\u003C\/p\u003E\n\n\u003Cp\u003EComo parte de las acciones de atenci\u00f3n y prevenci\u00f3n, se ofrecer\u00e1n servicios de salud y detecciones gratuitas mediante m\u00f3dulos de vacunaci\u00f3n y diversas valoraciones. En materia de salud cognitiva y emocional, se realizar\u00e1n detecciones de problemas de memoria, depresi\u00f3n y signos tempranos de demencia; mientras que en el \u00e1mbito de la salud f\u00edsica y metab\u00f3lica se brindar\u00e1 control de diabetes, hipertensi\u00f3n arterial y obesidad. Asimismo, se realizar\u00e1n valoraciones para identificar riesgos de ca\u00eddas, incontinencia y fracturas asociadas con osteoporosis, adem\u00e1s de proporcionar orientaci\u00f3n en salud masculina sobre los signos y s\u00edntomas de la prostatitis.\u003C\/p\u003E\n\n\u003Cp\u003EEl programa tambi\u00e9n incluir\u00e1 actividades de m\u00fasica, baile y recreaci\u00f3n para favorecer la convivencia. Entre ellas se encuentra La Tertulia de los Recuerdos, un espacio abierto para compartir experiencias y aprendizajes de vida; as\u00ed como El Rinc\u00f3n del Bohemio, dirigido a hombres, donde podr\u00e1n compartir historias, disfrutar de m\u00fasica, participar en juegos de mesa y conversar en un ambiente de convivencia.\u003C\/p\u003E\n\n\u003Cp\u003EPara obtener mayor informaci\u00f3n, las personas interesadas pueden comunicarse al correo electr\u00f3nico\u00a0\u003Ca href=\u0022mailto:cognivida@uabc.edu.mx\u0022\u003Ecognivida@uabc.edu.mx\u003C\/a\u003E\u00a0o consultar la p\u00e1gina de LinkedIn Proyecto Cognivida.\u003C\/p\u003E\n\n\u003Cp\u003ELa UABC invita a las personas adultas mayores, sus familias y personas cuidadoras a formar parte de esta jornada, concebida como un espacio para aprender, cuidar la salud, compartir experiencias y fortalecer los v\u00ednculos comunitarios.\u003C\/p\u003E\n\n\u003Cp\u003E\u00a0\u003C\/p\u003E\n\n\u003Cp\u003E\u003Cimg alt=\u0022festivida\u0022 data-entity-type=\u0022file\u0022 data-entity-uuid=\u00225665d38f-58b5-420c-a0e9-d7bedcb87dc3\u0022 src=\u0022\/sites\/default\/files\/inline-images\/FESTIVIDA_UABC2026.jpg\u0022 width=\u0022450\u0022 height=\u0022700\u0022 loading=\u0022lazy\u0022 \/\u003E\u003C\/p\u003E\u003C\/div\u003E\n      \n  \n\n    \n            \u003Cdiv  class=\u0022palabras-clave\u0022\u003E\n                        \u003Ca href=\u0022\/tags\/festivida\u0022 hreflang=\u0022es\u0022\u003EFestivida \u003C\/a\u003E\n                \u003Ca href=\u0022\/tags\/adultez-mayor\u0022 hreflang=\u0022es\u0022\u003EAdultez mayor\u003C\/a\u003E\n                \u003Ca href=\u0022\/tags\/educacion-lo-largo-de-la-vida\u0022 hreflang=\u0022es\u0022\u003EEducaci\u00f3n a lo largo de la vida\u003C\/a\u003E\n      \n      \u003C\/div\u003E\n  \n\n\n  \u003C\/div\u003E\n\n  \u003C\/div\u003E\n\n  \u003Cdiv class=\u0022area-extras group-right\u0022\u003E\n        \n                          \u003Cdiv  class=\u0022enlace-blockBottom\u0022 \u003E\n      \u003Cdiv\u003EVer m\u00e1s \u003Ca href=\u0022http:\/\/gaceta.uabc.mx\/notas\u0022\u003ENotas\u003C\/a\u003E\u003C\/div\u003E\n\u003C\/div\u003E\n      \n  \n\n\n  \u003C\/div\u003E\n\n\u003C\/div\u003E\n\n","settings":null}]