[{"command":"settings","settings":{"pluralDelimiter":"\u0003","suppressDeprecationErrors":true,"ajaxPageState":{"libraries":"core\/drupal.ajax,core\/picturefill,ds\/ds_3col_equal_width","theme":"gaceta","theme_token":null},"ajaxTrustedUrl":[],"field_group":{"html_element":{"mode":"media_expanded","context":"view","settings":{"classes":"datos","show_empty_fields":false,"id":"","element":"div","show_label":false,"label_element":"h3","label_element_classes":"","attributes":"","effect":"none","speed":"fast"}}},"user":{"uid":0,"permissionsHash":"55dc977d165ab1e05e51b6cc6487f6d73e65ab536d99ee82c6990d9001d5c21c"}},"merge":true},{"command":"add_css","data":"\u003Clink rel=\u0022stylesheet\u0022 media=\u0022all\u0022 href=\u0022\/sites\/default\/files\/css\/css_mxJrjoKKAZuuB4_4f-B1u9VnFZxvSor3Az4JEdrFEso.css\u0022 \/\u003E\n\u003Clink rel=\u0022stylesheet\u0022 media=\u0022all\u0022 href=\u0022\/sites\/default\/files\/css\/css_-BXSGQpS8YTwwuXGbPoshUvZ7W-_HbYR3H7d0DA_mEY.css\u0022 \/\u003E\n\u003Clink rel=\u0022stylesheet\u0022 media=\u0022all\u0022 href=\u0022\/sites\/default\/files\/css\/css_89YreTu0npezhXSakRJR9TVHyBS9bTcyt0s3IckAe-M.css\u0022 \/\u003E\n"},{"command":"add_js","selector":"body","data":[{"src":"\/sites\/default\/files\/js\/js_9UaAhXvc9u0KYXXUw-OKyLP2baQxdV4zY3Y_KGurcvY.js"},{"src":"\/sites\/default\/files\/js\/js_oDJxUBLBzfRb_FDgNfkNOm9-tiatS2kNfxQIeVRZA7Y.js"},{"src":"\/sites\/default\/files\/js\/js_YM82KRuzNIr2X-Kb8pQW8cOcSbWgQ_QGKclTYJ_aMlI.js"},{"src":"\/sites\/default\/files\/js\/js_pqqsPPmPmxKgamY6qk_WSawtL05XH_yAY8GkPHVyahI.js"}]},{"command":"insert","method":"replaceWith","selector":".view-mode-full","data":"\u003Cdiv data-history-node-id=\u00222682\u0022 class=\u0022contenido view-mode-media_expanded ds-3col-equal clearfix\u0022\u003E\n\n  \n\n  \u003Cdiv class=\u0022area-medios group-left\u0022\u003E\n        \n                          \u003Cdiv  class=\u0022imagen\u0022 \u003E\n          \u003Cpicture\u003E\n                  \u003Csource srcset=\u0022\/sites\/default\/files\/styles\/max_650x650\/public\/2018-03\/Astronauta-3.webp?itok=YNFsDro2 650w, \/sites\/default\/files\/styles\/max_1300x1300\/public\/2018-03\/Astronauta-3.webp?itok=-cUZhF7z 1300w, \/sites\/default\/files\/styles\/max_1900x1900\/public\/2018-03\/Astronauta-3.webp?itok=gW_u5diG 1496w\u0022 type=\u0022image\/webp\u0022 sizes=\u0022100vw\u0022\/\u003E\n              \u003Csource srcset=\u0022\/sites\/default\/files\/styles\/max_650x650\/public\/2018-03\/Astronauta-3.JPG?itok=YNFsDro2 650w, \/sites\/default\/files\/styles\/max_1300x1300\/public\/2018-03\/Astronauta-3.JPG?itok=-cUZhF7z 1300w, \/sites\/default\/files\/styles\/max_1900x1900\/public\/2018-03\/Astronauta-3.JPG?itok=gW_u5diG 1496w\u0022 type=\u0022image\/jpeg\u0022 sizes=\u0022100vw\u0022\/\u003E\n                  \u003Cimg srcset=\u0022\/sites\/default\/files\/styles\/max_650x650\/public\/2018-03\/Astronauta-3.JPG?itok=YNFsDro2 650w, \/sites\/default\/files\/styles\/max_1300x1300\/public\/2018-03\/Astronauta-3.JPG?itok=-cUZhF7z 1300w, \/sites\/default\/files\/styles\/max_1900x1900\/public\/2018-03\/Astronauta-3.JPG?itok=gW_u5diG 1496w\u0022 sizes=\u0022100vw\u0022 src=\u0022\/sites\/default\/files\/styles\/max_1300x1300\/public\/2018-03\/Astronauta-3.JPG?itok=-cUZhF7z\u0022 alt=\u0022El Astronauta_Familia_FIL UABC 2018\u0022 typeof=\u0022foaf:Image\u0022 class=\u0022img-fluid\u0022 \/\u003E\n\n  \u003C\/picture\u003E\n\n\u003C\/div\u003E\n      \n  \n\n      \u003Cdiv  class=\u0022boton-expander\u0022\u003E\n        \n                  \u003Cdiv class=\u0022item-list\u0022\u003E\u003Cul\u003E\u003Cli\u003E\u003Ca href=\u0022\/ds-switch-view-mode\/node\/2682\/media_collapsed?selector=view-mode-media_expanded\u0022 class=\u0022use-ajax\u0022\u003E\u2191\u003C\/a\u003E\u003C\/li\u003E\u003C\/ul\u003E\u003C\/div\u003E\n      \n  \n    \u003C\/div\u003E\n\n\n  \u003C\/div\u003E\n\n  \u003Cdiv class=\u0022area-info group-middle\u0022\u003E\n    \n\u003Cdiv  class=\u0022inner\u0022\u003E\n          \n                          \u003Ch2  class=\u0022titulo\u0022 \u003E\n        Un astronauta fuera de lugar \n\u003C\/h2\u003E\n      \n  \n\n    \n                          \u003Cdiv  class=\u0022resumen\u0022 \u003E\n      Destacan el valor de la familia..\u003C\/div\u003E\n      \n  \n\n\n\u003Cdiv  class=\u0022datos\u0022\u003E\n            \u003Cdiv  class=\u0022autor\u0022\u003E\n            \u003Cdiv  class=\u0022field-label-inline\u0022\u003EPor\u003C\/div\u003E\n  \n                  \u003Ca href=\u0022\/autores\/frida-mendivil-jimenez\u0022 hreflang=\u0022es\u0022\u003EFrida Mendivil Jim\u00e9nez\u003C\/a\u003E\n      \n  \n    \u003C\/div\u003E\n\n      \u003Cdiv  class=\u0022campus\u0022\u003E\n            \u003Cdiv  class=\u0022field-label-inline\u0022\u003ECampus\u003C\/div\u003E\n  \n                  \u003Ca href=\u0022\/campus\/mexicali\u0022 hreflang=\u0022es\u0022\u003EMexicali\u003C\/a\u003E\n      \n  \n    \u003C\/div\u003E\n\n    \n                          \u003Cdiv  class=\u0022fecha\u0022 \u003E\n      15 de Marzo de 2018\u003C\/div\u003E\n      \n  \n\n\n  \u003C\/div\u003E\n    \n                          \u003Cdiv  class=\u0022texto\u0022 \u003E\n      \u003Cp\u003EEn el \u00e1rea infantil de la XIX Feria Internacional del Libro se imparti\u00f3 el taller \u201cEl astronauta\u201d\u00a0 que relata la historia de un ni\u00f1o que so\u00f1aba ser un astronauta. \u003C\/p\u003E\n\n\u003Cp\u003ECuando se convierte en adulto, se casa y forma una familia, pero a\u00fan conserva su anhelo de alg\u00fan d\u00eda viajar al espacio exterior. Impulsado por su deseo construye un cohete espacial y emprende un viaje hacia las galaxias.\u003C\/p\u003E\n\n\u003Cp\u003EAsombrado de lo que observa a su alrededor, al final llega a Marte, donde el suelo es azul y el mar rosa, despu\u00e9s conoce a una familia originaria del planeta rojo y se da cuenta de lo mucho extra\u00f1a a su familia por lo que decide regresar a la Tierra, triste de descubrir cu\u00e1n lejos tuvo que viajar para saber d\u00f3nde quer\u00eda estar realmente.\u003C\/p\u003E\n\n\u003Cp\u003EEl prop\u00f3sito de la historia es ense\u00f1arles a los ni\u00f1os a apreciar lo que tienen, aunque algunos compartieron su aprendizaje mencionando que para ellos lo m\u00e1s importante es la familia o cumplir sus sue\u00f1os.\u003C\/p\u003E\n\n\u003Cp\u003EAl finalizar la exposici\u00f3n del cuento realizaron una actividad en la que dibujaban una galaxia con materiales como pintura, brillantina, algod\u00f3n y pegamento fr\u00edo.\u003C\/p\u003E\n\n\u003Cp\u003EEste taller se estar\u00e1 repitiendo durante la FIL en distintos horarios que se pueden consultar en: \u003Ca href=\u0022http:\/\/www.filuabc.mx\/\u0022\u003Ehttp:\/\/www.filuabc.mx\/\u003C\/a\u003E\u003C\/p\u003E\u003C\/div\u003E\n      \n  \n\n    \n            \u003Cdiv  class=\u0022palabras-clave\u0022\u003E\n                        \u003Ca href=\u0022\/tags\/el-astronauta\u0022 hreflang=\u0022es\u0022\u003EEl Astronauta\u003C\/a\u003E\n                \u003Ca href=\u0022\/tags\/familia\u0022 hreflang=\u0022es\u0022\u003EFamilia\u003C\/a\u003E\n                \u003Ca href=\u0022\/tags\/fil-uabc-2018\u0022 hreflang=\u0022es\u0022\u003EFIL UABC 2018\u003C\/a\u003E\n      \n      \u003C\/div\u003E\n  \n\n\n  \u003C\/div\u003E\n\n  \u003C\/div\u003E\n\n  \u003Cdiv class=\u0022area-extras group-right\u0022\u003E\n        \n                          \u003Cdiv  class=\u0022enlace-blockBottom\u0022 \u003E\n      \u003Cdiv\u003EVer m\u00e1s \u003Ca href=\u0022http:\/\/gaceta.uabc.mx\/notas\u0022\u003ENotas\u003C\/a\u003E\u003C\/div\u003E\n\u003C\/div\u003E\n      \n  \n\n\n  \u003C\/div\u003E\n\n\u003C\/div\u003E\n\n","settings":null}]