[{"command":"settings","settings":{"pluralDelimiter":"\u0003","suppressDeprecationErrors":true,"ajaxPageState":{"libraries":"core\/drupal.ajax,core\/picturefill,ds\/ds_3col_equal_width","theme":"gaceta","theme_token":null},"ajaxTrustedUrl":[],"field_group":{"html_element":{"mode":"media_expanded","context":"view","settings":{"classes":"datos","show_empty_fields":false,"id":"","element":"div","show_label":false,"label_element":"h3","label_element_classes":"","attributes":"","effect":"none","speed":"fast"}}},"user":{"uid":0,"permissionsHash":"55dc977d165ab1e05e51b6cc6487f6d73e65ab536d99ee82c6990d9001d5c21c"}},"merge":true},{"command":"add_css","data":"\u003Clink rel=\u0022stylesheet\u0022 media=\u0022all\u0022 href=\u0022\/sites\/default\/files\/css\/css_mxJrjoKKAZuuB4_4f-B1u9VnFZxvSor3Az4JEdrFEso.css\u0022 \/\u003E\n\u003Clink rel=\u0022stylesheet\u0022 media=\u0022all\u0022 href=\u0022\/sites\/default\/files\/css\/css_-BXSGQpS8YTwwuXGbPoshUvZ7W-_HbYR3H7d0DA_mEY.css\u0022 \/\u003E\n\u003Clink rel=\u0022stylesheet\u0022 media=\u0022all\u0022 href=\u0022\/sites\/default\/files\/css\/css_89YreTu0npezhXSakRJR9TVHyBS9bTcyt0s3IckAe-M.css\u0022 \/\u003E\n"},{"command":"add_js","selector":"body","data":[{"src":"\/sites\/default\/files\/js\/js_9UaAhXvc9u0KYXXUw-OKyLP2baQxdV4zY3Y_KGurcvY.js"},{"src":"\/sites\/default\/files\/js\/js_oDJxUBLBzfRb_FDgNfkNOm9-tiatS2kNfxQIeVRZA7Y.js"},{"src":"\/sites\/default\/files\/js\/js_YM82KRuzNIr2X-Kb8pQW8cOcSbWgQ_QGKclTYJ_aMlI.js"},{"src":"\/sites\/default\/files\/js\/js_pqqsPPmPmxKgamY6qk_WSawtL05XH_yAY8GkPHVyahI.js"}]},{"command":"insert","method":"replaceWith","selector":".view-mode-full","data":"\u003Cdiv data-history-node-id=\u0022285\u0022 class=\u0022contenido view-mode-media_expanded ds-3col-equal clearfix\u0022\u003E\n\n  \n\n  \u003Cdiv class=\u0022area-medios group-left\u0022\u003E\n        \n                          \u003Cdiv  class=\u0022imagen\u0022 \u003E\n          \u003Cpicture\u003E\n                  \u003Csource srcset=\u0022\/sites\/default\/files\/styles\/max_650x650\/public\/2016-09\/Busca%20UABC%20proteger%20la%20propiedad%20intelectual%20de%20los%20universitarios03.webp?itok=N8gHU6Pu 650w, \/sites\/default\/files\/styles\/max_1300x1300\/public\/2016-09\/Busca%20UABC%20proteger%20la%20propiedad%20intelectual%20de%20los%20universitarios03.webp?itok=cRhnhD1W 1300w, \/sites\/default\/files\/styles\/max_1900x1900\/public\/2016-09\/Busca%20UABC%20proteger%20la%20propiedad%20intelectual%20de%20los%20universitarios03.webp?itok=vglWOTWt 1900w\u0022 type=\u0022image\/webp\u0022 sizes=\u0022100vw\u0022\/\u003E\n              \u003Csource srcset=\u0022\/sites\/default\/files\/styles\/max_650x650\/public\/2016-09\/Busca%20UABC%20proteger%20la%20propiedad%20intelectual%20de%20los%20universitarios03.jpg?itok=N8gHU6Pu 650w, \/sites\/default\/files\/styles\/max_1300x1300\/public\/2016-09\/Busca%20UABC%20proteger%20la%20propiedad%20intelectual%20de%20los%20universitarios03.jpg?itok=cRhnhD1W 1300w, \/sites\/default\/files\/styles\/max_1900x1900\/public\/2016-09\/Busca%20UABC%20proteger%20la%20propiedad%20intelectual%20de%20los%20universitarios03.jpg?itok=vglWOTWt 1900w\u0022 type=\u0022image\/jpeg\u0022 sizes=\u0022100vw\u0022\/\u003E\n                  \u003Cimg srcset=\u0022\/sites\/default\/files\/styles\/max_650x650\/public\/2016-09\/Busca%20UABC%20proteger%20la%20propiedad%20intelectual%20de%20los%20universitarios03.jpg?itok=N8gHU6Pu 650w, \/sites\/default\/files\/styles\/max_1300x1300\/public\/2016-09\/Busca%20UABC%20proteger%20la%20propiedad%20intelectual%20de%20los%20universitarios03.jpg?itok=cRhnhD1W 1300w, \/sites\/default\/files\/styles\/max_1900x1900\/public\/2016-09\/Busca%20UABC%20proteger%20la%20propiedad%20intelectual%20de%20los%20universitarios03.jpg?itok=vglWOTWt 1900w\u0022 sizes=\u0022100vw\u0022 src=\u0022\/sites\/default\/files\/styles\/max_1300x1300\/public\/2016-09\/Busca%20UABC%20proteger%20la%20propiedad%20intelectual%20de%20los%20universitarios03.jpg?itok=cRhnhD1W\u0022 alt=\u0022Foro de An\u00e1lisis_Propiedad Intelectual_CESU\u0022 typeof=\u0022foaf:Image\u0022 class=\u0022img-fluid\u0022 \/\u003E\n\n  \u003C\/picture\u003E\n\n\u003C\/div\u003E\n      \n  \n\n      \u003Cdiv  class=\u0022boton-expander\u0022\u003E\n        \n                  \u003Cdiv class=\u0022item-list\u0022\u003E\u003Cul\u003E\u003Cli\u003E\u003Ca href=\u0022\/ds-switch-view-mode\/node\/285\/media_collapsed?selector=view-mode-media_expanded\u0022 class=\u0022use-ajax\u0022\u003E\u2191\u003C\/a\u003E\u003C\/li\u003E\u003C\/ul\u003E\u003C\/div\u003E\n      \n  \n    \u003C\/div\u003E\n\n\n  \u003C\/div\u003E\n\n  \u003Cdiv class=\u0022area-info group-middle\u0022\u003E\n    \n\u003Cdiv  class=\u0022inner\u0022\u003E\n          \n                          \u003Ch2  class=\u0022titulo\u0022 \u003E\n        Busca UABC proteger la propiedad intelectual de los universitarios\n\u003C\/h2\u003E\n      \n  \n\n    \n                          \u003Cdiv  class=\u0022resumen\u0022 \u003E\n      Analizan propuestas de alto impacto para garantizar la propiedad intelectual dentro de la Universidad.\u003C\/div\u003E\n      \n  \n\n\n\u003Cdiv  class=\u0022datos\u0022\u003E\n            \u003Cdiv  class=\u0022campus\u0022\u003E\n            \u003Cdiv  class=\u0022field-label-inline\u0022\u003ECampus\u003C\/div\u003E\n  \n                  \u003Ca href=\u0022\/campus\/mexicali\u0022 hreflang=\u0022es\u0022\u003EMexicali\u003C\/a\u003E\n      \n  \n    \u003C\/div\u003E\n\n    \n                          \u003Cdiv  class=\u0022fecha\u0022 \u003E\n      13 de Septiembre de 2016\u003C\/div\u003E\n      \n  \n\n\n  \u003C\/div\u003E\n    \n                          \u003Cdiv  class=\u0022texto\u0022 \u003E\n      \u003Cp\u003ESe llev\u00f3 a cabo el \u201cForo de An\u00e1lisis: Pol\u00edticas y Normatividad de Propiedad Intelectual\u201d, organizado por el Centro de Estudios Sobre la Universidad (CESU) de la Universidad Aut\u00f3noma de Baja California (UABC), con el objetivo de recibir aportaciones de acad\u00e9micos y de la comunidad universitaria en general,\u00a0para enriquecer el proyecto normativo de propiedad intelectual universitario, que actualmente est\u00e1 en proceso de elaboraci\u00f3n.\u003C\/p\u003E\n\n\u003Cp\u003EEl evento fue presidido por el doctor Juan \u00c1lvarez L\u00f3pez, Presidente de la Junta de Gobierno de la UABC y el doctor Alfredo F\u00e9lix Buenrostro Ceballos, Coordinador del CESU, quien mencion\u00f3 que en este proyecto se ha contado con la colaboraci\u00f3n directa del Instituto Mexicano de la Propiedad Industrial (IMPI) y del Instituto Nacional del Derecho de Autor (Indautor).\u003C\/p\u003E\n\n\u003Cp\u003EIndic\u00f3 el doctor Buenrostro Ceballos que el Rector de la UABC, doctor Juan Manuel Ocegueda Hern\u00e1ndez, solicit\u00f3 que este proyecto se realice participativamente, captando la opini\u00f3n de la comunidad universitaria, fundamentalmente de quienes est\u00e1n involucrados directamente en el tema.\u003C\/p\u003E\n\n\u003Cp\u003EPor tal motivo establecieron mesas de trabajo, donde se realiz\u00f3 el an\u00e1lisis de 25 propuestas, divididas en cinco tem\u00e1ticas: \u201cDerechos de autor y administraci\u00f3n del programa de Propiedad Intelectual en la UABC\u201d, \u201cPropiedad industrial\u201d, \u201cAdministraci\u00f3n del Programa Propiedad Intelectual en la UABC\u201d, \u201cTransferencia de tecnolog\u00eda\u201d, as\u00ed como \u201cContratos, convenios y otras figuras legales\u201d.\u003C\/p\u003E\n\n\u003Cp\u003EDichas mesas fueron presididas por los exrectores de la M\u00e1xima Casa de Estudios, arquitecto Rub\u00e9n Castro Boj\u00f3rquez, maestro Luis Javier Garavito El\u00edas, doctor Alejandro Mungaray Lagarda, licenciado Rigoberto C\u00e1rdenas Valdez y el propio doctor Buenrostro Ceballos. En cada una se cont\u00f3 con la presencia de un representante del IMPI o del Indautor.\u003C\/p\u003E\n\n\u003Cp\u003ELos participantes fueron acad\u00e9micos de diversas unidades acad\u00e9micas de los tres Campus Universitarios en el Estado y personal de dependencias administrativas, quienes presentaron propuestas de alto impacto para garantizar la propiedad intelectual dentro de la Universidad.\u00a0\u003C\/p\u003E\n\n\u003Cp\u003EEl licenciado Ricardo Ram\u00edrez Gamboa, Titular de la Oficia Regional de Occidente del IMPI, durante la inauguraci\u00f3n destac\u00f3 que la participaci\u00f3n de los Cimarrones en este rubro, se convierte en un impulso para generar la protecci\u00f3n de las ideas e invenciones de la comunidad universitaria a trav\u00e9s de la propiedad intelectual, la cual constituye una herramienta al servicio del crecimiento econ\u00f3mico y la creaci\u00f3n de riqueza.\u003C\/p\u003E\n\n\u003Cp\u003ESe\u00f1al\u00f3 que la comunidad universitaria en estas mesas de trabajo, aspira a proteger comercializar, licenciar o transferir todo activo intangible que se genere y as\u00ed sumarse a la din\u00e1mica innovadora que demanda Baja California\u003C\/p\u003E\n\n\u003Cp\u003EFinalmente, el maestro Alberto Arenas Badillo, Subdirector de proyectos de la Direcci\u00f3n Jur\u00eddica del Indautor, subray\u00f3 que en la UABC hay una\u00a0pol\u00edtica clara de la propiedad intelectual, por lo que inst\u00f3 a los participantes del Foro a seguir contribuyendo en la formaci\u00f3n del proyecto\u00a0normativo universitario en este tema. \u201cEspero que las actividades de hoy, nos lleven a esa meta que nos hemos fijado y contar con esa legislaci\u00f3n que es en beneficio de la Universidad\u201d, puntualiz\u00f3.\u003C\/p\u003E\n\n\u003Cp\u003ECabe mencionar que el\u00a0\u201cForo de An\u00e1lisis: Pol\u00edticas y Normatividad de Propiedad Intelectual\u201d forma parte de las \u201cJornadas Universitarias sobre Propiedad Intelectual\u201d que cerrar\u00e1 actividades con la presentaci\u00f3n de la conferencia magistral \u201cEl valor del conocimiento\u201d, que se impartir\u00e1 en octubre del presente a\u00f1o.\u003C\/p\u003E\u003C\/div\u003E\n      \n  \n\n    \n            \u003Cdiv  class=\u0022palabras-clave\u0022\u003E\n                        \u003Ca href=\u0022\/tags\/foro-de-analisis\u0022 hreflang=\u0022es\u0022\u003EForo de An\u00e1lisis\u003C\/a\u003E\n                \u003Ca href=\u0022\/tags\/propiedad-intelectual\u0022 hreflang=\u0022es\u0022\u003EPropiedad Intelectual\u003C\/a\u003E\n                \u003Ca href=\u0022\/tags\/cesu\u0022 hreflang=\u0022es\u0022\u003ECESU\u003C\/a\u003E\n      \n      \u003C\/div\u003E\n  \n\n\n  \u003C\/div\u003E\n\n  \u003C\/div\u003E\n\n  \u003Cdiv class=\u0022area-extras group-right\u0022\u003E\n        \n                          \u003Cdiv  class=\u0022enlace-blockBottom\u0022 \u003E\n      \u003Cdiv\u003EVer m\u00e1s \u003Ca href=\u0022http:\/\/gaceta.uabc.mx\/notas\u0022\u003ENotas\u003C\/a\u003E\u003C\/div\u003E\n\u003C\/div\u003E\n      \n  \n\n\n  \u003C\/div\u003E\n\n\u003C\/div\u003E\n\n","settings":null}]