[{"command":"settings","settings":{"pluralDelimiter":"\u0003","suppressDeprecationErrors":true,"ajaxPageState":{"libraries":"core\/drupal.ajax,core\/picturefill,ds\/ds_3col_equal_width","theme":"gaceta","theme_token":null},"ajaxTrustedUrl":[],"field_group":{"html_element":{"mode":"media_expanded","context":"view","settings":{"classes":"datos","show_empty_fields":false,"id":"","element":"div","show_label":false,"label_element":"h3","label_element_classes":"","attributes":"","effect":"none","speed":"fast"}}},"user":{"uid":0,"permissionsHash":"55dc977d165ab1e05e51b6cc6487f6d73e65ab536d99ee82c6990d9001d5c21c"}},"merge":true},{"command":"add_css","data":"\u003Clink rel=\u0022stylesheet\u0022 media=\u0022all\u0022 href=\u0022\/sites\/default\/files\/css\/css_mxJrjoKKAZuuB4_4f-B1u9VnFZxvSor3Az4JEdrFEso.css\u0022 \/\u003E\n\u003Clink rel=\u0022stylesheet\u0022 media=\u0022all\u0022 href=\u0022\/sites\/default\/files\/css\/css_-BXSGQpS8YTwwuXGbPoshUvZ7W-_HbYR3H7d0DA_mEY.css\u0022 \/\u003E\n\u003Clink rel=\u0022stylesheet\u0022 media=\u0022all\u0022 href=\u0022\/sites\/default\/files\/css\/css_89YreTu0npezhXSakRJR9TVHyBS9bTcyt0s3IckAe-M.css\u0022 \/\u003E\n"},{"command":"add_js","selector":"body","data":[{"src":"\/sites\/default\/files\/js\/js_9UaAhXvc9u0KYXXUw-OKyLP2baQxdV4zY3Y_KGurcvY.js"},{"src":"\/sites\/default\/files\/js\/js_oDJxUBLBzfRb_FDgNfkNOm9-tiatS2kNfxQIeVRZA7Y.js"},{"src":"\/sites\/default\/files\/js\/js_YM82KRuzNIr2X-Kb8pQW8cOcSbWgQ_QGKclTYJ_aMlI.js"},{"src":"\/sites\/default\/files\/js\/js_pqqsPPmPmxKgamY6qk_WSawtL05XH_yAY8GkPHVyahI.js"}]},{"command":"insert","method":"replaceWith","selector":".view-mode-full","data":"\u003Cdiv data-history-node-id=\u00223027\u0022 class=\u0022contenido view-mode-media_expanded ds-3col-equal clearfix\u0022\u003E\n\n  \n\n  \u003Cdiv class=\u0022area-medios group-left\u0022\u003E\n        \n                          \u003Cdiv  class=\u0022imagen\u0022 \u003E\n          \u003Cpicture\u003E\n                  \u003Csource srcset=\u0022\/sites\/default\/files\/styles\/max_650x650\/public\/2018-04\/Festejan%2030%20aniversario%20de%20la%20Facultad%20de%20Artes%20e%20Idiomas%20Tecate.webp?itok=ppLUf9IZ 650w, \/sites\/default\/files\/styles\/max_1300x1300\/public\/2018-04\/Festejan%2030%20aniversario%20de%20la%20Facultad%20de%20Artes%20e%20Idiomas%20Tecate.webp?itok=1Hi_ZQPK 1300w, \/sites\/default\/files\/styles\/max_1900x1900\/public\/2018-04\/Festejan%2030%20aniversario%20de%20la%20Facultad%20de%20Artes%20e%20Idiomas%20Tecate.webp?itok=c-HedLq_ 1496w\u0022 type=\u0022image\/webp\u0022 sizes=\u0022100vw\u0022\/\u003E\n              \u003Csource srcset=\u0022\/sites\/default\/files\/styles\/max_650x650\/public\/2018-04\/Festejan%2030%20aniversario%20de%20la%20Facultad%20de%20Artes%20e%20Idiomas%20Tecate.jpg?itok=ppLUf9IZ 650w, \/sites\/default\/files\/styles\/max_1300x1300\/public\/2018-04\/Festejan%2030%20aniversario%20de%20la%20Facultad%20de%20Artes%20e%20Idiomas%20Tecate.jpg?itok=1Hi_ZQPK 1300w, \/sites\/default\/files\/styles\/max_1900x1900\/public\/2018-04\/Festejan%2030%20aniversario%20de%20la%20Facultad%20de%20Artes%20e%20Idiomas%20Tecate.jpg?itok=c-HedLq_ 1496w\u0022 type=\u0022image\/jpeg\u0022 sizes=\u0022100vw\u0022\/\u003E\n                  \u003Cimg srcset=\u0022\/sites\/default\/files\/styles\/max_650x650\/public\/2018-04\/Festejan%2030%20aniversario%20de%20la%20Facultad%20de%20Artes%20e%20Idiomas%20Tecate.jpg?itok=ppLUf9IZ 650w, \/sites\/default\/files\/styles\/max_1300x1300\/public\/2018-04\/Festejan%2030%20aniversario%20de%20la%20Facultad%20de%20Artes%20e%20Idiomas%20Tecate.jpg?itok=1Hi_ZQPK 1300w, \/sites\/default\/files\/styles\/max_1900x1900\/public\/2018-04\/Festejan%2030%20aniversario%20de%20la%20Facultad%20de%20Artes%20e%20Idiomas%20Tecate.jpg?itok=c-HedLq_ 1496w\u0022 sizes=\u0022100vw\u0022 src=\u0022\/sites\/default\/files\/styles\/max_1300x1300\/public\/2018-04\/Festejan%2030%20aniversario%20de%20la%20Facultad%20de%20Artes%20e%20Idiomas%20Tecate.jpg?itok=1Hi_ZQPK\u0022 alt=\u002230 Aniversario_Fundaci\u00f3n_Facultad de Artes_Facultad de Idiomas_Tecate\u0022 typeof=\u0022foaf:Image\u0022 class=\u0022img-fluid\u0022 \/\u003E\n\n  \u003C\/picture\u003E\n\n\u003C\/div\u003E\n      \n  \n\n      \u003Cdiv  class=\u0022boton-expander\u0022\u003E\n        \n                  \u003Cdiv class=\u0022item-list\u0022\u003E\u003Cul\u003E\u003Cli\u003E\u003Ca href=\u0022\/ds-switch-view-mode\/node\/3027\/media_collapsed?selector=view-mode-media_expanded\u0022 class=\u0022use-ajax\u0022\u003E\u2191\u003C\/a\u003E\u003C\/li\u003E\u003C\/ul\u003E\u003C\/div\u003E\n      \n  \n    \u003C\/div\u003E\n\n\n  \u003C\/div\u003E\n\n  \u003Cdiv class=\u0022area-info group-middle\u0022\u003E\n    \n\u003Cdiv  class=\u0022inner\u0022\u003E\n          \n                          \u003Ch2  class=\u0022titulo\u0022 \u003E\n        Festejan 30 aniversario de la Facultad de Artes e Idiomas Tecate\n\u003C\/h2\u003E\n      \n  \n\n    \n                          \u003Cdiv  class=\u0022resumen\u0022 \u003E\n      Las unidades acad\u00e9micas han formado destacados profesionistas.\u003C\/div\u003E\n      \n  \n\n\n\u003Cdiv  class=\u0022datos\u0022\u003E\n            \u003Cdiv  class=\u0022autor\u0022\u003E\n            \u003Cdiv  class=\u0022field-label-inline\u0022\u003EPor\u003C\/div\u003E\n  \n                  \u003Ca href=\u0022\/autores\/alejandra-rodriguez-montoya\u0022 hreflang=\u0022es\u0022\u003EAlejandra Rodr\u00edguez Montoya\u003C\/a\u003E\n      \n  \n    \u003C\/div\u003E\n\n      \u003Cdiv  class=\u0022campus\u0022\u003E\n            \u003Cdiv  class=\u0022field-label-inline\u0022\u003ECampus\u003C\/div\u003E\n  \n                  \u003Ca href=\u0022\/campus\/tijuana\u0022 hreflang=\u0022es\u0022\u003ETijuana\u003C\/a\u003E\n      \n  \n    \u003C\/div\u003E\n\n    \n                          \u003Cdiv  class=\u0022fecha\u0022 \u003E\n      27 de Abril de 2018\u003C\/div\u003E\n      \n  \n\n\n  \u003C\/div\u003E\n    \n                          \u003Cdiv  class=\u0022texto\u0022 \u003E\n      \u003Cp\u003ECon el motivo de conmemorar el trig\u00e9simo aniversario de las facultades de Artes y de Idiomas, Tecate, se realiz\u00f3 la ceremonia oficial de celebraci\u00f3n en la Unidad Universitaria. \u003C\/p\u003E\n\n\u003Cp\u003E\u201cEs un verdadero placer poder acompa\u00f1arles a conmemorar un a\u00f1o m\u00e1s de vida de estas unidades acad\u00e9micas. Ya son 30 a\u00f1os de formar destacados profesionistas que han hecho de estas, unas facultades sobresalientes, s\u00f3lidas y con prestigio\u201d, comparti\u00f3 la doctora Mar\u00eda Eugenia P\u00e9rez Morales, Vicerrectora de Campus Tijuana.\u003C\/p\u003E\n\n\u003Cp\u003ELa actual Facultad de Artes ha sido desde su fundaci\u00f3n uno de los espacios destacados para la promoci\u00f3n y difusi\u00f3n cultural. Inici\u00f3 sus actividades con los talleres de cer\u00e1mica y pintura con el maestro Salvador Maga\u00f1a y el maestro \u00c1lvaro Blancarte, que se hacen notar en la formaci\u00f3n de artistas pl\u00e1sticos de la regi\u00f3n.\u003C\/p\u003E\n\n\u003Cp\u003EAdem\u00e1s, ha destacado con el taller de teatro al producir m\u00faltiples puestas en escena, algunas de ellas presentadas fuera del municipio, sin dejar de lado sus actividades en danza, m\u00fasica, literatura y fotograf\u00eda. Tambi\u00e9n ha sido emprendedora de proyectos como Ensamble Renacentista, que tiene la iniciativa de formar una orquesta juvenil universitaria. \u003C\/p\u003E\n\n\u003Cp\u003EPor su parte, la Facultad de Idiomas inici\u00f3 en los ochenta con cuatro grupos y cinco profesores. Desde un principio se ha comprometido con la promoci\u00f3n de eventos acad\u00e9micos como el Congreso Internacional de Idiomas, el Congreso de Franc\u00e9s, cursos de actualizaci\u00f3n y formaci\u00f3n para el personal docente. As\u00ed como la difusi\u00f3n cultural a trav\u00e9s de acciones como el D\u00eda de las Culturas, con el fin de proporcionar una educaci\u00f3n integral, acad\u00e9mica y cultural.\u003C\/p\u003E\n\n\u003Cp\u003EDurante la ceremonia estuvieron presentes la licenciada Nereida Fuentes Gonz\u00e1lez, Alcaldesa de Tecate; el doctor Felipe Cuamea Vel\u00e1zquez, Presidente de la Junta de Gobierno UABC; el licenciado Fernando Dur\u00e1n Mart\u00ednez, Representante del Patronato Universitario; el maestro Daniel Serrano Moreno, Director Facultad de Artes; el maestro L\u00e1zaro Gabriel M\u00e1rquez Escudero, Director Facultad de Idiomas; y el doctor Alfredo F\u00e9lix Buenrostro Ceballos, Coordinador General del Centro de Estudios Sobre la Universidad.\u003C\/p\u003E\n\n\u003Cp\u003E\u00a0\u003C\/p\u003E\n\n\u003Cp\u003EFOTO: Cortes\u00eda.\u003C\/p\u003E\u003C\/div\u003E\n      \n  \n\n    \n            \u003Cdiv  class=\u0022palabras-clave\u0022\u003E\n                        \u003Ca href=\u0022\/tags\/30-aniversario\u0022 hreflang=\u0022es\u0022\u003E30 Aniversario\u003C\/a\u003E\n                \u003Ca href=\u0022\/tags\/fundacion\u0022 hreflang=\u0022es\u0022\u003EFundaci\u00f3n\u003C\/a\u003E\n                \u003Ca href=\u0022\/tags\/facultad-de-artes\u0022 hreflang=\u0022es\u0022\u003EFacultad de Artes\u003C\/a\u003E\n                \u003Ca href=\u0022\/tags\/facultad-de-idiomas\u0022 hreflang=\u0022es\u0022\u003EFacultad de Idiomas\u003C\/a\u003E\n                \u003Ca href=\u0022\/tags\/tecate\u0022 hreflang=\u0022es\u0022\u003ETecate\u003C\/a\u003E\n      \n      \u003C\/div\u003E\n  \n\n\n  \u003C\/div\u003E\n\n  \u003C\/div\u003E\n\n  \u003Cdiv class=\u0022area-extras group-right\u0022\u003E\n        \n                          \u003Cdiv  class=\u0022enlace-blockBottom\u0022 \u003E\n      \u003Cdiv\u003EVer m\u00e1s \u003Ca href=\u0022http:\/\/gaceta.uabc.mx\/notas\u0022\u003ENotas\u003C\/a\u003E\u003C\/div\u003E\n\u003C\/div\u003E\n      \n  \n\n\n  \u003C\/div\u003E\n\n\u003C\/div\u003E\n\n","settings":null}]