[{"command":"settings","settings":{"pluralDelimiter":"\u0003","suppressDeprecationErrors":true,"ajaxPageState":{"libraries":"core\/drupal.ajax,core\/picturefill,ds\/ds_3col_equal_width","theme":"gaceta","theme_token":null},"ajaxTrustedUrl":[],"field_group":{"html_element":{"mode":"media_expanded","context":"view","settings":{"classes":"datos","show_empty_fields":false,"id":"","element":"div","show_label":false,"label_element":"h3","label_element_classes":"","attributes":"","effect":"none","speed":"fast"}}},"user":{"uid":0,"permissionsHash":"55dc977d165ab1e05e51b6cc6487f6d73e65ab536d99ee82c6990d9001d5c21c"}},"merge":true},{"command":"add_css","data":"\u003Clink rel=\u0022stylesheet\u0022 media=\u0022all\u0022 href=\u0022\/sites\/default\/files\/css\/css_mxJrjoKKAZuuB4_4f-B1u9VnFZxvSor3Az4JEdrFEso.css\u0022 \/\u003E\n\u003Clink rel=\u0022stylesheet\u0022 media=\u0022all\u0022 href=\u0022\/sites\/default\/files\/css\/css_-BXSGQpS8YTwwuXGbPoshUvZ7W-_HbYR3H7d0DA_mEY.css\u0022 \/\u003E\n\u003Clink rel=\u0022stylesheet\u0022 media=\u0022all\u0022 href=\u0022\/sites\/default\/files\/css\/css_89YreTu0npezhXSakRJR9TVHyBS9bTcyt0s3IckAe-M.css\u0022 \/\u003E\n"},{"command":"add_js","selector":"body","data":[{"src":"\/sites\/default\/files\/js\/js_9UaAhXvc9u0KYXXUw-OKyLP2baQxdV4zY3Y_KGurcvY.js"},{"src":"\/sites\/default\/files\/js\/js_oDJxUBLBzfRb_FDgNfkNOm9-tiatS2kNfxQIeVRZA7Y.js"},{"src":"\/sites\/default\/files\/js\/js_YM82KRuzNIr2X-Kb8pQW8cOcSbWgQ_QGKclTYJ_aMlI.js"},{"src":"\/sites\/default\/files\/js\/js_pqqsPPmPmxKgamY6qk_WSawtL05XH_yAY8GkPHVyahI.js"}]},{"command":"insert","method":"replaceWith","selector":".view-mode-full","data":"\u003Cdiv data-history-node-id=\u00223040\u0022 class=\u0022contenido view-mode-media_expanded ds-3col-equal clearfix\u0022\u003E\n\n  \n\n  \u003Cdiv class=\u0022area-medios group-left\u0022\u003E\n        \n                          \u003Cdiv  class=\u0022imagen\u0022 \u003E\n          \u003Cpicture\u003E\n                  \u003Csource srcset=\u0022\/sites\/default\/files\/styles\/max_650x650\/public\/2018-04\/Promueven%20%E2%80%9CV%20Semana%20de%20Relaciones%20Internacionales%E2%80%9D.webp?itok=Al7vGB4n 650w, \/sites\/default\/files\/styles\/max_1300x1300\/public\/2018-04\/Promueven%20%E2%80%9CV%20Semana%20de%20Relaciones%20Internacionales%E2%80%9D.webp?itok=MX4tVnuc 1300w, \/sites\/default\/files\/styles\/max_1900x1900\/public\/2018-04\/Promueven%20%E2%80%9CV%20Semana%20de%20Relaciones%20Internacionales%E2%80%9D.webp?itok=uPw9p7Nz 1685w\u0022 type=\u0022image\/webp\u0022 sizes=\u0022100vw\u0022\/\u003E\n              \u003Csource srcset=\u0022\/sites\/default\/files\/styles\/max_650x650\/public\/2018-04\/Promueven%20%E2%80%9CV%20Semana%20de%20Relaciones%20Internacionales%E2%80%9D.jpg?itok=Al7vGB4n 650w, \/sites\/default\/files\/styles\/max_1300x1300\/public\/2018-04\/Promueven%20%E2%80%9CV%20Semana%20de%20Relaciones%20Internacionales%E2%80%9D.jpg?itok=MX4tVnuc 1300w, \/sites\/default\/files\/styles\/max_1900x1900\/public\/2018-04\/Promueven%20%E2%80%9CV%20Semana%20de%20Relaciones%20Internacionales%E2%80%9D.jpg?itok=uPw9p7Nz 1685w\u0022 type=\u0022image\/jpeg\u0022 sizes=\u0022100vw\u0022\/\u003E\n                  \u003Cimg srcset=\u0022\/sites\/default\/files\/styles\/max_650x650\/public\/2018-04\/Promueven%20%E2%80%9CV%20Semana%20de%20Relaciones%20Internacionales%E2%80%9D.jpg?itok=Al7vGB4n 650w, \/sites\/default\/files\/styles\/max_1300x1300\/public\/2018-04\/Promueven%20%E2%80%9CV%20Semana%20de%20Relaciones%20Internacionales%E2%80%9D.jpg?itok=MX4tVnuc 1300w, \/sites\/default\/files\/styles\/max_1900x1900\/public\/2018-04\/Promueven%20%E2%80%9CV%20Semana%20de%20Relaciones%20Internacionales%E2%80%9D.jpg?itok=uPw9p7Nz 1685w\u0022 sizes=\u0022100vw\u0022 src=\u0022\/sites\/default\/files\/styles\/max_1300x1300\/public\/2018-04\/Promueven%20%E2%80%9CV%20Semana%20de%20Relaciones%20Internacionales%E2%80%9D.jpg?itok=MX4tVnuc\u0022 alt=\u0022V_Semana_Relaciones Internacionales_Cultura_China\u0022 typeof=\u0022foaf:Image\u0022 class=\u0022img-fluid\u0022 \/\u003E\n\n  \u003C\/picture\u003E\n\n\u003C\/div\u003E\n      \n  \n\n      \u003Cdiv  class=\u0022boton-expander\u0022\u003E\n        \n                  \u003Cdiv class=\u0022item-list\u0022\u003E\u003Cul\u003E\u003Cli\u003E\u003Ca href=\u0022\/ds-switch-view-mode\/node\/3040\/media_collapsed?selector=view-mode-media_expanded\u0022 class=\u0022use-ajax\u0022\u003E\u2191\u003C\/a\u003E\u003C\/li\u003E\u003C\/ul\u003E\u003C\/div\u003E\n      \n  \n    \u003C\/div\u003E\n\n\n  \u003C\/div\u003E\n\n  \u003Cdiv class=\u0022area-info group-middle\u0022\u003E\n    \n\u003Cdiv  class=\u0022inner\u0022\u003E\n          \n                          \u003Ch2  class=\u0022titulo\u0022 \u003E\n        Promueven \u201cV Semana de Relaciones Internacionales\u201d\n\u003C\/h2\u003E\n      \n  \n\n    \n                          \u003Cdiv  class=\u0022resumen\u0022 \u003E\n      La cultura china fue el tema central.\u003C\/div\u003E\n      \n  \n\n\n\u003Cdiv  class=\u0022datos\u0022\u003E\n            \u003Cdiv  class=\u0022autor\u0022\u003E\n            \u003Cdiv  class=\u0022field-label-inline\u0022\u003EPor\u003C\/div\u003E\n  \n                  \u003Ca href=\u0022\/autores\/nidia-natasha-miranda-guevara\u0022 hreflang=\u0022es\u0022\u003ENidia Natasha Miranda Guevara\u003C\/a\u003E\n      \n  \n    \u003C\/div\u003E\n\n      \u003Cdiv  class=\u0022campus\u0022\u003E\n            \u003Cdiv  class=\u0022field-label-inline\u0022\u003ECampus\u003C\/div\u003E\n  \n                  \u003Ca href=\u0022\/campus\/mexicali\u0022 hreflang=\u0022es\u0022\u003EMexicali\u003C\/a\u003E\n      \n  \n    \u003C\/div\u003E\n\n    \n                          \u003Cdiv  class=\u0022fecha\u0022 \u003E\n      30 de Abril de 2018\u003C\/div\u003E\n      \n  \n\n\n  \u003C\/div\u003E\n    \n                          \u003Cdiv  class=\u0022texto\u0022 \u003E\n      \u003Cp\u003ECon la intenci\u00f3n de fomentar el aprendizaje sobre la cultura, sociedad, pol\u00edtica y econom\u00eda de las distintas regiones del mundo, se inaugur\u00f3 la \u201cV Semana de Relaciones Internacionales\u201d, en la en la Facultad de Ciencias Sociales y Pol\u00edticas (FCSyP) de la UABC.\u003C\/p\u003E\n\n\u003Cp\u003ELa Presidenta del Comit\u00e9 Local de Estudiantes de Relaciones Internacionales (Cleri) de la FCSyP, Clarissa Gisel Beltr\u00e1n Ramos, agradeci\u00f3 a los j\u00f3venes que participaron en la realizaci\u00f3n este evento y destac\u00f3 que las actividades que conforman el programa ser\u00e1n enriquecedoras, ya que incluye conferencias, pl\u00e1ticas, documentales y talleres.\u003C\/p\u003E\n\n\u003Cp\u003EEl doctor Rodolfo Mart\u00edn G\u00f3mez Castellanos, Director de la Facultad, reconoci\u00f3 el esfuerzo de los alumnos y de la propia Unidad Acad\u00e9mica en relaci\u00f3n a la carrera de Relaciones Internacionales porque esta ha crecido en inter\u00e9s entre los j\u00f3venes y record\u00f3 el empe\u00f1o con que se trabaj\u00f3 en a\u00f1os anteriores para que formara parte de esta Instituci\u00f3n.\u003C\/p\u003E\n\n\u003Cp\u003ERub\u00e9n Ernesto Hern\u00e1ndez Chen, conocido como \u201cJunior Chen\u201d, particip\u00f3 como ponente con la pl\u00e1tica \u0022Or\u00edgenes y secretos de la Chinesca\u0022, donde se abord\u00f3 c\u00f3mo y cu\u00e1ndo llega la comunidad china a Mexicali, la fundaci\u00f3n del valle agr\u00edcola, el asentamiento en el centro de la ciudad, en la zona conocida popularmente como \u201cLa Chinesca\u201d, en la cual vivieron los primeros pobladores orientales, que fueron entre 200 y 300 aproximadamente.\u003C\/p\u003E\n\n\u003Cp\u003E\u201cEste tipo de eventos fortalece el liderazgo de los j\u00f3venes y son foros muy interesantes donde la gente puede tener una visi\u00f3n mucho m\u00e1s amplia de las diferentes culturas que han estado generando una actividad social econ\u00f3mica importante en Mexicali\u201d, puntualiz\u00f3 Junior Chen. \u003C\/p\u003E\n\n\u003Cp\u003ETambi\u00e9n se tuvieron las conferencias \u201cFusi\u00f3n Cultural\u201d, \u201cMigraci\u00f3n china: aspectos culturales\u201d y \u201cDerechos Humanos en el contexto asi\u00e1tico\u201d. Asimismo, se realiz\u00f3 una mesa de di\u00e1logo sobre la migraci\u00f3n china y su mestizaje. Se efectu\u00f3 un taller de caligraf\u00eda china y la proyecci\u00f3n del documental \u201cEl legado de mi raza\u201d.\u003C\/p\u003E\n\n\u003Cp\u003EEl Cleri de la FCSyP organiza este evento lleno de actividades relacionadas a la cultura china que es parte fundamental de Mexicali, para su historia y fundaci\u00f3n de la misma. Las actividades se realizar\u00e1n el 27 y 30 de abril, y 02 de mayo del presente a\u00f1o.\u003C\/p\u003E\u003C\/div\u003E\n      \n  \n\n    \n            \u003Cdiv  class=\u0022palabras-clave\u0022\u003E\n                        \u003Ca href=\u0022\/tags\/v\u0022 hreflang=\u0022es\u0022\u003EV\u003C\/a\u003E\n                \u003Ca href=\u0022\/tags\/semana\u0022 hreflang=\u0022es\u0022\u003ESemana\u003C\/a\u003E\n                \u003Ca href=\u0022\/tags\/relaciones-internacionales\u0022 hreflang=\u0022es\u0022\u003ERelaciones Internacionales\u003C\/a\u003E\n                \u003Ca href=\u0022\/tags\/cultura\u0022 hreflang=\u0022es\u0022\u003ECultura\u003C\/a\u003E\n                \u003Ca href=\u0022\/tags\/china\u0022 hreflang=\u0022es\u0022\u003EChina\u003C\/a\u003E\n      \n      \u003C\/div\u003E\n  \n\n\n  \u003C\/div\u003E\n\n  \u003C\/div\u003E\n\n  \u003Cdiv class=\u0022area-extras group-right\u0022\u003E\n        \n                          \u003Cdiv  class=\u0022enlace-blockBottom\u0022 \u003E\n      \u003Cdiv\u003EVer m\u00e1s \u003Ca href=\u0022http:\/\/gaceta.uabc.mx\/notas\u0022\u003ENotas\u003C\/a\u003E\u003C\/div\u003E\n\u003C\/div\u003E\n      \n  \n\n\n  \u003C\/div\u003E\n\n\u003C\/div\u003E\n\n","settings":null}]