[{"command":"settings","settings":{"pluralDelimiter":"\u0003","suppressDeprecationErrors":true,"ajaxPageState":{"libraries":"core\/drupal.ajax,core\/picturefill,ds\/ds_3col_equal_width","theme":"gaceta","theme_token":null},"ajaxTrustedUrl":[],"field_group":{"html_element":{"mode":"media_expanded","context":"view","settings":{"classes":"datos","show_empty_fields":false,"id":"","element":"div","show_label":false,"label_element":"h3","label_element_classes":"","attributes":"","effect":"none","speed":"fast"}}},"user":{"uid":0,"permissionsHash":"55dc977d165ab1e05e51b6cc6487f6d73e65ab536d99ee82c6990d9001d5c21c"}},"merge":true},{"command":"add_css","data":"\u003Clink rel=\u0022stylesheet\u0022 media=\u0022all\u0022 href=\u0022\/sites\/default\/files\/css\/css_mxJrjoKKAZuuB4_4f-B1u9VnFZxvSor3Az4JEdrFEso.css\u0022 \/\u003E\n\u003Clink rel=\u0022stylesheet\u0022 media=\u0022all\u0022 href=\u0022\/sites\/default\/files\/css\/css_-BXSGQpS8YTwwuXGbPoshUvZ7W-_HbYR3H7d0DA_mEY.css\u0022 \/\u003E\n\u003Clink rel=\u0022stylesheet\u0022 media=\u0022all\u0022 href=\u0022\/sites\/default\/files\/css\/css_89YreTu0npezhXSakRJR9TVHyBS9bTcyt0s3IckAe-M.css\u0022 \/\u003E\n"},{"command":"add_js","selector":"body","data":[{"src":"\/sites\/default\/files\/js\/js_9UaAhXvc9u0KYXXUw-OKyLP2baQxdV4zY3Y_KGurcvY.js"},{"src":"\/sites\/default\/files\/js\/js_oDJxUBLBzfRb_FDgNfkNOm9-tiatS2kNfxQIeVRZA7Y.js"},{"src":"\/sites\/default\/files\/js\/js_YM82KRuzNIr2X-Kb8pQW8cOcSbWgQ_QGKclTYJ_aMlI.js"},{"src":"\/sites\/default\/files\/js\/js_pqqsPPmPmxKgamY6qk_WSawtL05XH_yAY8GkPHVyahI.js"}]},{"command":"insert","method":"replaceWith","selector":".view-mode-full","data":"\u003Cdiv data-history-node-id=\u00223190\u0022 class=\u0022contenido view-mode-media_expanded ds-3col-equal clearfix\u0022\u003E\n\n  \n\n  \u003Cdiv class=\u0022area-medios group-left\u0022\u003E\n        \n                          \u003Cdiv  class=\u0022imagen\u0022 \u003E\n          \u003Cpicture\u003E\n                  \u003Csource srcset=\u0022\/sites\/default\/files\/styles\/max_650x650\/public\/2018-05\/Presentan%20universitarios%2064%20proyectos%20de%20emprendimiento03.webp?itok=qX4sOIEy 650w, \/sites\/default\/files\/styles\/max_1300x1300\/public\/2018-05\/Presentan%20universitarios%2064%20proyectos%20de%20emprendimiento03.webp?itok=2M0wFsW1 1300w, \/sites\/default\/files\/styles\/max_1900x1900\/public\/2018-05\/Presentan%20universitarios%2064%20proyectos%20de%20emprendimiento03.webp?itok=IiRMKAmy 1504w\u0022 type=\u0022image\/webp\u0022 sizes=\u0022100vw\u0022\/\u003E\n              \u003Csource srcset=\u0022\/sites\/default\/files\/styles\/max_650x650\/public\/2018-05\/Presentan%20universitarios%2064%20proyectos%20de%20emprendimiento03.jpg?itok=qX4sOIEy 650w, \/sites\/default\/files\/styles\/max_1300x1300\/public\/2018-05\/Presentan%20universitarios%2064%20proyectos%20de%20emprendimiento03.jpg?itok=2M0wFsW1 1300w, \/sites\/default\/files\/styles\/max_1900x1900\/public\/2018-05\/Presentan%20universitarios%2064%20proyectos%20de%20emprendimiento03.jpg?itok=IiRMKAmy 1504w\u0022 type=\u0022image\/jpeg\u0022 sizes=\u0022100vw\u0022\/\u003E\n                  \u003Cimg srcset=\u0022\/sites\/default\/files\/styles\/max_650x650\/public\/2018-05\/Presentan%20universitarios%2064%20proyectos%20de%20emprendimiento03.jpg?itok=qX4sOIEy 650w, \/sites\/default\/files\/styles\/max_1300x1300\/public\/2018-05\/Presentan%20universitarios%2064%20proyectos%20de%20emprendimiento03.jpg?itok=2M0wFsW1 1300w, \/sites\/default\/files\/styles\/max_1900x1900\/public\/2018-05\/Presentan%20universitarios%2064%20proyectos%20de%20emprendimiento03.jpg?itok=IiRMKAmy 1504w\u0022 sizes=\u0022100vw\u0022 src=\u0022\/sites\/default\/files\/styles\/max_1300x1300\/public\/2018-05\/Presentan%20universitarios%2064%20proyectos%20de%20emprendimiento03.jpg?itok=2M0wFsW1\u0022 alt=\u0022Expo_Emprendedores_Innovateen\u0022 typeof=\u0022foaf:Image\u0022 class=\u0022img-fluid\u0022 \/\u003E\n\n  \u003C\/picture\u003E\n\n\u003C\/div\u003E\n      \n  \n\n      \u003Cdiv  class=\u0022boton-expander\u0022\u003E\n        \n                  \u003Cdiv class=\u0022item-list\u0022\u003E\u003Cul\u003E\u003Cli\u003E\u003Ca href=\u0022\/ds-switch-view-mode\/node\/3190\/media_collapsed?selector=view-mode-media_expanded\u0022 class=\u0022use-ajax\u0022\u003E\u2191\u003C\/a\u003E\u003C\/li\u003E\u003C\/ul\u003E\u003C\/div\u003E\n      \n  \n    \u003C\/div\u003E\n\n\n  \u003C\/div\u003E\n\n  \u003Cdiv class=\u0022area-info group-middle\u0022\u003E\n    \n\u003Cdiv  class=\u0022inner\u0022\u003E\n          \n                          \u003Ch2  class=\u0022titulo\u0022 \u003E\n        Presentan universitarios 64 proyectos de emprendimiento\n\u003C\/h2\u003E\n      \n  \n\n    \n                          \u003Cdiv  class=\u0022resumen\u0022 \u003E\n      Participaron alrededor de 200 alumnos en la Expo Emprendedores \u2013 Innovateen - UABC - Danesa 33 \/ Ensenada 2018-1.\u003C\/div\u003E\n      \n  \n\n\n\u003Cdiv  class=\u0022datos\u0022\u003E\n            \u003Cdiv  class=\u0022autor\u0022\u003E\n            \u003Cdiv  class=\u0022field-label-inline\u0022\u003EPor\u003C\/div\u003E\n  \n                  \u003Ca href=\u0022\/autores\/paulina-moreno-rangel\u0022 hreflang=\u0022es\u0022\u003EPaulina Moreno Rangel\u003C\/a\u003E\n      \n  \n    \u003C\/div\u003E\n\n      \u003Cdiv  class=\u0022campus\u0022\u003E\n            \u003Cdiv  class=\u0022field-label-inline\u0022\u003ECampus\u003C\/div\u003E\n  \n                  \u003Ca href=\u0022\/campus\/ensenada\u0022 hreflang=\u0022es\u0022\u003EEnsenada\u003C\/a\u003E\n      \n  \n    \u003C\/div\u003E\n\n    \n                          \u003Cdiv  class=\u0022fecha\u0022 \u003E\n      28 de Mayo de 2018\u003C\/div\u003E\n      \n  \n\n\n  \u003C\/div\u003E\n    \n                          \u003Cdiv  class=\u0022texto\u0022 \u003E\n      \u003Cp\u003ECon la finalidad contribuir a que los estudiantes universitarios despierten su creatividad y emprendan proyectos\u00a0\u00a0innovadores, la Universidad Aut\u00f3noma de Baja California (UABC),\u00a0a trav\u00e9s de la Coordinaci\u00f3n General\u00a0y el Departamento de Formaci\u00f3n Profesional y Vinculaci\u00f3n Universitaria, realiz\u00f3 la Expo Emprendedores \u2013 Innovateen \u2013 UABC \u2013 Danesa 33 \/ Ensenada 2018-1, en la que participaron alrededor de 200 alumnos de las unidades acad\u00e9micas del Campus Ensenada.\u003C\/p\u003E\n\n\u003Cp\u003EEsta Expo se llev\u00f3 en conjunto con el Comit\u00e9 de Vinculaci\u00f3n Escuela Empresa (Covee), y en esta ocasi\u00f3n se cont\u00f3 con el patrocinio de la empresa Helados Danesa 33, quien estuvo presente durante todo el evento con productos de degustaci\u00f3n para todos los participantes y asistentes.\u003C\/p\u003E\n\n\u003Cp\u003ESe consideraron dos tipos de proyectos, los que tienen fines acad\u00e9micos que se dividieron en seis categor\u00edas, y los de fines econ\u00f3micos en una categor\u00eda libre. En ambos casos la evaluaci\u00f3n consisti\u00f3 en los apartados de Innovaci\u00f3n y el Modelo de Negocios, pero en el de fines econ\u00f3micos la evaluaci\u00f3n consider\u00f3 un apartado adicional.\u003C\/p\u003E\n\n\u003Cp\u003EEn los relacionado a las categor\u00edas con fines acad\u00e9micos se contemplaron Proyectos Industriales y Tecnol\u00f3gicos; Agroindustria e Industria Alimenticia; Categor\u00eda Proyectos Comerciales o de Servicios de car\u00e1cter innovador; Medio Ambiente y Desarrollo Sustentable; Tecnolog\u00edas de la Informaci\u00f3n y la Comunicaci\u00f3n; Ciencias de la Salud y Farmac\u00e9utica.\u003C\/p\u003E\n\n\u003Cp\u003ELa Vicerrectora del Campus Ensenada, doctora Blanca Rosa Garc\u00eda Rivera, inaugur\u00f3 la Expo Emprededores y en su mensaje destac\u00f3 que la UABC ha incorporado dentro de su modelo educativo el emprendimiento con la intenci\u00f3n de que los j\u00f3venes desarrollen sus ideas y las conviertan en un modelo de negocio exitoso.\u003C\/p\u003E\n\n\u003Cp\u003E\u201cPara nosotros es importante la presencia de los representantes de los\u00a0\u00a0organismos empresariales, porque queremos que mediante su experiencia y conocimiento en el \u00e1rea, sean quienes alienten y orienten a nuestros futuros empresarios Cimarrones\u201d, a\u00f1adi\u00f3 la Vicerrectora.\u003C\/p\u003E\n\n\u003Cp\u003EAsimismo, el doctor Juan Cris\u00f3stomo Tapia Mercado, Director de la Facultad de Ciencias y representante de los directores de las unidades acad\u00e9micas del Campus Ensenada, indic\u00f3 que para la UABC es importante estimular a los j\u00f3venes para que puedan participar en grandes proyectos porque es as\u00ed como se refleja la confianza que se le brinda a sus ideas o a su plan de negocios, pero tambi\u00e9n se les ofrece un panorama de la formaci\u00f3n integral que est\u00e1n recibiendo de parte de la Universidad.\u003C\/p\u003E\n\n\u003Cp\u003EDe la misma manera, el ingeniero Jorge Menchaca Sinencio, Presidente del Covee\u00a0y coorganizador de la Expo, refiri\u00f3 que la M\u00e1xima Casa de Estudios ha impulsado el tema del emprendimiento, tanto as\u00ed que ha implementado en sus programas educativos una asignatura para que los estudiantes puedan desarrollar exitosamente sus proyectos.\u003C\/p\u003E\n\n\u003Cp\u003ELa Expo Emprendedora cont\u00f3 con la participaci\u00f3n de jueces que evaluaron la creatividad e innovaci\u00f3n de los proyectos presentados y finalmente entregaron reconocimiento a los primeros lugares de cada categor\u00eda, los cuales fueron:\u003C\/p\u003E\n\n\u003Cp\u003E\u003Cstrong\u003ECategor\u00eda Agroindustria e Industria Alimenticia\u003C\/strong\u003E\u003C\/p\u003E\n\n\u003Cp\u003E\u003Cstrong\u003EProyecto\u003C\/strong\u003E: Agro Ens\u003C\/p\u003E\n\n\u003Cp\u003E\u003Cstrong\u003EUnidad Acad\u00e9mica:\u003C\/strong\u003E\u00a0Facultad de Ingenier\u00eda, Arquitectura y Dise\u00f1o\u003C\/p\u003E\n\n\u003Cp\u003E\u003Cstrong\u003ECategor\u00eda Ciencias de la Salud y Farmac\u00e9utica\u003C\/strong\u003E\u003C\/p\u003E\n\n\u003Cp\u003E\u003Cstrong\u003EProyecto\u003C\/strong\u003E: Electrocardiograma On Line\u00a0\u00a0\u003C\/p\u003E\n\n\u003Cp\u003E\u003Cstrong\u003EUnidad Acad\u00e9mica:\u003C\/strong\u003E\u00a0Facultad de Ingenier\u00eda, Arquitectura y Dise\u00f1o\u003Cstrong\u003E\u00a0\u003C\/strong\u003E\u003C\/p\u003E\n\n\u003Cp\u003E\u003Cstrong\u003ECategor\u00eda Medio Ambiente, Desarrollo Sustentable y Energ\u00eda\u003C\/strong\u003E\u003C\/p\u003E\n\n\u003Cp\u003E\u003Cstrong\u003EProyecto\u003C\/strong\u003E: Nanotecnolog\u00eda en la mano\u003C\/p\u003E\n\n\u003Cp\u003E\u003Cstrong\u003EUnidad Acad\u00e9mica:\u003C\/strong\u003E\u00a0Facultad de Ingenier\u00eda, Arquitectura y Dise\u00f1o\u003C\/p\u003E\n\n\u003Cp\u003E\u003Cstrong\u003ECategor\u00eda Proyectos Comerciales o de Servicios de car\u00e1cter innovador\u00a0\u00a0\u003C\/strong\u003E\u003C\/p\u003E\n\n\u003Cp\u003E\u003Cstrong\u003EProyecto\u003C\/strong\u003E: Geriatric Gym\u003C\/p\u003E\n\n\u003Cp\u003E\u003Cstrong\u003EUnidad Acad\u00e9mica:\u003C\/strong\u003E\u00a0Facultad de Deportes\u003C\/p\u003E\n\n\u003Cp\u003E\u003Cstrong\u003ECategor\u00eda Proyectos industriales y tecnol\u00f3gicos\u003C\/strong\u003E\u003C\/p\u003E\n\n\u003Cp\u003E\u003Cstrong\u003EProyecto\u003C\/strong\u003E: Auto RFID\u003C\/p\u003E\n\n\u003Cp\u003E\u003Cstrong\u003EUnidad Acad\u00e9mica:\u003C\/strong\u003E\u00a0Facultad de Ingenier\u00eda, Arquitectura y Dise\u00f1o\u003C\/p\u003E\n\n\u003Cp\u003E\u003Cstrong\u003ECategor\u00eda Tecnolog\u00edas de la Informaci\u00f3n y Comunicaci\u00f3n\u003C\/strong\u003E\u003C\/p\u003E\n\n\u003Cp\u003E\u003Cstrong\u003EProyecto\u003C\/strong\u003E: Ens Labs\u00a0\u00a0\u003C\/p\u003E\n\n\u003Cp\u003E\u003Cstrong\u003EUnidad Acad\u00e9mica:\u003C\/strong\u003E\u00a0Facultad de Ciencias Administrativas y Sociales\u003C\/p\u003E\n\n\u003Cp\u003E\u00a0Los proyectos ganadores de tipo Fines Econ\u00f3micos premiados por Helados Danesa 33 fueron:\u003C\/p\u003E\n\n\u003Cp\u003E\u00a0Primer Lugar (15 mil pesos)\u003C\/p\u003E\n\n\u003Cp\u003E\u003Cstrong\u003EProyecto\u003C\/strong\u003E: Nano Exp\u00a0\u00a0\u003C\/p\u003E\n\n\u003Cp\u003E\u003Cstrong\u003EUnidad Acad\u00e9mica:\u003C\/strong\u003E\u00a0Facultad de Ingenier\u00eda, Arquitectura y Dise\u00f1o\u003C\/p\u003E\n\n\u003Cp\u003ESegundo Lugar (12 mil pesos)\u003C\/p\u003E\n\n\u003Cp\u003E\u003Cstrong\u003EProyecto\u003C\/strong\u003E: Nano Scan\u00a0\u00a0\u003C\/p\u003E\n\n\u003Cp\u003E\u003Cstrong\u003EUnidad Acad\u00e9mica:\u003C\/strong\u003E\u00a0Facultad de Ingenier\u00eda, Arquitectura y Dise\u00f1o\u003C\/p\u003E\n\n\u003Cp\u003ETercer Lugar (8 mil pesos)\u003C\/p\u003E\n\n\u003Cp\u003E\u003Cstrong\u003EProyecto\u003C\/strong\u003E: Taser One\u00a0\u00a0\u00a0\u003C\/p\u003E\n\n\u003Cp\u003E\u003Cstrong\u003EUnidad Acad\u00e9mica:\u003C\/strong\u003E\u00a0Facultad de Ingenier\u00eda, Arquitectura y Dise\u00f1o\u003C\/p\u003E\n\n\u003Cp\u003EEn la Expo Emprendedores \u2013 Innovateen \u2013 UABC \u2013 Danesa 33 \/ Ensenada 2018-1, se cont\u00f3 con la presencia del qu\u00edmico Jes\u00fas del Palacio Lafontaine, Delegado de Desarrollo Econ\u00f3mico del Gobierno del Estado; licenciado Fernando L\u00f3pez MacGregor, Director de Desarrollo Econ\u00f3mico del Gobierno Municipal; ingeniero Erik Vega Viveros, Gerente Senior de Helados Danesa 33, docentes, coordinadores de carrera, jefes de departamento, as\u00ed como representantes de organismos empresariales que tambi\u00e9n fungieron como jueces.\u003C\/p\u003E\u003C\/div\u003E\n      \n  \n\n    \n            \u003Cdiv  class=\u0022palabras-clave\u0022\u003E\n                        \u003Ca href=\u0022\/tags\/expo\u0022 hreflang=\u0022es\u0022\u003EExpo\u003C\/a\u003E\n                \u003Ca href=\u0022\/tags\/emprendedores\u0022 hreflang=\u0022es\u0022\u003EEmprendedores\u003C\/a\u003E\n                \u003Ca href=\u0022\/tags\/innovateen\u0022 hreflang=\u0022es\u0022\u003EInnovateen\u003C\/a\u003E\n      \n      \u003C\/div\u003E\n  \n\n\n  \u003C\/div\u003E\n\n  \u003C\/div\u003E\n\n  \u003Cdiv class=\u0022area-extras group-right\u0022\u003E\n        \n                          \u003Cdiv  class=\u0022enlace-blockBottom\u0022 \u003E\n      \u003Cdiv\u003EVer m\u00e1s \u003Ca href=\u0022http:\/\/gaceta.uabc.mx\/notas\u0022\u003ENotas\u003C\/a\u003E\u003C\/div\u003E\n\u003C\/div\u003E\n      \n  \n\n\n  \u003C\/div\u003E\n\n\u003C\/div\u003E\n\n","settings":null}]