[{"command":"settings","settings":{"pluralDelimiter":"\u0003","suppressDeprecationErrors":true,"ajaxPageState":{"libraries":"core\/drupal.ajax,core\/picturefill,ds\/ds_3col_equal_width","theme":"gaceta","theme_token":null},"ajaxTrustedUrl":[],"field_group":{"html_element":{"mode":"media_expanded","context":"view","settings":{"classes":"datos","show_empty_fields":false,"id":"","element":"div","show_label":false,"label_element":"h3","label_element_classes":"","attributes":"","effect":"none","speed":"fast"}}},"user":{"uid":0,"permissionsHash":"55dc977d165ab1e05e51b6cc6487f6d73e65ab536d99ee82c6990d9001d5c21c"}},"merge":true},{"command":"add_css","data":"\u003Clink rel=\u0022stylesheet\u0022 media=\u0022all\u0022 href=\u0022\/sites\/default\/files\/css\/css_mxJrjoKKAZuuB4_4f-B1u9VnFZxvSor3Az4JEdrFEso.css\u0022 \/\u003E\n\u003Clink rel=\u0022stylesheet\u0022 media=\u0022all\u0022 href=\u0022\/sites\/default\/files\/css\/css_-BXSGQpS8YTwwuXGbPoshUvZ7W-_HbYR3H7d0DA_mEY.css\u0022 \/\u003E\n\u003Clink rel=\u0022stylesheet\u0022 media=\u0022all\u0022 href=\u0022\/sites\/default\/files\/css\/css_89YreTu0npezhXSakRJR9TVHyBS9bTcyt0s3IckAe-M.css\u0022 \/\u003E\n"},{"command":"add_js","selector":"body","data":[{"src":"\/sites\/default\/files\/js\/js_9UaAhXvc9u0KYXXUw-OKyLP2baQxdV4zY3Y_KGurcvY.js"},{"src":"\/sites\/default\/files\/js\/js_oDJxUBLBzfRb_FDgNfkNOm9-tiatS2kNfxQIeVRZA7Y.js"},{"src":"\/sites\/default\/files\/js\/js_YM82KRuzNIr2X-Kb8pQW8cOcSbWgQ_QGKclTYJ_aMlI.js"},{"src":"\/sites\/default\/files\/js\/js_pqqsPPmPmxKgamY6qk_WSawtL05XH_yAY8GkPHVyahI.js"}]},{"command":"insert","method":"replaceWith","selector":".view-mode-full","data":"\u003Cdiv data-history-node-id=\u00223369\u0022 class=\u0022contenido view-mode-media_expanded ds-3col-equal clearfix\u0022\u003E\n\n  \n\n  \u003Cdiv class=\u0022area-medios group-left\u0022\u003E\n        \n                          \u003Cdiv  class=\u0022imagen\u0022 \u003E\n          \u003Cpicture\u003E\n                  \u003Csource srcset=\u0022\/sites\/default\/files\/styles\/max_650x650\/public\/2018-08\/Destacan%20Cimarrones%20en%20concurso%20nacional%20de%20danza.webp?itok=RGJd9KKn 650w, \/sites\/default\/files\/styles\/max_1900x1900\/public\/2018-08\/Destacan%20Cimarrones%20en%20concurso%20nacional%20de%20danza.webp?itok=N3S7rT_K 1296w\u0022 type=\u0022image\/webp\u0022 sizes=\u0022100vw\u0022\/\u003E\n              \u003Csource srcset=\u0022\/sites\/default\/files\/styles\/max_650x650\/public\/2018-08\/Destacan%20Cimarrones%20en%20concurso%20nacional%20de%20danza.jpg?itok=RGJd9KKn 650w, \/sites\/default\/files\/styles\/max_1900x1900\/public\/2018-08\/Destacan%20Cimarrones%20en%20concurso%20nacional%20de%20danza.jpg?itok=N3S7rT_K 1296w\u0022 type=\u0022image\/jpeg\u0022 sizes=\u0022100vw\u0022\/\u003E\n                  \u003Cimg srcset=\u0022\/sites\/default\/files\/styles\/max_650x650\/public\/2018-08\/Destacan%20Cimarrones%20en%20concurso%20nacional%20de%20danza.jpg?itok=RGJd9KKn 650w, \/sites\/default\/files\/styles\/max_1900x1900\/public\/2018-08\/Destacan%20Cimarrones%20en%20concurso%20nacional%20de%20danza.jpg?itok=N3S7rT_K 1296w\u0022 sizes=\u0022100vw\u0022 src=\u0022\/sites\/default\/files\/styles\/max_1300x1300\/public\/2018-08\/Destacan%20Cimarrones%20en%20concurso%20nacional%20de%20danza.jpg?itok=AZ7M3XLt\u0022 alt=\u0022Concurso Nacional_Danza_Ballet_Cl\u00e1sico_L\u00edrico\u0022 typeof=\u0022foaf:Image\u0022 class=\u0022img-fluid\u0022 \/\u003E\n\n  \u003C\/picture\u003E\n\n\u003C\/div\u003E\n      \n  \n\n      \u003Cdiv  class=\u0022boton-expander\u0022\u003E\n        \n                  \u003Cdiv class=\u0022item-list\u0022\u003E\u003Cul\u003E\u003Cli\u003E\u003Ca href=\u0022\/ds-switch-view-mode\/node\/3369\/media_collapsed?selector=view-mode-media_expanded\u0022 class=\u0022use-ajax\u0022\u003E\u2191\u003C\/a\u003E\u003C\/li\u003E\u003C\/ul\u003E\u003C\/div\u003E\n      \n  \n    \u003C\/div\u003E\n\n\n  \u003C\/div\u003E\n\n  \u003Cdiv class=\u0022area-info group-middle\u0022\u003E\n    \n\u003Cdiv  class=\u0022inner\u0022\u003E\n          \n                          \u003Ch2  class=\u0022titulo\u0022 \u003E\n        Destacan Cimarrones en concurso nacional de danza\n\u003C\/h2\u003E\n      \n  \n\n    \n                          \u003Cdiv  class=\u0022resumen\u0022 \u003E\n      Obtienen el primer y segundo lugar en las categor\u00edas de Ballet L\u00edrico y Ballet Cl\u00e1sico, respectivamente.\u003C\/div\u003E\n      \n  \n\n\n\u003Cdiv  class=\u0022datos\u0022\u003E\n            \u003Cdiv  class=\u0022autor\u0022\u003E\n            \u003Cdiv  class=\u0022field-label-inline\u0022\u003EPor\u003C\/div\u003E\n  \n                  \u003Ca href=\u0022\/autores\/anna-karen-real-camacho\u0022 hreflang=\u0022es\u0022\u003EAnna Karen Real Camacho\u003C\/a\u003E\n      \n  \n    \u003C\/div\u003E\n\n      \u003Cdiv  class=\u0022campus\u0022\u003E\n            \u003Cdiv  class=\u0022field-label-inline\u0022\u003ECampus\u003C\/div\u003E\n  \n                  \u003Ca href=\u0022\/campus\/tijuana\u0022 hreflang=\u0022es\u0022\u003ETijuana\u003C\/a\u003E\n      \n  \n    \u003C\/div\u003E\n\n    \n                          \u003Cdiv  class=\u0022fecha\u0022 \u003E\n      10 de Agosto de 2018\u003C\/div\u003E\n      \n  \n\n\n  \u003C\/div\u003E\n    \n                          \u003Cdiv  class=\u0022texto\u0022 \u003E\n      \u003Cp\u003EA trav\u00e9s de la Coordinaci\u00f3n de Cursos y Talleres Culturales del Campus Tijuana, el\u00a0 grupo Ballet Dance Jazz, a cargo de la licenciada Mercedes Garcilazo Garc\u00eda, particip\u00f3 en el Concurso Nacional de Danza UPA, donde obtuvieron el primer y segundo lugar en las categor\u00edas de Ballet L\u00edrico y Ballet Cl\u00e1sico, respectivamente.\u003C\/p\u003E\n\n\u003Cp\u003E\u201cLa misi\u00f3n es brindar a toda la comunidad en general el arte danc\u00edstico, donde tengan la oportunidad de adquirir los conocimientos b\u00e1sicos y avanzados que se les ense\u00f1an en estos cursos\u201d, coment\u00f3 la licenciada Garcilazo Garc\u00eda.\u003C\/p\u003E\n\n\u003Cp\u003EEn la categor\u00eda de Ballet L\u00edrico participaron: Noelia Ram\u00edrez Mu\u00f1oz, Cristina Qui\u00f1ones Valdez, Ana Carla Ortiz, Abril Barraza, Ana Ren\u00e9e Dom\u00ednguez, Karen Irais Heredia, Luz Fuentes y Jimena M\u00e9ndez,\u003C\/p\u003E\n\n\u003Cp\u003EEn la categor\u00eda del Ballet Cl\u00e1sico intervinieron: Ana Ren\u00e9e Dom\u00ednguez, Yahaira Sol\u00eds, Andrea L\u00f3pez, Daniela Santos, Rosa Santos, Yael Sotelo, Catherine Garc\u00eda, Izchel Perez, Ang\u00e9lica Castro y Karmen Anzaldo.\u003C\/p\u003E\n\n\u003Cp\u003EAsimismo, en las categor\u00edas de D\u00fao en Ballet Cl\u00e1sico y L\u00edrico obtuvieron segundo lugar las alumnas: Noelia Ram\u00edrez Mu\u00f1oz y Cristina\u00a0 Qui\u00f1ones Valdez.\u003C\/p\u003E\n\n\u003Cp\u003EEl grupo ha comenzado a participar en diferentes concursos de danza desde el 2003. Cabe destacar que han obtenido los primeros lugares en competencias regionales, nacionales e internacionales.\u003C\/p\u003E\n\n\u003Cp\u003E\u00a0\u003C\/p\u003E\n\n\u003Cp\u003EFOTO: Cortes\u00eda.\u003C\/p\u003E\u003C\/div\u003E\n      \n  \n\n    \n            \u003Cdiv  class=\u0022palabras-clave\u0022\u003E\n                        \u003Ca href=\u0022\/tags\/concurso-nacional\u0022 hreflang=\u0022es\u0022\u003EConcurso nacional\u003C\/a\u003E\n                \u003Ca href=\u0022\/tags\/danza\u0022 hreflang=\u0022es\u0022\u003EDanza\u003C\/a\u003E\n                \u003Ca href=\u0022\/tags\/ballet\u0022 hreflang=\u0022es\u0022\u003EBallet\u003C\/a\u003E\n                \u003Ca href=\u0022\/tags\/clasico\u0022 hreflang=\u0022es\u0022\u003ECl\u00e1sico\u003C\/a\u003E\n                \u003Ca href=\u0022\/tags\/lirico\u0022 hreflang=\u0022es\u0022\u003EL\u00edrico\u003C\/a\u003E\n      \n      \u003C\/div\u003E\n  \n\n\n  \u003C\/div\u003E\n\n  \u003C\/div\u003E\n\n  \u003Cdiv class=\u0022area-extras group-right\u0022\u003E\n        \n                          \u003Cdiv  class=\u0022enlace-blockBottom\u0022 \u003E\n      \u003Cdiv\u003EVer m\u00e1s \u003Ca href=\u0022http:\/\/gaceta.uabc.mx\/notas\u0022\u003ENotas\u003C\/a\u003E\u003C\/div\u003E\n\u003C\/div\u003E\n      \n  \n\n\n  \u003C\/div\u003E\n\n\u003C\/div\u003E\n\n","settings":null}]