[{"command":"settings","settings":{"pluralDelimiter":"\u0003","suppressDeprecationErrors":true,"ajaxPageState":{"libraries":"core\/drupal.ajax,ds\/ds_3col_equal_width","theme":"gaceta","theme_token":null},"ajaxTrustedUrl":[],"field_group":{"html_element":{"mode":"media_expanded","context":"view","settings":{"classes":"datos","show_empty_fields":false,"id":"","element":"div","show_label":false,"label_element":"h3","label_element_classes":"","attributes":"","effect":"none","speed":"fast"}}},"user":{"uid":0,"permissionsHash":"55dc977d165ab1e05e51b6cc6487f6d73e65ab536d99ee82c6990d9001d5c21c"}},"merge":true},{"command":"add_css","data":"\u003Clink rel=\u0022stylesheet\u0022 media=\u0022all\u0022 href=\u0022\/sites\/default\/files\/css\/css_mxJrjoKKAZuuB4_4f-B1u9VnFZxvSor3Az4JEdrFEso.css\u0022 \/\u003E\n\u003Clink rel=\u0022stylesheet\u0022 media=\u0022all\u0022 href=\u0022\/sites\/default\/files\/css\/css_-BXSGQpS8YTwwuXGbPoshUvZ7W-_HbYR3H7d0DA_mEY.css\u0022 \/\u003E\n\u003Clink rel=\u0022stylesheet\u0022 media=\u0022all\u0022 href=\u0022\/sites\/default\/files\/css\/css_89YreTu0npezhXSakRJR9TVHyBS9bTcyt0s3IckAe-M.css\u0022 \/\u003E\n"},{"command":"add_js","selector":"body","data":[{"src":"\/sites\/default\/files\/js\/js_9UaAhXvc9u0KYXXUw-OKyLP2baQxdV4zY3Y_KGurcvY.js"},{"src":"\/sites\/default\/files\/js\/js_oDJxUBLBzfRb_FDgNfkNOm9-tiatS2kNfxQIeVRZA7Y.js"},{"src":"\/sites\/default\/files\/js\/js_1RP4qUEvRifRPl9mYl8nA5jNqky6vVqo6nKEmFCp0ko.js"},{"src":"\/sites\/default\/files\/js\/js_JWYilEE4EQG7Dr-JhBmcQVwxs1c7FMUMbFbUcXjlSYw.js"}]},{"command":"insert","method":"replaceWith","selector":".view-mode-full","data":"\u003Cdiv data-history-node-id=\u00223437\u0022 class=\u0022contenido view-mode-media_expanded ds-3col-equal clearfix\u0022\u003E\n\n  \n\n  \u003Cdiv class=\u0022area-medios group-left\u0022\u003E\n        \n                          \u003Cdiv  class=\u0022imagen-alterna\u0022 \u003E\n        \u003Cimg loading=\u0022lazy\u0022 src=\u0022\/sites\/default\/files\/imagenes\/notas\/2018-08\/Tienen%20amistoso%20UABC%20y%20Cetys.jpg\u0022 width=\u00221067\u0022 height=\u0022671\u0022 alt=\u0022Amistoso_Fogueo_Estatal Interno\u0022 typeof=\u0022foaf:Image\u0022 class=\u0022img-fluid\u0022 \/\u003E\n\n\u003C\/div\u003E\n      \n  \n\n      \u003Cdiv  class=\u0022boton-expander\u0022\u003E\n        \n                  \u003Cdiv class=\u0022item-list\u0022\u003E\u003Cul\u003E\u003Cli\u003E\u003Ca href=\u0022\/ds-switch-view-mode\/node\/3437\/media_collapsed?selector=view-mode-media_expanded\u0022 class=\u0022use-ajax\u0022\u003E\u2191\u003C\/a\u003E\u003C\/li\u003E\u003C\/ul\u003E\u003C\/div\u003E\n      \n  \n    \u003C\/div\u003E\n\n\n  \u003C\/div\u003E\n\n  \u003Cdiv class=\u0022area-info group-middle\u0022\u003E\n    \n\u003Cdiv  class=\u0022inner\u0022\u003E\n          \n                          \u003Ch2  class=\u0022titulo\u0022 \u003E\n        Tienen amistoso UABC y Cetys\n\u003C\/h2\u003E\n      \n  \n\n    \n                          \u003Cdiv  class=\u0022resumen\u0022 \u003E\n      Forma parte de las acciones de fogueo previas al Estatal Interno.\u003C\/div\u003E\n      \n  \n\n\n\u003Cdiv  class=\u0022datos\u0022\u003E\n            \u003Cdiv  class=\u0022autor\u0022\u003E\n            \u003Cdiv  class=\u0022field-label-inline\u0022\u003EPor\u003C\/div\u003E\n  \n                  \u003Ca href=\u0022\/autores\/alejandrina-mendoza-rivera\u0022 hreflang=\u0022es\u0022\u003EAlejandrina Mendoza Rivera\u003C\/a\u003E\n      \n  \n    \u003C\/div\u003E\n\n      \u003Cdiv  class=\u0022campus\u0022\u003E\n            \u003Cdiv  class=\u0022field-label-inline\u0022\u003ECampus\u003C\/div\u003E\n  \n                  \u003Ca href=\u0022\/campus\/mexicali\u0022 hreflang=\u0022es\u0022\u003EMexicali\u003C\/a\u003E\n      \n  \n    \u003C\/div\u003E\n\n    \n                          \u003Cdiv  class=\u0022fecha\u0022 \u003E\n      30 de Agosto de 2018\u003C\/div\u003E\n      \n  \n\n\n  \u003C\/div\u003E\n    \n                          \u003Cdiv  class=\u0022texto\u0022 \u003E\n      \u003Cp\u003ELa selecci\u00f3n representativa Cimarrona de f\u00fatbol asociaci\u00f3n en la rama varonil sostuvo un juego amistoso ante sus similares de Cetys Universidad celebrado en el campo #1 de la Unidad Deportiva \u0022Arq. Rub\u00e9n Castro Boj\u00f3rquez\u0022.\u003C\/p\u003E\n\n\u003Cp\u003EComo parte de las acciones de fogueo rumbo al Estatal Interno de la M\u00e1xima Casa de Estudios, los Cimarrones sostuvieron este encuentro obteniendo la victoria con marcador de 3 goles por 0\u00a0ante los Zorros.\u003C\/p\u003E\n\n\u003Cp\u003EDos anotaciones vinieron por parte de Arturo L\u00f3pez y uno de Iv\u00e1n Torres, estudiantes de la Facultad de Ciencias Administrativas, respectivamente.\u003C\/p\u003E\n\n\u003Cp\u003ELa selecci\u00f3n representativa de f\u00fatbol asociaci\u00f3n varonil continuar\u00e1 con su programa de fogueo con miras al Estatal Interno UABC pr\u00f3ximo a celebrarse para buscar la base del selectivo que representar\u00e1 a los Cimarrones en las competencias convocadas por el Consejo Nacional del Deporte de la Educaci\u00f3n, AC.\u003C\/p\u003E\n\n\u003Cp\u003EEl equipo bajo la direcci\u00f3n del licenciado Alonzo Avalos inici\u00f3 con los entrenamientos desde el 13 de agosto, aceptando la convocatoria m\u00e1s de 30 jugadores de las distintas licenciaturas que oferta la Universidad. Los nuevos talentos buscar\u00e1n obtener un lugar en el selectivo universitario para representar al Campus Mexicali en noviembre, fecha en la que se llevar\u00e1 a cabo el Estatal Interno UABC.\u003C\/p\u003E\n\n\u003Cp\u003ELa selecci\u00f3n entrena los martes y jueves de 19:00 a 21:00 hrs en el Campo #1 de la Unidad Deportiva Universitaria \u201cArq. Rub\u00e9n Castro Boj\u00f3rquez\u201d.\u003C\/p\u003E\u003C\/div\u003E\n      \n  \n\n    \n            \u003Cdiv  class=\u0022palabras-clave\u0022\u003E\n                        \u003Ca href=\u0022\/tags\/amistoso\u0022 hreflang=\u0022es\u0022\u003EAmistoso\u003C\/a\u003E\n                \u003Ca href=\u0022\/tags\/fogueo\u0022 hreflang=\u0022es\u0022\u003EFogueo\u003C\/a\u003E\n                \u003Ca href=\u0022\/tags\/estatal-interno\u0022 hreflang=\u0022es\u0022\u003EEstatal Interno\u003C\/a\u003E\n      \n      \u003C\/div\u003E\n  \n\n\n  \u003C\/div\u003E\n\n  \u003C\/div\u003E\n\n  \u003Cdiv class=\u0022area-extras group-right\u0022\u003E\n        \n                          \u003Cdiv  class=\u0022enlace-blockBottom\u0022 \u003E\n      \u003Cdiv\u003EVer m\u00e1s \u003Ca href=\u0022http:\/\/gaceta.uabc.mx\/notas\u0022\u003ENotas\u003C\/a\u003E\u003C\/div\u003E\n\u003C\/div\u003E\n      \n  \n\n\n  \u003C\/div\u003E\n\n\u003C\/div\u003E\n\n","settings":null}]