[{"command":"settings","settings":{"pluralDelimiter":"\u0003","suppressDeprecationErrors":true,"ajaxPageState":{"libraries":"core\/drupal.ajax,core\/picturefill,ds\/ds_3col_equal_width","theme":"gaceta","theme_token":null},"ajaxTrustedUrl":[],"field_group":{"html_element":{"mode":"media_expanded","context":"view","settings":{"classes":"datos","show_empty_fields":false,"id":"","element":"div","show_label":false,"label_element":"h3","label_element_classes":"","attributes":"","effect":"none","speed":"fast"}}},"user":{"uid":0,"permissionsHash":"55dc977d165ab1e05e51b6cc6487f6d73e65ab536d99ee82c6990d9001d5c21c"}},"merge":true},{"command":"add_css","data":"\u003Clink rel=\u0022stylesheet\u0022 media=\u0022all\u0022 href=\u0022\/sites\/default\/files\/css\/css_mxJrjoKKAZuuB4_4f-B1u9VnFZxvSor3Az4JEdrFEso.css\u0022 \/\u003E\n\u003Clink rel=\u0022stylesheet\u0022 media=\u0022all\u0022 href=\u0022\/sites\/default\/files\/css\/css_-BXSGQpS8YTwwuXGbPoshUvZ7W-_HbYR3H7d0DA_mEY.css\u0022 \/\u003E\n\u003Clink rel=\u0022stylesheet\u0022 media=\u0022all\u0022 href=\u0022\/sites\/default\/files\/css\/css_89YreTu0npezhXSakRJR9TVHyBS9bTcyt0s3IckAe-M.css\u0022 \/\u003E\n"},{"command":"add_js","selector":"body","data":[{"src":"\/sites\/default\/files\/js\/js_9UaAhXvc9u0KYXXUw-OKyLP2baQxdV4zY3Y_KGurcvY.js"},{"src":"\/sites\/default\/files\/js\/js_oDJxUBLBzfRb_FDgNfkNOm9-tiatS2kNfxQIeVRZA7Y.js"},{"src":"\/sites\/default\/files\/js\/js_YM82KRuzNIr2X-Kb8pQW8cOcSbWgQ_QGKclTYJ_aMlI.js"},{"src":"\/sites\/default\/files\/js\/js_pqqsPPmPmxKgamY6qk_WSawtL05XH_yAY8GkPHVyahI.js"}]},{"command":"insert","method":"replaceWith","selector":".view-mode-full","data":"\u003Cdiv data-history-node-id=\u00223517\u0022 class=\u0022contenido view-mode-media_expanded ds-3col-equal clearfix\u0022\u003E\n\n  \n\n  \u003Cdiv class=\u0022area-medios group-left\u0022\u003E\n        \n                          \u003Cdiv  class=\u0022imagen\u0022 \u003E\n          \u003Cpicture\u003E\n                  \u003Csource srcset=\u0022\/sites\/default\/files\/styles\/max_650x650\/public\/2018-09\/JG%20Ensenada%20Directores.webp?itok=Yu96OUyg 650w, \/sites\/default\/files\/styles\/max_1300x1300\/public\/2018-09\/JG%20Ensenada%20Directores.webp?itok=n6HWx8v7 1300w, \/sites\/default\/files\/styles\/max_1900x1900\/public\/2018-09\/JG%20Ensenada%20Directores.webp?itok=2qTnj0k0 1504w\u0022 type=\u0022image\/webp\u0022 sizes=\u0022100vw\u0022\/\u003E\n              \u003Csource srcset=\u0022\/sites\/default\/files\/styles\/max_650x650\/public\/2018-09\/JG%20Ensenada%20Directores.jpg?itok=Yu96OUyg 650w, \/sites\/default\/files\/styles\/max_1300x1300\/public\/2018-09\/JG%20Ensenada%20Directores.jpg?itok=n6HWx8v7 1300w, \/sites\/default\/files\/styles\/max_1900x1900\/public\/2018-09\/JG%20Ensenada%20Directores.jpg?itok=2qTnj0k0 1504w\u0022 type=\u0022image\/jpeg\u0022 sizes=\u0022100vw\u0022\/\u003E\n                  \u003Cimg srcset=\u0022\/sites\/default\/files\/styles\/max_650x650\/public\/2018-09\/JG%20Ensenada%20Directores.jpg?itok=Yu96OUyg 650w, \/sites\/default\/files\/styles\/max_1300x1300\/public\/2018-09\/JG%20Ensenada%20Directores.jpg?itok=n6HWx8v7 1300w, \/sites\/default\/files\/styles\/max_1900x1900\/public\/2018-09\/JG%20Ensenada%20Directores.jpg?itok=2qTnj0k0 1504w\u0022 sizes=\u0022100vw\u0022 src=\u0022\/sites\/default\/files\/styles\/max_1300x1300\/public\/2018-09\/JG%20Ensenada%20Directores.jpg?itok=n6HWx8v7\u0022 alt=\u0022Reuni\u00f3n_Junta de Gobierno_CESA_Directores_Alumnos_Proceso_Designaci\u00f3n_Rector\u0022 typeof=\u0022foaf:Image\u0022 class=\u0022img-fluid\u0022 \/\u003E\n\n  \u003C\/picture\u003E\n\n\u003C\/div\u003E\n      \n  \n\n      \u003Cdiv  class=\u0022boton-expander\u0022\u003E\n        \n                  \u003Cdiv class=\u0022item-list\u0022\u003E\u003Cul\u003E\u003Cli\u003E\u003Ca href=\u0022\/ds-switch-view-mode\/node\/3517\/media_collapsed?selector=view-mode-media_expanded\u0022 class=\u0022use-ajax\u0022\u003E\u2191\u003C\/a\u003E\u003C\/li\u003E\u003C\/ul\u003E\u003C\/div\u003E\n      \n  \n    \u003C\/div\u003E\n\n\n  \u003C\/div\u003E\n\n  \u003Cdiv class=\u0022area-info group-middle\u0022\u003E\n    \n\u003Cdiv  class=\u0022inner\u0022\u003E\n          \n                          \u003Ch2  class=\u0022titulo\u0022 \u003E\n        Se re\u00fane Junta de Gobierno con representantes de universitarios\n\u003C\/h2\u003E\n      \n  \n\n    \n                          \u003Cdiv  class=\u0022resumen\u0022 \u003E\n      Informan e invitan a participar en el proceso de designaci\u00f3n de Rector UABC 2019-2023 a la comunidad universitaria.\u003C\/div\u003E\n      \n  \n\n\n\u003Cdiv  class=\u0022datos\u0022\u003E\n            \u003Cdiv  class=\u0022autor\u0022\u003E\n            \u003Cdiv  class=\u0022field-label-inline\u0022\u003EPor\u003C\/div\u003E\n  \n                  \u003Ca href=\u0022\/autores\/norma-angelica-gomez-bravo\u0022 hreflang=\u0022es\u0022\u003ENorma Ang\u00e9lica G\u00f3mez Bravo\u003C\/a\u003E\n      \n  \n    \u003C\/div\u003E\n\n      \u003Cdiv  class=\u0022campus\u0022\u003E\n            \u003Cdiv  class=\u0022field-label-inline\u0022\u003ECampus\u003C\/div\u003E\n  \n                  \u003Ca href=\u0022\/campus\/uabc\u0022 hreflang=\u0022es\u0022\u003EUABC\u003C\/a\u003E\n      \n  \n    \u003C\/div\u003E\n\n    \n                          \u003Cdiv  class=\u0022fecha\u0022 \u003E\n      18 de Septiembre de 2018\u003C\/div\u003E\n      \n  \n\n\n  \u003C\/div\u003E\n    \n                          \u003Cdiv  class=\u0022texto\u0022 \u003E\n      \u003Cp\u003ECon la finalidad de presentar oficialmente el inicio del proceso general de designaci\u00f3n de Rector de la UABC para el periodo 2019-2023, integrantes de la Junta de Gobierno se reunieron con el Consejo Estatal de Sociedades de Alumnos (CESA), as\u00ed como los directores de las unidades acad\u00e9micas de los tres campus universitarios de la M\u00e1xima Casa de Estudios.\u00a0 \u003C\/p\u003E\n\n\u003Cp\u003EEl doctor Felipe Cuamea Vel\u00e1zquez, Presidente de la Junta de Gobierno, se present\u00f3 en el Campus Mexicali; la doctora Edna Luna Serrano, Secretaria, en el Campus Ensenada y el doctor Juan \u00c1lvarez L\u00f3pez, integrante, en el Campus Tijuana. \u201cLa intenci\u00f3n de compartir con liderazgos como ustedes, es que nos apoyen a difundir en sus comunidades este proceso y adem\u00e1s, para que piensen seriamente la posibilidad de hacer contribuciones\u201d, expusieron.\u003C\/p\u003E\n\n\u003Cp\u003EEn estas reuniones explicaron que el proceso aprobado por la Junta de Gobierno consta de dos etapas: la realizaci\u00f3n de Foros de Consulta y el lanzamiento de la Convocatoria de registro de aspirantes a Rector 2019-2023.\u003C\/p\u003E\n\n\u003Cp\u003EPara la primera etapa, los integrantes de la Junta de Gobierno exhortaron a los representantes de los universitarios a convocar al resto de sus compa\u00f1eros para participar en los Foros de Consulta que se realizar\u00e1n los d\u00edas 1 de octubre en Mexicali, el 3 en Tijuana y el 5 en Ensenada. \u003C\/p\u003E\n\n\u003Cp\u003EInvitaron a profesores, investigadores, estudiantes, trabajadores administrativos y de apoyo, para identificar aquellos temas que se consideren prioritarios para definir, no solamente los cuatro a\u00f1os de la siguiente gesti\u00f3n, sino tambi\u00e9n a mediano y largo plazo.\u003C\/p\u003E\n\n\u003Cp\u003EToda la informaci\u00f3n que se recabe de esa consulta se organizar\u00e1 por tem\u00e1ticas y ser\u00e1 un insumo tanto para la etapa de la convocatoria, como para la elaboraci\u00f3n del Plan de Desarrollo Institucional (PDI).\u003C\/p\u003E\n\n\u003Cp\u003ESe plantean dos formas de participaci\u00f3n: individual o colectivo; tambi\u00e9n pueden registrar y presentar su ponencia en los foros, o bien, solo registrar sus propuestas las cuales ser\u00e1n revisadas por los integrantes de la Junta de Gobierno para obtener las contribuciones. El cierre para presentar propuestas es el 21 de septiembre a las 6 de la tarde.\u003C\/p\u003E\n\n\u003Cp\u003EUna vez culminados los foros, iniciar\u00e1 la segunda etapa del proceso con la emisi\u00f3n y publicaci\u00f3n de la convocatoria para que se registren los universitarios interesados en dirigir esta Universidad. Esta etapa concluir\u00e1 el\u00a027 de enero del 2019, con la toma de protesta de la persona designada para dirigir a la UABC.\u003C\/p\u003E\n\n\u003Cp\u003EFinalmente, dejaron claro que los 11 integrantes de este \u00f3rgano colegiado, ser\u00e1n quienes valorar\u00e1n la pertinencia de las propuestas de quienes se registren y en funci\u00f3n de eso actuar\u00e1n con el mayor criterio, absoluta independencia, total transparencia y el \u00fanico inter\u00e9s de tomar la mejor decisi\u00f3n para el futuro de la UABC.\u003C\/p\u003E\n\n\u003Cp\u003E\u00a0\u003C\/p\u003E\n\n\u003Cp\u003EFOTO:\u00a0Paulina Moreno Rangel.\u003C\/p\u003E\u003C\/div\u003E\n      \n  \n\n    \n            \u003Cdiv  class=\u0022palabras-clave\u0022\u003E\n                        \u003Ca href=\u0022\/tags\/reunion-0\u0022 hreflang=\u0022es\u0022\u003EReuni\u00f3n \u003C\/a\u003E\n                \u003Ca href=\u0022\/tags\/junta-de-gobierno\u0022 hreflang=\u0022es\u0022\u003EJunta de Gobierno\u003C\/a\u003E\n                \u003Ca href=\u0022\/tags\/cesa\u0022 hreflang=\u0022es\u0022\u003ECESA\u003C\/a\u003E\n                \u003Ca href=\u0022\/tags\/alumnos\u0022 hreflang=\u0022es\u0022\u003EAlumnos\u003C\/a\u003E\n                \u003Ca href=\u0022\/tags\/directores\u0022 hreflang=\u0022es\u0022\u003EDirectores\u003C\/a\u003E\n                \u003Ca href=\u0022\/tags\/proceso\u0022 hreflang=\u0022es\u0022\u003EProceso\u003C\/a\u003E\n                \u003Ca href=\u0022\/tags\/designacion\u0022 hreflang=\u0022es\u0022\u003EDesignaci\u00f3n\u003C\/a\u003E\n                \u003Ca href=\u0022\/tags\/rector\u0022 hreflang=\u0022es\u0022\u003ERector\u003C\/a\u003E\n      \n      \u003C\/div\u003E\n  \n\n\n  \u003C\/div\u003E\n\n  \u003C\/div\u003E\n\n  \u003Cdiv class=\u0022area-extras group-right\u0022\u003E\n        \n                          \u003Cdiv  class=\u0022enlace-blockBottom\u0022 \u003E\n      \u003Cdiv\u003EVer m\u00e1s \u003Ca href=\u0022http:\/\/gaceta.uabc.mx\/notas\u0022\u003ENotas\u003C\/a\u003E\u003C\/div\u003E\n\u003C\/div\u003E\n      \n  \n\n\n  \u003C\/div\u003E\n\n\u003C\/div\u003E\n\n","settings":null}]