[{"command":"settings","settings":{"pluralDelimiter":"\u0003","suppressDeprecationErrors":true,"ajaxPageState":{"libraries":"core\/drupal.ajax,core\/picturefill,ds\/ds_3col_equal_width","theme":"gaceta","theme_token":null},"ajaxTrustedUrl":[],"field_group":{"html_element":{"mode":"media_expanded","context":"view","settings":{"classes":"datos","show_empty_fields":false,"id":"","element":"div","show_label":false,"label_element":"h3","label_element_classes":"","attributes":"","effect":"none","speed":"fast"}}},"user":{"uid":0,"permissionsHash":"55dc977d165ab1e05e51b6cc6487f6d73e65ab536d99ee82c6990d9001d5c21c"}},"merge":true},{"command":"add_css","data":"\u003Clink rel=\u0022stylesheet\u0022 media=\u0022all\u0022 href=\u0022\/sites\/default\/files\/css\/css_mxJrjoKKAZuuB4_4f-B1u9VnFZxvSor3Az4JEdrFEso.css\u0022 \/\u003E\n\u003Clink rel=\u0022stylesheet\u0022 media=\u0022all\u0022 href=\u0022\/sites\/default\/files\/css\/css_-BXSGQpS8YTwwuXGbPoshUvZ7W-_HbYR3H7d0DA_mEY.css\u0022 \/\u003E\n\u003Clink rel=\u0022stylesheet\u0022 media=\u0022all\u0022 href=\u0022\/sites\/default\/files\/css\/css_89YreTu0npezhXSakRJR9TVHyBS9bTcyt0s3IckAe-M.css\u0022 \/\u003E\n"},{"command":"add_js","selector":"body","data":[{"src":"\/sites\/default\/files\/js\/js_9UaAhXvc9u0KYXXUw-OKyLP2baQxdV4zY3Y_KGurcvY.js"},{"src":"\/sites\/default\/files\/js\/js_oDJxUBLBzfRb_FDgNfkNOm9-tiatS2kNfxQIeVRZA7Y.js"},{"src":"\/sites\/default\/files\/js\/js_YM82KRuzNIr2X-Kb8pQW8cOcSbWgQ_QGKclTYJ_aMlI.js"},{"src":"\/sites\/default\/files\/js\/js_pqqsPPmPmxKgamY6qk_WSawtL05XH_yAY8GkPHVyahI.js"}]},{"command":"insert","method":"replaceWith","selector":".view-mode-full","data":"\u003Cdiv data-history-node-id=\u00223567\u0022 class=\u0022contenido view-mode-media_expanded ds-3col-equal clearfix\u0022\u003E\n\n  \n\n  \u003Cdiv class=\u0022area-medios group-left\u0022\u003E\n        \n                          \u003Cdiv  class=\u0022imagen\u0022 \u003E\n          \u003Cpicture\u003E\n                  \u003Csource srcset=\u0022\/sites\/default\/files\/styles\/max_650x650\/public\/2018-09\/Inicia%20operaciones%20el%20Centro%20Universitario%20de%20Compostaje%20de%20UABC01.webp?itok=yTaJSZvj 650w, \/sites\/default\/files\/styles\/max_1300x1300\/public\/2018-09\/Inicia%20operaciones%20el%20Centro%20Universitario%20de%20Compostaje%20de%20UABC01.webp?itok=Ehpi2A6t 1300w, \/sites\/default\/files\/styles\/max_1900x1900\/public\/2018-09\/Inicia%20operaciones%20el%20Centro%20Universitario%20de%20Compostaje%20de%20UABC01.webp?itok=P9xq8P47 1600w\u0022 type=\u0022image\/webp\u0022 sizes=\u0022100vw\u0022\/\u003E\n              \u003Csource srcset=\u0022\/sites\/default\/files\/styles\/max_650x650\/public\/2018-09\/Inicia%20operaciones%20el%20Centro%20Universitario%20de%20Compostaje%20de%20UABC01.jpg?itok=yTaJSZvj 650w, \/sites\/default\/files\/styles\/max_1300x1300\/public\/2018-09\/Inicia%20operaciones%20el%20Centro%20Universitario%20de%20Compostaje%20de%20UABC01.jpg?itok=Ehpi2A6t 1300w, \/sites\/default\/files\/styles\/max_1900x1900\/public\/2018-09\/Inicia%20operaciones%20el%20Centro%20Universitario%20de%20Compostaje%20de%20UABC01.jpg?itok=P9xq8P47 1600w\u0022 type=\u0022image\/jpeg\u0022 sizes=\u0022100vw\u0022\/\u003E\n                  \u003Cimg srcset=\u0022\/sites\/default\/files\/styles\/max_650x650\/public\/2018-09\/Inicia%20operaciones%20el%20Centro%20Universitario%20de%20Compostaje%20de%20UABC01.jpg?itok=yTaJSZvj 650w, \/sites\/default\/files\/styles\/max_1300x1300\/public\/2018-09\/Inicia%20operaciones%20el%20Centro%20Universitario%20de%20Compostaje%20de%20UABC01.jpg?itok=Ehpi2A6t 1300w, \/sites\/default\/files\/styles\/max_1900x1900\/public\/2018-09\/Inicia%20operaciones%20el%20Centro%20Universitario%20de%20Compostaje%20de%20UABC01.jpg?itok=P9xq8P47 1600w\u0022 sizes=\u0022100vw\u0022 src=\u0022\/sites\/default\/files\/styles\/max_1300x1300\/public\/2018-09\/Inicia%20operaciones%20el%20Centro%20Universitario%20de%20Compostaje%20de%20UABC01.jpg?itok=Ehpi2A6t\u0022 alt=\u0022Inauguraci\u00f3n_Centro Universitario_Compostaje_Plaza_Orgullo Cimarr\u00f3n_Cafeter\u00eda_Valle de Mexicali\u0022 typeof=\u0022foaf:Image\u0022 class=\u0022img-fluid\u0022 \/\u003E\n\n  \u003C\/picture\u003E\n\n\u003C\/div\u003E\n      \n  \n\n      \u003Cdiv  class=\u0022boton-expander\u0022\u003E\n        \n                  \u003Cdiv class=\u0022item-list\u0022\u003E\u003Cul\u003E\u003Cli\u003E\u003Ca href=\u0022\/ds-switch-view-mode\/node\/3567\/media_collapsed?selector=view-mode-media_expanded\u0022 class=\u0022use-ajax\u0022\u003E\u2191\u003C\/a\u003E\u003C\/li\u003E\u003C\/ul\u003E\u003C\/div\u003E\n      \n  \n    \u003C\/div\u003E\n\n\n  \u003C\/div\u003E\n\n  \u003Cdiv class=\u0022area-info group-middle\u0022\u003E\n    \n\u003Cdiv  class=\u0022inner\u0022\u003E\n          \n                          \u003Ch2  class=\u0022titulo\u0022 \u003E\n        Inicia operaciones el Centro Universitario de Compostaje de UABC\n\u003C\/h2\u003E\n      \n  \n\n    \n                          \u003Cdiv  class=\u0022resumen\u0022 \u003E\n      Puede generar alrededor de 60 toneladas de composta al a\u00f1o.\u003C\/div\u003E\n      \n  \n\n\n\u003Cdiv  class=\u0022datos\u0022\u003E\n            \u003Cdiv  class=\u0022autor\u0022\u003E\n            \u003Cdiv  class=\u0022field-label-inline\u0022\u003EPor\u003C\/div\u003E\n  \n                  \u003Ca href=\u0022\/autores\/norma-angelica-gomez-bravo\u0022 hreflang=\u0022es\u0022\u003ENorma Ang\u00e9lica G\u00f3mez Bravo\u003C\/a\u003E\n      \n  \n    \u003C\/div\u003E\n\n      \u003Cdiv  class=\u0022campus\u0022\u003E\n            \u003Cdiv  class=\u0022field-label-inline\u0022\u003ECampus\u003C\/div\u003E\n  \n                  \u003Ca href=\u0022\/campus\/mexicali\u0022 hreflang=\u0022es\u0022\u003EMexicali\u003C\/a\u003E\n      \n  \n    \u003C\/div\u003E\n\n    \n                          \u003Cdiv  class=\u0022fecha\u0022 \u003E\n      27 de Septiembre de 2018\u003C\/div\u003E\n      \n  \n\n\n  \u003C\/div\u003E\n    \n                          \u003Cdiv  class=\u0022texto\u0022 \u003E\n      \u003Cp\u003ESe llev\u00f3 a cabo la inauguraci\u00f3n e inicio de operaciones del Centro Universitario de Compostaje que estableci\u00f3 la Universidad Aut\u00f3noma de Baja California (UABC), en el Instituto de Ciencias Agr\u00edcolas (ICA), ubicado en el valle de Mexicali, en el cual se generar\u00e1 composta que ser\u00e1 utilizada en las \u00e1reas verdes de la propia Instituci\u00f3n, al mismo tiempo que reduce residuos org\u00e1nicos.\u00a0\u003C\/p\u003E\n\n\u003Cp\u003EEste Centro es un complemento del programa \u201cCero Residuos\u201d que inici\u00f3 operaciones el pasado mes de abril, el cual tiene como objetivo disminuir significativamente la huella ecol\u00f3gica que generan las actividades universitarias, as\u00ed como lograr que el 90 por ciento de los residuos generados por la comunidad universitaria sean valorizados para su re\u00faso, reducci\u00f3n, reciclaje y compostaje, y que solo el 10 por ciento restante vaya a un relleno sanitario.\u00a0\u003C\/p\u003E\n\n\u003Cp\u003EEl Rector de la UABC, doctor Juan Manuel Ocegueda Hern\u00e1ndez, destac\u00f3 que con este esfuerzo se busca promover una cultura de protecci\u00f3n al medio ambiente para que las futuras generaciones reciban un planeta con mejores condiciones ambientales que las actuales. \u201cEse es un compromiso que debemos tener todos los ciudadanos, pero principalmente cuando se trata de integrantes de una comunidad ilustrada como lo es la universitaria\u201d.\u003C\/p\u003E\n\n\u003Cp\u003EEl Centro Universitario de Compostaje, cuya inversi\u00f3n fue de 1.3 millones de pesos, permitir\u00e1 procesar los desechos org\u00e1nicos y darles un uso \u00fatil a estos residuos. Otras acciones emprendidas por la Universidad para un uso eficiente de los recursos, son la sustituci\u00f3n de las l\u00e1mparas comunes por ahorradoras de energ\u00eda; renovaci\u00f3n de equipos de aire acondicionado en el Campus Mexicali; promoci\u00f3n del re\u00faso de aguas residuales; as\u00ed como impulso a la cultura del respeto al medio ambiente a trav\u00e9s de diversas estrategias.\u003C\/p\u003E\n\n\u003Cp\u003EEl Coordinador de Proyectos de Gesti\u00f3n Ambiental, doctor Efra\u00edn Carlos Nieblas Ort\u00edz, se\u00f1al\u00f3 que el Campus Mexicali cuenta con m\u00e1s de 200 mil metros cuadrados de \u00e1rea verde en los jardines universitarios. Estos generan un volumen importante de residuos de poda, los cuales ahora ser\u00e1n llevados al Centro Universitario de Compostaje donde se cuenta con una m\u00e1quina compostadora con la que se voltear\u00e1n las pilas de residuos org\u00e1nicos para mantenerlas oxigenadas. Eventualmente se podr\u00e1n canalizar a este Centro, los restos generados en las cafeter\u00edas universitarias.\u003C\/p\u003E\n\n\u003Cp\u003ESeg\u00fan los datos recabados a trav\u00e9s de diagn\u00f3sticos, el doctor Nieblas Ort\u00edz se\u00f1al\u00f3 que se est\u00e1 generado cerca de 204 toneladas de residuos org\u00e1nicos por a\u00f1o, solamente en la poda de jardines de las unidades universitarias Mexicali I y II, as\u00ed como campos deportivos, sin considerar las unidades perif\u00e9ricas. \u201cCon eso estar\u00edamos generando aproximadamente 60 toneladas de composta al a\u00f1o\u201d.\u00a0\u00a0\u003C\/p\u003E\n\n\u003Cp\u003E\u003Cstrong\u003EInauguraci\u00f3n cafeter\u00eda universitaria\u003C\/strong\u003E\u003C\/p\u003E\n\n\u003Cp\u003ETambi\u00e9n este d\u00eda comenz\u00f3 el servicio de la cafeter\u00eda universitaria en el Instituto de Ciencias Agr\u00edcolas, en la que los integrantes de esta Unidad Acad\u00e9mica podr\u00e1n consumir alimentos de buena calidad y a precios accesibles.\u00a0\u003C\/p\u003E\n\n\u003Cp\u003EPrevio a la inauguraci\u00f3n, el doctor Ocegueda Hern\u00e1ndez, indic\u00f3 que esta obra de poco m\u00e1s de 6 millones de pesos de inversi\u00f3n, se logr\u00f3 gracias al esfuerzo de los estudiantes del Instituto quienes se comprometieron a la venta de boletos del Sorteo UABC para conseguir el recurso financiero necesario.\u003C\/p\u003E\n\n\u003Cp\u003EPor su parte, la doctora Cristina Ru\u00edz Alvarado, Directora del ICA mencion\u00f3 que esta cafeter\u00eda ser\u00e1 sustentable ya que utilizar\u00e1 tambi\u00e9n insumos que se producen en esta Unidad Acad\u00e9mica como carnes de res y cerdo, quesos, as\u00ed como semillas y legumbres, entre otros productos.\u003C\/p\u003E\n\n\u003Cp\u003E\u003Cstrong\u003EDevelaci\u00f3n de Plazas del Orgullo Cimarr\u00f3n\u003C\/strong\u003E\u003C\/p\u003E\n\n\u003Cp\u003EEn el recorrido que realiz\u00f3 el Rector de la UABC en el valle de Mexicali, espec\u00edficamente en el ICA y en la Escuela de Ingenier\u00eda y Negocios Guadalupe Victoria (EINGV), encabez\u00f3 tambi\u00e9n las ceremonias de develaci\u00f3n de dos plazas del Orgullo Cimarr\u00f3n, que tienen como objetivo fortalecer la identidad y el sentido de pertenencia de los universitarios que habitan en esta zona.\u003C\/p\u003E\n\n\u003Cp\u003EEn ambas inauguraciones se cont\u00f3 con la presencia del Presidente de la Junta de Gobierno, doctor Felipe Cuamea Vel\u00e1zquez;\u00a0el Vicerrector del Campus Mexicali, doctor Miguel \u00c1ngel Mart\u00ednez Romero; las directoras de estas unidades acad\u00e9micas, las doctoras Cristina Ru\u00edz Alvarado y Ana Mar\u00eda V\u00e1zquez; el doctor V\u00edctor Manuel Alc\u00e1ntar Enr\u00edquez, Tesorero de la Universidad;\u00a0as\u00ed como otras autoridades universitarias, docentes y alumnos.\u003C\/p\u003E\u003C\/div\u003E\n      \n  \n\n    \n            \u003Cdiv  class=\u0022palabras-clave\u0022\u003E\n                        \u003Ca href=\u0022\/tags\/inauguracion\u0022 hreflang=\u0022es\u0022\u003EInauguraci\u00f3n\u003C\/a\u003E\n                \u003Ca href=\u0022\/tags\/centro-universitario\u0022 hreflang=\u0022es\u0022\u003ECentro Universitario\u003C\/a\u003E\n                \u003Ca href=\u0022\/tags\/compostaje\u0022 hreflang=\u0022es\u0022\u003ECompostaje\u003C\/a\u003E\n                \u003Ca href=\u0022\/tags\/plaza\u0022 hreflang=\u0022es\u0022\u003EPlaza\u003C\/a\u003E\n                \u003Ca href=\u0022\/tags\/orgullo-cimarron\u0022 hreflang=\u0022es\u0022\u003EOrgullo Cimarr\u00f3n\u003C\/a\u003E\n                \u003Ca href=\u0022\/tags\/cafeteria\u0022 hreflang=\u0022es\u0022\u003ECafeter\u00eda\u003C\/a\u003E\n                \u003Ca href=\u0022\/tags\/valle-de-mexicali\u0022 hreflang=\u0022es\u0022\u003EValle de Mexicali\u003C\/a\u003E\n      \n      \u003C\/div\u003E\n  \n\n\n  \u003C\/div\u003E\n\n  \u003C\/div\u003E\n\n  \u003Cdiv class=\u0022area-extras group-right\u0022\u003E\n        \n                          \u003Cdiv  class=\u0022enlace-blockBottom\u0022 \u003E\n      \u003Cdiv\u003EVer m\u00e1s \u003Ca href=\u0022http:\/\/gaceta.uabc.mx\/notas\u0022\u003ENotas\u003C\/a\u003E\u003C\/div\u003E\n\u003C\/div\u003E\n      \n  \n\n\n  \u003C\/div\u003E\n\n\u003C\/div\u003E\n\n","settings":null}]