[{"command":"settings","settings":{"pluralDelimiter":"\u0003","suppressDeprecationErrors":true,"ajaxPageState":{"libraries":"core\/drupal.ajax,core\/picturefill,ds\/ds_3col_equal_width","theme":"gaceta","theme_token":null},"ajaxTrustedUrl":[],"field_group":{"html_element":{"mode":"media_expanded","context":"view","settings":{"classes":"datos","show_empty_fields":false,"id":"","element":"div","show_label":false,"label_element":"h3","label_element_classes":"","attributes":"","effect":"none","speed":"fast"}}},"user":{"uid":0,"permissionsHash":"55dc977d165ab1e05e51b6cc6487f6d73e65ab536d99ee82c6990d9001d5c21c"}},"merge":true},{"command":"add_css","data":"\u003Clink rel=\u0022stylesheet\u0022 media=\u0022all\u0022 href=\u0022\/sites\/default\/files\/css\/css_mxJrjoKKAZuuB4_4f-B1u9VnFZxvSor3Az4JEdrFEso.css\u0022 \/\u003E\n\u003Clink rel=\u0022stylesheet\u0022 media=\u0022all\u0022 href=\u0022\/sites\/default\/files\/css\/css_-BXSGQpS8YTwwuXGbPoshUvZ7W-_HbYR3H7d0DA_mEY.css\u0022 \/\u003E\n\u003Clink rel=\u0022stylesheet\u0022 media=\u0022all\u0022 href=\u0022\/sites\/default\/files\/css\/css_89YreTu0npezhXSakRJR9TVHyBS9bTcyt0s3IckAe-M.css\u0022 \/\u003E\n"},{"command":"add_js","selector":"body","data":[{"src":"\/sites\/default\/files\/js\/js_9UaAhXvc9u0KYXXUw-OKyLP2baQxdV4zY3Y_KGurcvY.js"},{"src":"\/sites\/default\/files\/js\/js_oDJxUBLBzfRb_FDgNfkNOm9-tiatS2kNfxQIeVRZA7Y.js"},{"src":"\/sites\/default\/files\/js\/js_YM82KRuzNIr2X-Kb8pQW8cOcSbWgQ_QGKclTYJ_aMlI.js"},{"src":"\/sites\/default\/files\/js\/js_pqqsPPmPmxKgamY6qk_WSawtL05XH_yAY8GkPHVyahI.js"}]},{"command":"insert","method":"replaceWith","selector":".view-mode-full","data":"\u003Cdiv data-history-node-id=\u00223832\u0022 class=\u0022contenido view-mode-media_expanded ds-3col-equal clearfix\u0022\u003E\n\n  \n\n  \u003Cdiv class=\u0022area-medios group-left\u0022\u003E\n        \n                          \u003Cdiv  class=\u0022imagen\u0022 \u003E\n          \u003Cpicture\u003E\n                  \u003Csource srcset=\u0022\/sites\/default\/files\/styles\/max_650x650\/public\/2018-11\/Realiza%20UABC%20junta%20informativa%20del%20proceso%20Condde%202018-2019.webp?itok=YUCtE7aK 650w, \/sites\/default\/files\/styles\/max_1300x1300\/public\/2018-11\/Realiza%20UABC%20junta%20informativa%20del%20proceso%20Condde%202018-2019.webp?itok=snSsYgtA 1300w, \/sites\/default\/files\/styles\/max_1900x1900\/public\/2018-11\/Realiza%20UABC%20junta%20informativa%20del%20proceso%20Condde%202018-2019.webp?itok=Du3mLAfd 1577w\u0022 type=\u0022image\/webp\u0022 sizes=\u0022100vw\u0022\/\u003E\n              \u003Csource srcset=\u0022\/sites\/default\/files\/styles\/max_650x650\/public\/2018-11\/Realiza%20UABC%20junta%20informativa%20del%20proceso%20Condde%202018-2019.jpg?itok=YUCtE7aK 650w, \/sites\/default\/files\/styles\/max_1300x1300\/public\/2018-11\/Realiza%20UABC%20junta%20informativa%20del%20proceso%20Condde%202018-2019.jpg?itok=snSsYgtA 1300w, \/sites\/default\/files\/styles\/max_1900x1900\/public\/2018-11\/Realiza%20UABC%20junta%20informativa%20del%20proceso%20Condde%202018-2019.jpg?itok=Du3mLAfd 1577w\u0022 type=\u0022image\/jpeg\u0022 sizes=\u0022100vw\u0022\/\u003E\n                  \u003Cimg srcset=\u0022\/sites\/default\/files\/styles\/max_650x650\/public\/2018-11\/Realiza%20UABC%20junta%20informativa%20del%20proceso%20Condde%202018-2019.jpg?itok=YUCtE7aK 650w, \/sites\/default\/files\/styles\/max_1300x1300\/public\/2018-11\/Realiza%20UABC%20junta%20informativa%20del%20proceso%20Condde%202018-2019.jpg?itok=snSsYgtA 1300w, \/sites\/default\/files\/styles\/max_1900x1900\/public\/2018-11\/Realiza%20UABC%20junta%20informativa%20del%20proceso%20Condde%202018-2019.jpg?itok=Du3mLAfd 1577w\u0022 sizes=\u0022100vw\u0022 src=\u0022\/sites\/default\/files\/styles\/max_1300x1300\/public\/2018-11\/Realiza%20UABC%20junta%20informativa%20del%20proceso%20Condde%202018-2019.jpg?itok=snSsYgtA\u0022 alt=\u0022Junta Informativa_Condde 2018-2019_Competencias Universitarias\u0022 typeof=\u0022foaf:Image\u0022 class=\u0022img-fluid\u0022 \/\u003E\n\n  \u003C\/picture\u003E\n\n\u003C\/div\u003E\n      \n  \n\n      \u003Cdiv  class=\u0022boton-expander\u0022\u003E\n        \n                  \u003Cdiv class=\u0022item-list\u0022\u003E\u003Cul\u003E\u003Cli\u003E\u003Ca href=\u0022\/ds-switch-view-mode\/node\/3832\/media_collapsed?selector=view-mode-media_expanded\u0022 class=\u0022use-ajax\u0022\u003E\u2191\u003C\/a\u003E\u003C\/li\u003E\u003C\/ul\u003E\u003C\/div\u003E\n      \n  \n    \u003C\/div\u003E\n\n\n  \u003C\/div\u003E\n\n  \u003Cdiv class=\u0022area-info group-middle\u0022\u003E\n    \n\u003Cdiv  class=\u0022inner\u0022\u003E\n          \n                          \u003Ch2  class=\u0022titulo\u0022 \u003E\n        Efect\u00faa UABC junta informativa del proceso Condde 2018-2019\n\u003C\/h2\u003E\n      \n  \n\n    \n                          \u003Cdiv  class=\u0022resumen\u0022 \u003E\n      Se entreg\u00f3 de la convocatoria de los XXVIII Juegos Deportivos Estatales Universitarios, as\u00ed como informaci\u00f3n de otras competencias universitarias.\u003C\/div\u003E\n      \n  \n\n\n\u003Cdiv  class=\u0022datos\u0022\u003E\n            \u003Cdiv  class=\u0022autor\u0022\u003E\n            \u003Cdiv  class=\u0022field-label-inline\u0022\u003EPor\u003C\/div\u003E\n  \n                  \u003Ca href=\u0022\/autores\/alejandrina-mendoza-rivera\u0022 hreflang=\u0022es\u0022\u003EAlejandrina Mendoza Rivera\u003C\/a\u003E\n      \n  \n    \u003C\/div\u003E\n\n      \u003Cdiv  class=\u0022campus\u0022\u003E\n            \u003Cdiv  class=\u0022field-label-inline\u0022\u003ECampus\u003C\/div\u003E\n  \n                  \u003Ca href=\u0022\/campus\/mexicali\u0022 hreflang=\u0022es\u0022\u003EMexicali\u003C\/a\u003E\n      \n  \n    \u003C\/div\u003E\n\n    \n                          \u003Cdiv  class=\u0022fecha\u0022 \u003E\n      8 de Noviembre de 2018\u003C\/div\u003E\n      \n  \n\n\n  \u003C\/div\u003E\n    \n                          \u003Cdiv  class=\u0022texto\u0022 \u003E\n      \u003Cp\u003ELa UABC, a trav\u00e9s de la Facultad de Deportes como medio de la Delegaci\u00f3n Estatal del Consejo Nacional del Deporte de la Educaci\u00f3n, A.C., realiz\u00f3 la junta de informaci\u00f3n del proceso Condde 2018-2019.\u003C\/p\u003E\n\n\u003Cp\u003ELa reuni\u00f3n se llev\u00f3 a cabo el d\u00eda mi\u00e9rcoles 7 de noviembre a las 11:00 horas en la sala audiovisual de la Coordinaci\u00f3n Estatal de Actividad F\u00edsica y Deporte, altos del Gimnasio Universitario \u201cED. El\u00edas Carranco Hermosillo\u201d en Mexicali. Fue presidida por el maestro Miguel \u00c1ngel Aispuro Ruelas, Delegado Estatal en Baja California del Consejo Nacional del Deporte de la Educaci\u00f3n, en presencia de los delegados institucionales de Cetys, ITM, Xochicalco, UABC, CEU 16 de Septiembre.\u003C\/p\u003E\n\n\u003Cp\u003ESe entreg\u00f3 de la convocatoria de los XXVIII Juegos Deportivos Estatales Universitarios, a celebrarse del 28 de febrero al 4 de marzo de 2019 con sedes a definirse en la junta previa y cierre de inscripciones el 22 de febrero en el Campus Mexicali.\u003C\/p\u003E\n\n\u003Cp\u003EAsimismo, se inform\u00f3 sobre el pago de membres\u00eda para las IES afiliadas al Condde BC en el ciclo competitivo 2018-2019; adem\u00e1s de las indicaciones implicadas en el proceso de credencializaci\u00f3n 2018-2019.\u00a0\u003C\/p\u003E\n\n\u003Cp\u003EOtro de los puntos tratados en dicha reuni\u00f3n fueron las fechas de las copas regionales, invitando a las IES a participar con sus equipos representativos en los deportes convocados: softbol, tochito, baloncesto, b\u00e9isbol, v\u00f3leibol de playa y f\u00fatbol r\u00e1pido, con sedes en Itson, UAS, UABC Y Uabcs.\u003C\/p\u003E\n\n\u003Cp\u003EComo \u00faltimo punto, el maestro Miguel \u00c1ngel Aispuro Ruelas dio a conocer las fechas de la Universiada Regional 2019, la cual se llevar\u00e1 a cabo en conjunto con Cetys\u00a0 Universidad. La UABC ser\u00e1 sede del 31 de marzo al 4 de abril en el Campus Tijuana, mientras que Cetys del 4 al 8 de abril en Mexicali.\u003C\/p\u003E\u003C\/div\u003E\n      \n  \n\n    \n            \u003Cdiv  class=\u0022palabras-clave\u0022\u003E\n                        \u003Ca href=\u0022\/tags\/junta-informativa\u0022 hreflang=\u0022es\u0022\u003EJunta Informativa\u003C\/a\u003E\n                \u003Ca href=\u0022\/tags\/condde-2018-2019\u0022 hreflang=\u0022es\u0022\u003ECondde 2018-2019\u003C\/a\u003E\n                \u003Ca href=\u0022\/tags\/competencias-universitarias\u0022 hreflang=\u0022es\u0022\u003ECompetencias Universitarias\u003C\/a\u003E\n      \n      \u003C\/div\u003E\n  \n\n\n  \u003C\/div\u003E\n\n  \u003C\/div\u003E\n\n  \u003Cdiv class=\u0022area-extras group-right\u0022\u003E\n        \n                          \u003Cdiv  class=\u0022enlace-blockBottom\u0022 \u003E\n      \u003Cdiv\u003EVer m\u00e1s \u003Ca href=\u0022http:\/\/gaceta.uabc.mx\/notas\u0022\u003ENotas\u003C\/a\u003E\u003C\/div\u003E\n\u003C\/div\u003E\n      \n  \n\n\n  \u003C\/div\u003E\n\n\u003C\/div\u003E\n\n","settings":null}]