[{"command":"settings","settings":{"pluralDelimiter":"\u0003","suppressDeprecationErrors":true,"ajaxPageState":{"libraries":"core\/drupal.ajax,core\/picturefill,ds\/ds_3col_equal_width","theme":"gaceta","theme_token":null},"ajaxTrustedUrl":[],"field_group":{"html_element":{"mode":"media_expanded","context":"view","settings":{"classes":"datos","show_empty_fields":false,"id":"","element":"div","show_label":false,"label_element":"h3","label_element_classes":"","attributes":"","effect":"none","speed":"fast"}}},"user":{"uid":0,"permissionsHash":"55dc977d165ab1e05e51b6cc6487f6d73e65ab536d99ee82c6990d9001d5c21c"}},"merge":true},{"command":"add_css","data":"\u003Clink rel=\u0022stylesheet\u0022 media=\u0022all\u0022 href=\u0022\/sites\/default\/files\/css\/css_mxJrjoKKAZuuB4_4f-B1u9VnFZxvSor3Az4JEdrFEso.css\u0022 \/\u003E\n\u003Clink rel=\u0022stylesheet\u0022 media=\u0022all\u0022 href=\u0022\/sites\/default\/files\/css\/css_-BXSGQpS8YTwwuXGbPoshUvZ7W-_HbYR3H7d0DA_mEY.css\u0022 \/\u003E\n\u003Clink rel=\u0022stylesheet\u0022 media=\u0022all\u0022 href=\u0022\/sites\/default\/files\/css\/css_89YreTu0npezhXSakRJR9TVHyBS9bTcyt0s3IckAe-M.css\u0022 \/\u003E\n"},{"command":"add_js","selector":"body","data":[{"src":"\/sites\/default\/files\/js\/js_9UaAhXvc9u0KYXXUw-OKyLP2baQxdV4zY3Y_KGurcvY.js"},{"src":"\/sites\/default\/files\/js\/js_oDJxUBLBzfRb_FDgNfkNOm9-tiatS2kNfxQIeVRZA7Y.js"},{"src":"\/sites\/default\/files\/js\/js_YM82KRuzNIr2X-Kb8pQW8cOcSbWgQ_QGKclTYJ_aMlI.js"},{"src":"\/sites\/default\/files\/js\/js_pqqsPPmPmxKgamY6qk_WSawtL05XH_yAY8GkPHVyahI.js"}]},{"command":"insert","method":"replaceWith","selector":".view-mode-full","data":"\u003Cdiv data-history-node-id=\u00223901\u0022 class=\u0022contenido view-mode-media_expanded ds-3col-equal clearfix\u0022\u003E\n\n  \n\n  \u003Cdiv class=\u0022area-medios group-left\u0022\u003E\n        \n                          \u003Cdiv  class=\u0022imagen\u0022 \u003E\n          \u003Cpicture\u003E\n                  \u003Csource srcset=\u0022\/sites\/default\/files\/styles\/max_650x650\/public\/2018-11\/Presentan%202da.%20Feria%20del%20Adulto%20Mayor.webp?itok=KZBIB01T 650w, \/sites\/default\/files\/styles\/max_1300x1300\/public\/2018-11\/Presentan%202da.%20Feria%20del%20Adulto%20Mayor.webp?itok=kg5DyeGP 1300w, \/sites\/default\/files\/styles\/max_1900x1900\/public\/2018-11\/Presentan%202da.%20Feria%20del%20Adulto%20Mayor.webp?itok=zDtMEBu7 1728w\u0022 type=\u0022image\/webp\u0022 sizes=\u0022100vw\u0022\/\u003E\n              \u003Csource srcset=\u0022\/sites\/default\/files\/styles\/max_650x650\/public\/2018-11\/Presentan%202da.%20Feria%20del%20Adulto%20Mayor.jpg?itok=KZBIB01T 650w, \/sites\/default\/files\/styles\/max_1300x1300\/public\/2018-11\/Presentan%202da.%20Feria%20del%20Adulto%20Mayor.jpg?itok=kg5DyeGP 1300w, \/sites\/default\/files\/styles\/max_1900x1900\/public\/2018-11\/Presentan%202da.%20Feria%20del%20Adulto%20Mayor.jpg?itok=zDtMEBu7 1728w\u0022 type=\u0022image\/jpeg\u0022 sizes=\u0022100vw\u0022\/\u003E\n                  \u003Cimg srcset=\u0022\/sites\/default\/files\/styles\/max_650x650\/public\/2018-11\/Presentan%202da.%20Feria%20del%20Adulto%20Mayor.jpg?itok=KZBIB01T 650w, \/sites\/default\/files\/styles\/max_1300x1300\/public\/2018-11\/Presentan%202da.%20Feria%20del%20Adulto%20Mayor.jpg?itok=kg5DyeGP 1300w, \/sites\/default\/files\/styles\/max_1900x1900\/public\/2018-11\/Presentan%202da.%20Feria%20del%20Adulto%20Mayor.jpg?itok=zDtMEBu7 1728w\u0022 sizes=\u0022100vw\u0022 src=\u0022\/sites\/default\/files\/styles\/max_1300x1300\/public\/2018-11\/Presentan%202da.%20Feria%20del%20Adulto%20Mayor.jpg?itok=kg5DyeGP\u0022 alt=\u0022Feria_Actividad F\u00edsica_Salud_Adulto Mayor_Actividad F\u00edsica Geri\u00e1trica\u0022 typeof=\u0022foaf:Image\u0022 class=\u0022img-fluid\u0022 \/\u003E\n\n  \u003C\/picture\u003E\n\n\u003C\/div\u003E\n      \n  \n\n      \u003Cdiv  class=\u0022boton-expander\u0022\u003E\n        \n                  \u003Cdiv class=\u0022item-list\u0022\u003E\u003Cul\u003E\u003Cli\u003E\u003Ca href=\u0022\/ds-switch-view-mode\/node\/3901\/media_collapsed?selector=view-mode-media_expanded\u0022 class=\u0022use-ajax\u0022\u003E\u2191\u003C\/a\u003E\u003C\/li\u003E\u003C\/ul\u003E\u003C\/div\u003E\n      \n  \n    \u003C\/div\u003E\n\n\n  \u003C\/div\u003E\n\n  \u003Cdiv class=\u0022area-info group-middle\u0022\u003E\n    \n\u003Cdiv  class=\u0022inner\u0022\u003E\n          \n                          \u003Ch2  class=\u0022titulo\u0022 \u003E\n        Presentan 2da. Feria del Adulto Mayor\n\u003C\/h2\u003E\n      \n  \n\n    \n                          \u003Cdiv  class=\u0022resumen\u0022 \u003E\n      Tendr\u00e1 lugar el lunes 26 de noviembre en la Facultad de Deportes Campus Tijuana.\u003C\/div\u003E\n      \n  \n\n\n\u003Cdiv  class=\u0022datos\u0022\u003E\n            \u003Cdiv  class=\u0022autor\u0022\u003E\n            \u003Cdiv  class=\u0022field-label-inline\u0022\u003EPor\u003C\/div\u003E\n  \n                  \u003Ca href=\u0022\/autores\/vasthy-raquel-mejia-negrete\u0022 hreflang=\u0022es\u0022\u003EVasthy Raquel Mej\u00eda Negrete\u003C\/a\u003E\n      \n  \n    \u003C\/div\u003E\n\n      \u003Cdiv  class=\u0022campus\u0022\u003E\n            \u003Cdiv  class=\u0022field-label-inline\u0022\u003ECampus\u003C\/div\u003E\n  \n                  \u003Ca href=\u0022\/campus\/tijuana\u0022 hreflang=\u0022es\u0022\u003ETijuana\u003C\/a\u003E\n      \n  \n    \u003C\/div\u003E\n\n    \n                          \u003Cdiv  class=\u0022fecha\u0022 \u003E\n      16 de Noviembre de 2018\u003C\/div\u003E\n      \n  \n\n\n  \u003C\/div\u003E\n    \n                          \u003Cdiv  class=\u0022texto\u0022 \u003E\n      \u003Cp\u003EEl grupo 281 de la Licenciatura en Actividad F\u00edsica y Deporte de la Facultad de Deportes present\u00f3 esta ma\u00f1ana en rueda de prensa la segunda edici\u00f3n de la Feria de la Actividad F\u00edsica y Salud en el Adulto Mayor, la cual se realiz\u00f3 por primera vez el semestre anterior, como parte de la asignatura Actividad F\u00edsica Geri\u00e1trica, impartida por la maestra Melinna Ortiz.\u003C\/p\u003E\n\n\u003Cp\u003EEl maestro Juan Jos\u00e9 Calleja N\u00fa\u00f1ez, Subdirector de la Facultad de Deportes, dio la bienvenida, agradeciendo a todos su presencia y resaltando la importancia de este evento que est\u00e1 hecho para los adultos mayores, con la finalidad de contribuir a que tengan una mejor calidad de vida, a trav\u00e9s de la promoci\u00f3n de la actividad f\u00edsica y otros h\u00e1bitos saludables.\u003C\/p\u003E\n\n\u003Cp\u003EPor su parte, Isaac Garc\u00eda Flores, Director General del evento, dio a conocer\u00a0 las diferentes actividades y tem\u00e1ticas que se llevar\u00e1n a cabo, tales como: conferencias sobre \u201cAutoestima en el Adulto Mayor\u201d, \u201cActividad F\u00edsica en el Adulto Mayor\u201d, talleres de karate y cumbia, adem\u00e1s de toma de signos vitales, pruebas f\u00edsicas, an\u00e1lisis de composici\u00f3n corporal y revisi\u00f3n e higiene dental, esto \u00faltimo por parte de la Facultad de Odontolog\u00eda.\u003C\/p\u003E\n\n\u003Cp\u003ETodas las actividades son totalmente gratuitas, por lo que los interesados en acudir a la 2da. Feria de la Actividad F\u00edsica y Salud en el Adulto Mayor s\u00f3lo deber\u00e1n presentarse en la Facultad de Deportes el lunes 26 de noviembre, a las 8:00 horas para su registro, presentando una identificaci\u00f3n oficial, y posteriormente dar inicio con la primera conferencia a las 8:30 horas. \u003C\/p\u003E\n\n\u003Cp\u003EPara mayores informes los interesados pueden comunicarse al tel\u00e9fono celular (664) 361-1148.\u003C\/p\u003E\u003C\/div\u003E\n      \n  \n\n    \n            \u003Cdiv  class=\u0022palabras-clave\u0022\u003E\n                        \u003Ca href=\u0022\/tags\/feria\u0022 hreflang=\u0022es\u0022\u003EFeria\u003C\/a\u003E\n                \u003Ca href=\u0022\/tags\/actividad-fisica\u0022 hreflang=\u0022es\u0022\u003EActividad F\u00edsica\u003C\/a\u003E\n                \u003Ca href=\u0022\/tags\/salud\u0022 hreflang=\u0022es\u0022\u003ESalud\u003C\/a\u003E\n                \u003Ca href=\u0022\/tags\/adulto-mayor\u0022 hreflang=\u0022es\u0022\u003EAdulto Mayor\u003C\/a\u003E\n                \u003Ca href=\u0022\/tags\/actividad-fisica-geriatrica\u0022 hreflang=\u0022es\u0022\u003EActividad F\u00edsica Geri\u00e1trica\u003C\/a\u003E\n      \n      \u003C\/div\u003E\n  \n\n\n  \u003C\/div\u003E\n\n  \u003C\/div\u003E\n\n  \u003Cdiv class=\u0022area-extras group-right\u0022\u003E\n        \n                          \u003Cdiv  class=\u0022enlace-blockBottom\u0022 \u003E\n      \u003Cdiv\u003EVer m\u00e1s \u003Ca href=\u0022http:\/\/gaceta.uabc.mx\/notas\u0022\u003ENotas\u003C\/a\u003E\u003C\/div\u003E\n\u003C\/div\u003E\n      \n  \n\n\n  \u003C\/div\u003E\n\n\u003C\/div\u003E\n\n","settings":null}]