[{"command":"settings","settings":{"pluralDelimiter":"\u0003","suppressDeprecationErrors":true,"ajaxPageState":{"libraries":"core\/drupal.ajax,core\/picturefill,ds\/ds_3col_equal_width","theme":"gaceta","theme_token":null},"ajaxTrustedUrl":[],"field_group":{"html_element":{"mode":"media_expanded","context":"view","settings":{"classes":"datos","show_empty_fields":false,"id":"","element":"div","show_label":false,"label_element":"h3","label_element_classes":"","attributes":"","effect":"none","speed":"fast"}}},"user":{"uid":0,"permissionsHash":"55dc977d165ab1e05e51b6cc6487f6d73e65ab536d99ee82c6990d9001d5c21c"}},"merge":true},{"command":"add_css","data":"\u003Clink rel=\u0022stylesheet\u0022 media=\u0022all\u0022 href=\u0022\/sites\/default\/files\/css\/css_mxJrjoKKAZuuB4_4f-B1u9VnFZxvSor3Az4JEdrFEso.css\u0022 \/\u003E\n\u003Clink rel=\u0022stylesheet\u0022 media=\u0022all\u0022 href=\u0022\/sites\/default\/files\/css\/css_-BXSGQpS8YTwwuXGbPoshUvZ7W-_HbYR3H7d0DA_mEY.css\u0022 \/\u003E\n\u003Clink rel=\u0022stylesheet\u0022 media=\u0022all\u0022 href=\u0022\/sites\/default\/files\/css\/css_89YreTu0npezhXSakRJR9TVHyBS9bTcyt0s3IckAe-M.css\u0022 \/\u003E\n"},{"command":"add_js","selector":"body","data":[{"src":"\/sites\/default\/files\/js\/js_9UaAhXvc9u0KYXXUw-OKyLP2baQxdV4zY3Y_KGurcvY.js"},{"src":"\/sites\/default\/files\/js\/js_oDJxUBLBzfRb_FDgNfkNOm9-tiatS2kNfxQIeVRZA7Y.js"},{"src":"\/sites\/default\/files\/js\/js_YM82KRuzNIr2X-Kb8pQW8cOcSbWgQ_QGKclTYJ_aMlI.js"},{"src":"\/sites\/default\/files\/js\/js_pqqsPPmPmxKgamY6qk_WSawtL05XH_yAY8GkPHVyahI.js"}]},{"command":"insert","method":"replaceWith","selector":".view-mode-full","data":"\u003Cdiv data-history-node-id=\u0022535\u0022 class=\u0022contenido view-mode-media_expanded ds-3col-equal clearfix\u0022\u003E\n\n  \n\n  \u003Cdiv class=\u0022area-medios group-left\u0022\u003E\n        \n                          \u003Cdiv  class=\u0022imagen\u0022 \u003E\n          \u003Cpicture\u003E\n                  \u003Csource srcset=\u0022\/sites\/default\/files\/styles\/max_650x650\/public\/2016-11\/IMG_8704.webp?itok=QByWu8L0 650w, \/sites\/default\/files\/styles\/max_1300x1300\/public\/2016-11\/IMG_8704.webp?itok=OQrVNqVL 1300w, \/sites\/default\/files\/styles\/max_1900x1900\/public\/2016-11\/IMG_8704.webp?itok=ZSkzEIpE 1900w\u0022 type=\u0022image\/webp\u0022 sizes=\u0022100vw\u0022\/\u003E\n              \u003Csource srcset=\u0022\/sites\/default\/files\/styles\/max_650x650\/public\/2016-11\/IMG_8704.JPG?itok=QByWu8L0 650w, \/sites\/default\/files\/styles\/max_1300x1300\/public\/2016-11\/IMG_8704.JPG?itok=OQrVNqVL 1300w, \/sites\/default\/files\/styles\/max_1900x1900\/public\/2016-11\/IMG_8704.JPG?itok=ZSkzEIpE 1900w\u0022 type=\u0022image\/jpeg\u0022 sizes=\u0022100vw\u0022\/\u003E\n                  \u003Cimg srcset=\u0022\/sites\/default\/files\/styles\/max_650x650\/public\/2016-11\/IMG_8704.JPG?itok=QByWu8L0 650w, \/sites\/default\/files\/styles\/max_1300x1300\/public\/2016-11\/IMG_8704.JPG?itok=OQrVNqVL 1300w, \/sites\/default\/files\/styles\/max_1900x1900\/public\/2016-11\/IMG_8704.JPG?itok=ZSkzEIpE 1900w\u0022 sizes=\u0022100vw\u0022 src=\u0022\/sites\/default\/files\/styles\/max_1300x1300\/public\/2016-11\/IMG_8704.JPG?itok=OQrVNqVL\u0022 alt=\u0022Reuni\u00f3n_Egresados_Vinculaci\u00f3n_Servicios\u0022 typeof=\u0022foaf:Image\u0022 class=\u0022img-fluid\u0022 \/\u003E\n\n  \u003C\/picture\u003E\n\n\u003C\/div\u003E\n      \n  \n\n      \u003Cdiv  class=\u0022boton-expander\u0022\u003E\n        \n                  \u003Cdiv class=\u0022item-list\u0022\u003E\u003Cul\u003E\u003Cli\u003E\u003Ca href=\u0022\/ds-switch-view-mode\/node\/535\/media_collapsed?selector=view-mode-media_expanded\u0022 class=\u0022use-ajax\u0022\u003E\u2191\u003C\/a\u003E\u003C\/li\u003E\u003C\/ul\u003E\u003C\/div\u003E\n      \n  \n    \u003C\/div\u003E\n\n\n  \u003C\/div\u003E\n\n  \u003Cdiv class=\u0022area-info group-middle\u0022\u003E\n    \n\u003Cdiv  class=\u0022inner\u0022\u003E\n          \n                          \u003Ch2  class=\u0022titulo\u0022 \u003E\n        Regresan egresados a su Alma M\u00e1ter\n\u003C\/h2\u003E\n      \n  \n\n    \n                          \u003Cdiv  class=\u0022resumen\u0022 \u003E\n      Se busca fortalecer los v\u00ednculos con el sector productivo.\u003C\/div\u003E\n      \n  \n\n\n\u003Cdiv  class=\u0022datos\u0022\u003E\n            \u003Cdiv  class=\u0022campus\u0022\u003E\n            \u003Cdiv  class=\u0022field-label-inline\u0022\u003ECampus\u003C\/div\u003E\n  \n                  \u003Ca href=\u0022\/campus\/mexicali\u0022 hreflang=\u0022es\u0022\u003EMexicali\u003C\/a\u003E\n      \n  \n    \u003C\/div\u003E\n\n    \n                          \u003Cdiv  class=\u0022fecha\u0022 \u003E\n      9 de Noviembre de 2016\u003C\/div\u003E\n      \n  \n\n\n  \u003C\/div\u003E\n    \n                          \u003Cdiv  class=\u0022texto\u0022 \u003E\n      \u003Cp\u003ECon el objetivo de establecer contacto con los egresados de los diversos programas educativos de licenciatura y posgrado de todas las generaciones para aprovechar su trabajo talento y experiencia, as\u00ed como exponerles los servicios que la UABC tiene para ellos, se realiz\u00f3 la primera Gran Convivencia de Egresados Cimarrones a la que acudieron cientos de exalumnos de la M\u00e1xima Casa de Estudios.\u003C\/p\u003E\n\n\u003Cp\u003EEl programa consisti\u00f3 en la presentaci\u00f3n del m\u00fasico Gersson Ram\u00edrez y de los grupos representativos de la UABC \u201cSon de Ac\u00e1\u201d y \u201cEsencia Flamenca\u201d, degustaci\u00f3n de vino, carnes fr\u00edas y quesos, adem\u00e1s, incluy\u00f3 la conferencia \u201cUna experiencia de vida en el \u00e1mbito laboral\u201d impartida por el maestro Rafael Gallegos Fregoso, Director de Calidad y Seguridad en la empresa manufacturera Gulfstream Aerospace.\u003C\/p\u003E\n\n\u003Cp\u003EEl Rector, doctor Juan Manuel Ocegueda Hern\u00e1ndez, agradeci\u00f3 a los egresados por enaltecer el nombre de su Alma M\u00e1ter y los invit\u00f3 a conocer todos los servicios que esta les puede ofrecer para su superaci\u00f3n profesional y personal.\u003C\/p\u003E\n\n\u003Cp\u003ETambi\u00e9n les solicit\u00f3 su colaboraci\u00f3n para fortalecer los v\u00ednculos con el sector productivo, \u201cCreemos que con el trabajando conjunto entre quienes laboramos en la UABC y ustedes, podemos recuperar su experiencia, talento y conocimiento para fortalecer nuestros programas educativos\u201d, mencion\u00f3 el Rector.\u003C\/p\u003E\n\n\u003Cp\u003EMencion\u00f3 que de 127 programas educativos de licenciatura que se ofertan, el 85 por ciento est\u00e1 reconocido y acreditado por su buena calidad por organismos encargados de evaluar la educaci\u00f3n superior en M\u00e9xico. De los 46 programas de posgrado, 44 est\u00e1n reconocidos en el Padr\u00f3n Nacional de Posgrados de Calidad.\u003C\/p\u003E\n\n\u003Cp\u003EAdem\u00e1s, la UABC presta servicios a 65 mil estudiantes en las unidades acad\u00e9micas distribuidas en los 5 municipios y en las zonas conurbadas del Estado, como San Felipe, San Quint\u00edn, Guadalupe Victoria, Ciudad Morelos y Valle de las Palmas. \u201cEsto es parte del esfuerzo que hace nuestra instituci\u00f3n para ofrecer oportunidades de estudio a nuestra juventud\u201d\u003C\/p\u003E\n\n\u003Cp\u003EEl Rector se\u00f1al\u00f3 que la UABC est\u00e1 pr\u00f3xima a cumplir los primeros 60 a\u00f1os, tiempo en el que la UABC ha formado a m\u00e1s de 150 mil profesionistas que contribuyen al desarrollo e historia de Baja California y de M\u00e9xico.\u003C\/p\u003E\n\n\u003Cp\u003E\u201cMe da mucho gusto que hoy se hayan dado cita cientos de Cimarrones y ojal\u00e1 que este sea la primera de muchas convivencias que vayamos a sostener\u201d, puntualiz\u00f3.\u003C\/p\u003E\n\n\u003Cp\u003EEl maestro Alberto Jabalera Oviedo, Jefe del Departamento de Formaci\u00f3n Profesional y Vinculaci\u00f3n Universitaria de Vicerrector\u00eda Mexicali y responsable de la realizaci\u00f3n de la Convivencia de Egresados, mencion\u00f3 que buscan alimentar el padr\u00f3n de egresados, que son alrededor de 40 mil egresados solamente en Mexicali, para conocer su desempe\u00f1o.\u003C\/p\u003E\n\n\u003Cp\u003ETambi\u00e9n estuvieron presentes en el evento el doctor \u00c1ngel Norzagaray Norzagaray, Vicerrector de la UABC Campus Mexicali y el doctor Miguel \u00c1ngel Mart\u00ednez Romero, Coordinador de Formaci\u00f3n Profesional y Vinculaci\u00f3n Universitaria.\u003C\/p\u003E\u003C\/div\u003E\n      \n  \n\n    \n            \u003Cdiv  class=\u0022palabras-clave\u0022\u003E\n                        \u003Ca href=\u0022\/tags\/reunion\u0022 hreflang=\u0022es\u0022\u003Ereuni\u00f3n\u003C\/a\u003E\n                \u003Ca href=\u0022\/tags\/egresados\u0022 hreflang=\u0022es\u0022\u003EEgresados\u003C\/a\u003E\n                \u003Ca href=\u0022\/tags\/vinculacion\u0022 hreflang=\u0022es\u0022\u003EVinculaci\u00f3n\u003C\/a\u003E\n                \u003Ca href=\u0022\/tags\/servicios\u0022 hreflang=\u0022es\u0022\u003EServicios\u003C\/a\u003E\n      \n      \u003C\/div\u003E\n  \n\n\n  \u003C\/div\u003E\n\n  \u003C\/div\u003E\n\n  \u003Cdiv class=\u0022area-extras group-right\u0022\u003E\n        \n                          \u003Cdiv  class=\u0022enlace-blockBottom\u0022 \u003E\n      \u003Cdiv\u003EVer m\u00e1s \u003Ca href=\u0022http:\/\/gaceta.uabc.mx\/notas\u0022\u003ENotas\u003C\/a\u003E\u003C\/div\u003E\n\u003C\/div\u003E\n      \n  \n\n\n  \u003C\/div\u003E\n\n\u003C\/div\u003E\n\n","settings":null}]