[{"command":"settings","settings":{"pluralDelimiter":"\u0003","suppressDeprecationErrors":true,"ajaxPageState":{"libraries":"core\/drupal.ajax,core\/picturefill,ds\/ds_3col_equal_width","theme":"gaceta","theme_token":null},"ajaxTrustedUrl":[],"field_group":{"html_element":{"mode":"media_expanded","context":"view","settings":{"classes":"datos","show_empty_fields":false,"id":"","element":"div","show_label":false,"label_element":"h3","label_element_classes":"","attributes":"","effect":"none","speed":"fast"}}},"user":{"uid":0,"permissionsHash":"55dc977d165ab1e05e51b6cc6487f6d73e65ab536d99ee82c6990d9001d5c21c"}},"merge":true},{"command":"add_css","data":"\u003Clink rel=\u0022stylesheet\u0022 media=\u0022all\u0022 href=\u0022\/sites\/default\/files\/css\/css_mxJrjoKKAZuuB4_4f-B1u9VnFZxvSor3Az4JEdrFEso.css\u0022 \/\u003E\n\u003Clink rel=\u0022stylesheet\u0022 media=\u0022all\u0022 href=\u0022\/sites\/default\/files\/css\/css_-BXSGQpS8YTwwuXGbPoshUvZ7W-_HbYR3H7d0DA_mEY.css\u0022 \/\u003E\n\u003Clink rel=\u0022stylesheet\u0022 media=\u0022all\u0022 href=\u0022\/sites\/default\/files\/css\/css_89YreTu0npezhXSakRJR9TVHyBS9bTcyt0s3IckAe-M.css\u0022 \/\u003E\n"},{"command":"add_js","selector":"body","data":[{"src":"\/sites\/default\/files\/js\/js_9UaAhXvc9u0KYXXUw-OKyLP2baQxdV4zY3Y_KGurcvY.js"},{"src":"\/sites\/default\/files\/js\/js_oDJxUBLBzfRb_FDgNfkNOm9-tiatS2kNfxQIeVRZA7Y.js"},{"src":"\/sites\/default\/files\/js\/js_YM82KRuzNIr2X-Kb8pQW8cOcSbWgQ_QGKclTYJ_aMlI.js"},{"src":"\/sites\/default\/files\/js\/js_pqqsPPmPmxKgamY6qk_WSawtL05XH_yAY8GkPHVyahI.js"}]},{"command":"insert","method":"replaceWith","selector":".view-mode-full","data":"\u003Cdiv data-history-node-id=\u0022606\u0022 class=\u0022contenido view-mode-media_expanded ds-3col-equal clearfix\u0022\u003E\n\n  \n\n  \u003Cdiv class=\u0022area-medios group-left\u0022\u003E\n        \n                          \u003Cdiv  class=\u0022imagen\u0022 \u003E\n          \u003Cpicture\u003E\n                  \u003Csource srcset=\u0022\/sites\/default\/files\/styles\/max_650x650\/public\/2016-11\/Nombran%20Directora%20en%20el%20Instituto%20de%20Ciencias%20Agr%C3%ADcolas%2001.webp?itok=1S8x94nc 650w, \/sites\/default\/files\/styles\/max_1300x1300\/public\/2016-11\/Nombran%20Directora%20en%20el%20Instituto%20de%20Ciencias%20Agr%C3%ADcolas%2001.webp?itok=kXUQVUwg 1300w, \/sites\/default\/files\/styles\/max_1900x1900\/public\/2016-11\/Nombran%20Directora%20en%20el%20Instituto%20de%20Ciencias%20Agr%C3%ADcolas%2001.webp?itok=R3L52rXi 1900w\u0022 type=\u0022image\/webp\u0022 sizes=\u0022100vw\u0022\/\u003E\n              \u003Csource srcset=\u0022\/sites\/default\/files\/styles\/max_650x650\/public\/2016-11\/Nombran%20Directora%20en%20el%20Instituto%20de%20Ciencias%20Agr%C3%ADcolas%2001.jpg?itok=1S8x94nc 650w, \/sites\/default\/files\/styles\/max_1300x1300\/public\/2016-11\/Nombran%20Directora%20en%20el%20Instituto%20de%20Ciencias%20Agr%C3%ADcolas%2001.jpg?itok=kXUQVUwg 1300w, \/sites\/default\/files\/styles\/max_1900x1900\/public\/2016-11\/Nombran%20Directora%20en%20el%20Instituto%20de%20Ciencias%20Agr%C3%ADcolas%2001.jpg?itok=R3L52rXi 1900w\u0022 type=\u0022image\/jpeg\u0022 sizes=\u0022100vw\u0022\/\u003E\n                  \u003Cimg srcset=\u0022\/sites\/default\/files\/styles\/max_650x650\/public\/2016-11\/Nombran%20Directora%20en%20el%20Instituto%20de%20Ciencias%20Agr%C3%ADcolas%2001.jpg?itok=1S8x94nc 650w, \/sites\/default\/files\/styles\/max_1300x1300\/public\/2016-11\/Nombran%20Directora%20en%20el%20Instituto%20de%20Ciencias%20Agr%C3%ADcolas%2001.jpg?itok=kXUQVUwg 1300w, \/sites\/default\/files\/styles\/max_1900x1900\/public\/2016-11\/Nombran%20Directora%20en%20el%20Instituto%20de%20Ciencias%20Agr%C3%ADcolas%2001.jpg?itok=R3L52rXi 1900w\u0022 sizes=\u0022100vw\u0022 src=\u0022\/sites\/default\/files\/styles\/max_1300x1300\/public\/2016-11\/Nombran%20Directora%20en%20el%20Instituto%20de%20Ciencias%20Agr%C3%ADcolas%2001.jpg?itok=kXUQVUwg\u0022 alt=\u0022Nombramiento_Designaci\u00f3n_Directora_Instituto de Ciencias Agr\u00edcolas_Cristina Ruiz Alvarado\u0022 typeof=\u0022foaf:Image\u0022 class=\u0022img-fluid\u0022 \/\u003E\n\n  \u003C\/picture\u003E\n\n\u003C\/div\u003E\n      \n  \n\n      \u003Cdiv  class=\u0022boton-expander\u0022\u003E\n        \n                  \u003Cdiv class=\u0022item-list\u0022\u003E\u003Cul\u003E\u003Cli\u003E\u003Ca href=\u0022\/ds-switch-view-mode\/node\/606\/media_collapsed?selector=view-mode-media_expanded\u0022 class=\u0022use-ajax\u0022\u003E\u2191\u003C\/a\u003E\u003C\/li\u003E\u003C\/ul\u003E\u003C\/div\u003E\n      \n  \n    \u003C\/div\u003E\n\n\n  \u003C\/div\u003E\n\n  \u003Cdiv class=\u0022area-info group-middle\u0022\u003E\n    \n\u003Cdiv  class=\u0022inner\u0022\u003E\n          \n                          \u003Ch2  class=\u0022titulo\u0022 \u003E\n        Nombran Directora en el Instituto de Ciencias Agr\u00edcolas\n\u003C\/h2\u003E\n      \n  \n\n    \n                          \u003Cdiv  class=\u0022resumen\u0022 \u003E\n      La doctora Cristina Ruiz asume el cargo para el periodo 2016-2020.\u003C\/div\u003E\n      \n  \n\n\n\u003Cdiv  class=\u0022datos\u0022\u003E\n            \u003Cdiv  class=\u0022campus\u0022\u003E\n            \u003Cdiv  class=\u0022field-label-inline\u0022\u003ECampus\u003C\/div\u003E\n  \n                  \u003Ca href=\u0022\/campus\/mexicali\u0022 hreflang=\u0022es\u0022\u003EMexicali\u003C\/a\u003E\n      \n  \n    \u003C\/div\u003E\n\n    \n                          \u003Cdiv  class=\u0022fecha\u0022 \u003E\n      24 de Noviembre de 2016\u003C\/div\u003E\n      \n  \n\n\n  \u003C\/div\u003E\n    \n                          \u003Cdiv  class=\u0022texto\u0022 \u003E\n      \u003Cp\u003ELos integrantes de la Junta de Gobierno de laUABC\u00a0designaron como Directora del Instituto de Ciencias Agr\u00edcolas (ICA) del Campus Mexicali, a la doctora Cristina Ruiz Alvarado para el periodo 2016-2020.\u003C\/p\u003E\n\n\u003Cp\u003EEl Presidente de la Junta de Gobierno, doctor Juan \u00c1lvarez L\u00f3pez, a nombre de los dem\u00e1s integrantes de este \u00f3rgano colegiado, agradeci\u00f3 a la comunidad de esta unidad acad\u00e9mica por su participaci\u00f3n, haciendo llegar propuestas que se utilizaron para conocer sus necesidades y realizar este nombramiento con sustento.\u003C\/p\u003E\n\n\u003Cp\u003EIndic\u00f3 que este Instituto ha sido reconocido por d\u00e9cadas por la calidad de su vinculaci\u00f3n y est\u00e1 \u00edntimamente relacionado por la pertinencia de sus programas educativos que la sociedad requiere, por lo que realizaron un an\u00e1lisis profundo de los perfiles de los aspirantes y sus propuestas, optando por nombrar a la doctora Ruiz Alvarado como Directora.\u003C\/p\u003E\n\n\u003Cp\u003EEl doctor Juan Manuel Ocegueda Hern\u00e1ndez, Rector de la UABC, expres\u00f3 que esta designaci\u00f3n de directores es la n\u00famero 28 de 39 que le corresponder\u00e1n durante su gesti\u00f3n, y agreg\u00f3 que cada una ha sido significativa porque en cada proceso pasado se destaca la uni\u00f3n entre las comunidades universitarias y un gran inter\u00e9s por sus unidades acad\u00e9micas y la Universidad.\u003C\/p\u003E\n\n\u003Cp\u003EA la nueva funcionaria, el Rector la exhort\u00f3 a asumir los retos planteados para el ICA, entre los que se encuentran: situar al doctorado en Ciencias Agropecuarias como un programa educativo competitivo internacionalmente que es el m\u00e1ximo nivel que otorga el Conacyt, ya que cumple con todos los indicadores; trabajar para obtener la acreditaci\u00f3n de la carrera de Biotecn\u00f3logo Agropecuario una vez que este cumple con el tiempo para ser evaluado; as\u00ed como implementar acciones para fortalecer la vinculaci\u00f3n con el sector agropecuario. \u201cLas tareas no son pocas, el reto es grande, pero confiamos en que bajo su liderazgo todo esto vaya a llevarse a buen t\u00e9rmino\u201d, manifest\u00f3 el Rector.\u003C\/p\u003E\n\n\u003Cp\u003EAgradeci\u00f3 la participaci\u00f3n de los dem\u00e1s aspirantes al cargo, ya que cada uno enriqueci\u00f3 este proceso de nombramiento y felicit\u00f3 a los integrantes de la Junta de Gobierno por llevar a cabo una sesi\u00f3n transparente que los coloca como un \u00f3rgano de gobierno l\u00edder a nivel nacional. Asimismo, destac\u00f3 la labor que durante dos periodos realiz\u00f3 el doctor Roberto Soto Ortiz, mientras estuvo al frente del ICA.\u003C\/p\u003E\n\n\u003Cp\u003EDurante su discurso, la doctora Cristina Ruiz Alvarado aprovech\u00f3 para solicitar el apoyo y colaboraci\u00f3n de los alumnos, docentes y personal administrativo para continuar engrandeciendo su unidad acad\u00e9mica. \u201cEste es un trabajo de equipo por lo que solicito la participaci\u00f3n de todos. Tengan la confianza de que buscar\u00e9 los espacios en el sector agropecuario para que se capaciten y se relacionen, adem\u00e1s, de cuidar la docencia, investigaci\u00f3n y la vinculaci\u00f3n\u201d.\u003C\/p\u003E\n\n\u003Cp\u003EEl ICA se fund\u00f3 en el ejido Nuevo Le\u00f3n del valle de Mexicali en 1969 para dar respuestas a las necesidades de los productores agr\u00edcolas. Su planta docente est\u00e1 compuesta por m\u00e1s de 40 acad\u00e9micos y cuenta con una matr\u00edcula que sobrepasa los 600 alumnos, los cuales cursan los programas educativos de Ingeniero Agr\u00f3nomo e Ingeniero Agr\u00f3nomo Zootecnista y Biotecn\u00f3logo Agropecuario, as\u00ed como la Maestr\u00eda en Sistemas de Producci\u00f3n Animal y el Doctorado en Ciencias Agropecuarias.\u003C\/p\u003E\n\n\u003Cp\u003EA la ceremonia de toma de protesta tambi\u00e9n asistieron el doctor \u00c1ngel Norzagaray Norzagaray, Vicerrector de la UABC Campus Mexicali; doctora Edna Luna Serrano, Secretaria de la Junta de Gobierno, as\u00ed como alumnos y docentes de esta unidad acad\u00e9mica.\u003C\/p\u003E\u003C\/div\u003E\n      \n  \n\n    \n            \u003Cdiv  class=\u0022palabras-clave\u0022\u003E\n                        \u003Ca href=\u0022\/tags\/nombramiento\u0022 hreflang=\u0022es\u0022\u003ENombramiento\u003C\/a\u003E\n                \u003Ca href=\u0022\/tags\/designacion\u0022 hreflang=\u0022es\u0022\u003EDesignaci\u00f3n\u003C\/a\u003E\n                \u003Ca href=\u0022\/tags\/directora\u0022 hreflang=\u0022es\u0022\u003EDirectora\u003C\/a\u003E\n                \u003Ca href=\u0022\/tags\/instituto-de-ciencias-agricolas\u0022 hreflang=\u0022es\u0022\u003EInstituto de Ciencias Agr\u00edcolas\u003C\/a\u003E\n                \u003Ca href=\u0022\/tags\/cristina-ruiz-alvarado\u0022 hreflang=\u0022es\u0022\u003ECristina Ruiz Alvarado\u003C\/a\u003E\n      \n      \u003C\/div\u003E\n  \n\n\n  \u003C\/div\u003E\n\n  \u003C\/div\u003E\n\n  \u003Cdiv class=\u0022area-extras group-right\u0022\u003E\n        \n                          \u003Cdiv  class=\u0022enlace-blockBottom\u0022 \u003E\n      \u003Cdiv\u003EVer m\u00e1s \u003Ca href=\u0022http:\/\/gaceta.uabc.mx\/notas\u0022\u003ENotas\u003C\/a\u003E\u003C\/div\u003E\n\u003C\/div\u003E\n      \n  \n\n\n  \u003C\/div\u003E\n\n\u003C\/div\u003E\n\n","settings":null}]