[{"command":"settings","settings":{"pluralDelimiter":"\u0003","suppressDeprecationErrors":true,"ajaxPageState":{"libraries":"core\/drupal.ajax,ds\/ds_3col_equal_width","theme":"gaceta","theme_token":null},"ajaxTrustedUrl":[],"field_group":{"html_element":{"mode":"media_expanded","context":"view","settings":{"classes":"datos","show_empty_fields":false,"id":"","element":"div","show_label":false,"label_element":"h3","label_element_classes":"","attributes":"","effect":"none","speed":"fast"}}},"user":{"uid":0,"permissionsHash":"55dc977d165ab1e05e51b6cc6487f6d73e65ab536d99ee82c6990d9001d5c21c"}},"merge":true},{"command":"add_css","data":"\u003Clink rel=\u0022stylesheet\u0022 media=\u0022all\u0022 href=\u0022\/sites\/default\/files\/css\/css_mxJrjoKKAZuuB4_4f-B1u9VnFZxvSor3Az4JEdrFEso.css\u0022 \/\u003E\n\u003Clink rel=\u0022stylesheet\u0022 media=\u0022all\u0022 href=\u0022\/sites\/default\/files\/css\/css_-BXSGQpS8YTwwuXGbPoshUvZ7W-_HbYR3H7d0DA_mEY.css\u0022 \/\u003E\n\u003Clink rel=\u0022stylesheet\u0022 media=\u0022all\u0022 href=\u0022\/sites\/default\/files\/css\/css_89YreTu0npezhXSakRJR9TVHyBS9bTcyt0s3IckAe-M.css\u0022 \/\u003E\n"},{"command":"add_js","selector":"body","data":[{"src":"\/sites\/default\/files\/js\/js_9UaAhXvc9u0KYXXUw-OKyLP2baQxdV4zY3Y_KGurcvY.js"},{"src":"\/sites\/default\/files\/js\/js_oDJxUBLBzfRb_FDgNfkNOm9-tiatS2kNfxQIeVRZA7Y.js"},{"src":"\/sites\/default\/files\/js\/js_1RP4qUEvRifRPl9mYl8nA5jNqky6vVqo6nKEmFCp0ko.js"},{"src":"\/sites\/default\/files\/js\/js_JWYilEE4EQG7Dr-JhBmcQVwxs1c7FMUMbFbUcXjlSYw.js"}]},{"command":"insert","method":"replaceWith","selector":".view-mode-full","data":"\u003Cdiv data-history-node-id=\u0022624\u0022 class=\u0022contenido view-mode-media_expanded ds-3col-equal clearfix\u0022\u003E\n\n  \n\n  \u003Cdiv class=\u0022area-medios group-left\u0022\u003E\n        \n                          \u003Cdiv  class=\u0022imagen-alterna\u0022 \u003E\n        \u003Cimg loading=\u0022lazy\u0022 src=\u0022\/sites\/default\/files\/imagenes\/notas\/2016-11\/Reconocen%20calidad%20de%20Matem%C3%A1ticas%20Aplicadas%20de%20la%20UABC%2001.jpg\u0022 width=\u00221024\u0022 height=\u0022681\u0022 alt=\u0022Acreditaci\u00f3n_Matem\u00e1ticas Aplicadas_Calidad Educativa_Ciees\u0022 typeof=\u0022foaf:Image\u0022 class=\u0022img-fluid\u0022 \/\u003E\n\n\u003C\/div\u003E\n      \n  \n\n      \u003Cdiv  class=\u0022boton-expander\u0022\u003E\n        \n                  \u003Cdiv class=\u0022item-list\u0022\u003E\u003Cul\u003E\u003Cli\u003E\u003Ca href=\u0022\/ds-switch-view-mode\/node\/624\/media_collapsed?selector=view-mode-media_expanded\u0022 class=\u0022use-ajax\u0022\u003E\u2191\u003C\/a\u003E\u003C\/li\u003E\u003C\/ul\u003E\u003C\/div\u003E\n      \n  \n    \u003C\/div\u003E\n\n\n  \u003C\/div\u003E\n\n  \u003Cdiv class=\u0022area-info group-middle\u0022\u003E\n    \n\u003Cdiv  class=\u0022inner\u0022\u003E\n          \n                          \u003Ch2  class=\u0022titulo\u0022 \u003E\n        Reconocen calidad de Matem\u00e1ticas Aplicadas de la UABC\n\u003C\/h2\u003E\n      \n  \n\n    \n                          \u003Cdiv  class=\u0022resumen\u0022 \u003E\n      Los cuatro programas educativos que se imparten en la Facultad de Ciencias est\u00e1n acreditados.\u003C\/div\u003E\n      \n  \n\n\n\u003Cdiv  class=\u0022datos\u0022\u003E\n            \u003Cdiv  class=\u0022campus\u0022\u003E\n            \u003Cdiv  class=\u0022field-label-inline\u0022\u003ECampus\u003C\/div\u003E\n  \n                  \u003Ca href=\u0022\/campus\/ensenada\u0022 hreflang=\u0022es\u0022\u003EEnsenada\u003C\/a\u003E\n      \n  \n    \u003C\/div\u003E\n\n    \n                          \u003Cdiv  class=\u0022fecha\u0022 \u003E\n      29 de Noviembre de 2016\u003C\/div\u003E\n      \n  \n\n\n  \u003C\/div\u003E\n    \n                          \u003Cdiv  class=\u0022texto\u0022 \u003E\n      \u003Cp\u003EEl programa educativo de Matem\u00e1ticas Aplicadas que se imparte en la Facultad de Ciencias de la UABC Campus Ensenada, fue reconocido por su buena calidad por los Comit\u00e9s Interinstitucionales para la Evaluaci\u00f3n de la Educaci\u00f3n Superior (Ciees) para el periodo 2016-2018.\u003C\/p\u003E\n\n\u003Cp\u003EEl Rector de la UABC, doctor Juan Manuel Ocegueda Hern\u00e1ndez, indic\u00f3 que este es un logro colectivo en el que est\u00e1 plasmado el trabajo de los acad\u00e9micos y directivos quienes a base de empe\u00f1o y dedicaci\u00f3n, han alcanzado una meta que permite que los cuatro programas educativos que la Facultad oferta est\u00e9n acreditados.\u00a0\u003C\/p\u003E\n\n\u003Cp\u003EExpres\u00f3 que con este esfuerzo se avanza para que M\u00e9xico deje de ser un pa\u00eds de contrastes, donde existe pobreza extrema y desigualdad en oportunidades de crecimiento para sus habitantes. Asimismo, destac\u00f3 el hecho de que estos j\u00f3venes hayan decidido estudiar una carrera que muy pocos solicitan e incluso evitan en sus materias.\u00a0\u003C\/p\u003E\n\n\u003Cp\u003E\u201cComo pa\u00eds debemos perseverar para superar todas las limitaciones que nos impiden crecer\u201d, expres\u00f3 el Rector, a\u00f1adiendo que es necesario proveer educaci\u00f3n al mayor n\u00famero de mexicanos, pero de buena calidad. \u201cEsta Universidad viene haciendo una gran labor en estos dos sentidos\u201d, puntualiz\u00f3.\u003C\/p\u003E\n\n\u003Cp\u003EPor su parte, el maestro David Ren\u00e9 Thierry Garc\u00eda, Vocal Ejecutivo de los Ciees, manifest\u00f3 que la raz\u00f3n de ser de la Universidad son los estudiantes y debe generar en ellos conocimiento productivo, por lo que es necesario realizar una evaluaci\u00f3n para verificar si cumple con su cometido. \u201cDebe formar profesionales competentes, que puedan obtener empleo en cualquier lugar del mundo y el hecho de que el programa educativo que cursan tenga reconocimiento por su calidad, garantiza a\u00fan m\u00e1s esa situaci\u00f3n\u201d.\u003C\/p\u003E\n\n\u003Cp\u003EA\u00f1adi\u00f3 que la UABC siempre se ha distinguido por su inter\u00e9s de obtener la mayor evaluaci\u00f3n posible en todas sus licenciaturas y posgrados, lo cual resulta muy significativo ya que de 30 mil programas educativos que se imparten en M\u00e9xico, solo 9 mil han sido acreditados. \u201cEs importante que un mexicano sepa la calidad del programa educativo al que se est\u00e1 inscribiendo, sobre todo porque sabemos que cuesta mucho llegar a la educaci\u00f3n superior\u201d.\u003C\/p\u003E\n\n\u003Cp\u003EAsimismo, el doctor Juan Cris\u00f3stomo Tapia Mercado, Director de la Facultad de Ciencias, expuso que otorgar la certeza a sus alumnos de estudiar en un programa de calidad, es un valor para la UABC. Agradeci\u00f3 a los maestros de la Licenciatura en Matem\u00e1ticas Aplicadas porque siempre han demostrado apertura a ser evaluados e indic\u00f3 que aunque se tiene la certeza de calidad, redoblar\u00e1n esfuerzos y seguir\u00e1n trabajando para mantenerla con el fin de beneficiar a los estudiantes.\u00a0\u003C\/p\u003E\n\n\u003Cp\u003ETambi\u00e9n conformaron el pres\u00eddium la doctora Blanca Rosa Garc\u00eda Rivera, Vicerrectora de la UABC Campus Ensenada y la doctora Brenda de la Rosa Navarro, Coordinadora del programa educativo.\u003C\/p\u003E\n\n\u003Cp\u003E\u00a0\u003C\/p\u003E\n\n\u003Cp\u003EFOTO:\u00a0Adalberto Avelar Garc\u00eda Rojas.\u003C\/p\u003E\u003C\/div\u003E\n      \n  \n\n    \n            \u003Cdiv  class=\u0022palabras-clave\u0022\u003E\n                        \u003Ca href=\u0022\/tags\/matematicas-aplicadas\u0022 hreflang=\u0022es\u0022\u003EMatem\u00e1ticas Aplicadas\u003C\/a\u003E\n                \u003Ca href=\u0022\/tags\/calidad-educativa\u0022 hreflang=\u0022es\u0022\u003ECalidad Educativa\u003C\/a\u003E\n                \u003Ca href=\u0022\/tags\/ciees\u0022 hreflang=\u0022es\u0022\u003ECIEES\u003C\/a\u003E\n      \n      \u003C\/div\u003E\n  \n\n\n  \u003C\/div\u003E\n\n  \u003C\/div\u003E\n\n  \u003Cdiv class=\u0022area-extras group-right\u0022\u003E\n        \n                          \u003Cdiv  class=\u0022enlace-blockBottom\u0022 \u003E\n      \u003Cdiv\u003EVer m\u00e1s \u003Ca href=\u0022http:\/\/gaceta.uabc.mx\/notas\u0022\u003ENotas\u003C\/a\u003E\u003C\/div\u003E\n\u003C\/div\u003E\n      \n  \n\n\n  \u003C\/div\u003E\n\n\u003C\/div\u003E\n\n","settings":null}]