[{"command":"settings","settings":{"pluralDelimiter":"\u0003","suppressDeprecationErrors":true,"ajaxPageState":{"libraries":"core\/drupal.ajax,core\/picturefill,ds\/ds_3col_equal_width","theme":"gaceta","theme_token":null},"ajaxTrustedUrl":[],"field_group":{"html_element":{"mode":"media_expanded","context":"view","settings":{"classes":"datos","show_empty_fields":false,"id":"","element":"div","show_label":false,"label_element":"h3","label_element_classes":"","attributes":"","effect":"none","speed":"fast"}}},"user":{"uid":0,"permissionsHash":"55dc977d165ab1e05e51b6cc6487f6d73e65ab536d99ee82c6990d9001d5c21c"}},"merge":true},{"command":"add_css","data":"\u003Clink rel=\u0022stylesheet\u0022 media=\u0022all\u0022 href=\u0022\/sites\/default\/files\/css\/css_mxJrjoKKAZuuB4_4f-B1u9VnFZxvSor3Az4JEdrFEso.css\u0022 \/\u003E\n\u003Clink rel=\u0022stylesheet\u0022 media=\u0022all\u0022 href=\u0022\/sites\/default\/files\/css\/css_-BXSGQpS8YTwwuXGbPoshUvZ7W-_HbYR3H7d0DA_mEY.css\u0022 \/\u003E\n\u003Clink rel=\u0022stylesheet\u0022 media=\u0022all\u0022 href=\u0022\/sites\/default\/files\/css\/css_89YreTu0npezhXSakRJR9TVHyBS9bTcyt0s3IckAe-M.css\u0022 \/\u003E\n"},{"command":"add_js","selector":"body","data":[{"src":"\/sites\/default\/files\/js\/js_9UaAhXvc9u0KYXXUw-OKyLP2baQxdV4zY3Y_KGurcvY.js"},{"src":"\/sites\/default\/files\/js\/js_oDJxUBLBzfRb_FDgNfkNOm9-tiatS2kNfxQIeVRZA7Y.js"},{"src":"\/sites\/default\/files\/js\/js_YM82KRuzNIr2X-Kb8pQW8cOcSbWgQ_QGKclTYJ_aMlI.js"},{"src":"\/sites\/default\/files\/js\/js_pqqsPPmPmxKgamY6qk_WSawtL05XH_yAY8GkPHVyahI.js"}]},{"command":"insert","method":"replaceWith","selector":".view-mode-full","data":"\u003Cdiv data-history-node-id=\u0022691\u0022 class=\u0022contenido view-mode-media_expanded ds-3col-equal clearfix\u0022\u003E\n\n  \n\n  \u003Cdiv class=\u0022area-medios group-left\u0022\u003E\n        \n                          \u003Cdiv  class=\u0022imagen\u0022 \u003E\n          \u003Cpicture\u003E\n                  \u003Csource srcset=\u0022\/sites\/default\/files\/styles\/max_650x650\/public\/2017-01\/PRIMER%20LUGAR%20-%20E16.webp?itok=YL6BEbxL 650w, \/sites\/default\/files\/styles\/max_1300x1300\/public\/2017-01\/PRIMER%20LUGAR%20-%20E16.webp?itok=oncdAfTO 1300w, \/sites\/default\/files\/styles\/max_1900x1900\/public\/2017-01\/PRIMER%20LUGAR%20-%20E16.webp?itok=MIHMMYeW 1900w\u0022 type=\u0022image\/webp\u0022 sizes=\u0022100vw\u0022\/\u003E\n              \u003Csource srcset=\u0022\/sites\/default\/files\/styles\/max_650x650\/public\/2017-01\/PRIMER%20LUGAR%20-%20E16.jpg?itok=YL6BEbxL 650w, \/sites\/default\/files\/styles\/max_1300x1300\/public\/2017-01\/PRIMER%20LUGAR%20-%20E16.jpg?itok=oncdAfTO 1300w, \/sites\/default\/files\/styles\/max_1900x1900\/public\/2017-01\/PRIMER%20LUGAR%20-%20E16.jpg?itok=MIHMMYeW 1900w\u0022 type=\u0022image\/jpeg\u0022 sizes=\u0022100vw\u0022\/\u003E\n                  \u003Cimg srcset=\u0022\/sites\/default\/files\/styles\/max_650x650\/public\/2017-01\/PRIMER%20LUGAR%20-%20E16.jpg?itok=YL6BEbxL 650w, \/sites\/default\/files\/styles\/max_1300x1300\/public\/2017-01\/PRIMER%20LUGAR%20-%20E16.jpg?itok=oncdAfTO 1300w, \/sites\/default\/files\/styles\/max_1900x1900\/public\/2017-01\/PRIMER%20LUGAR%20-%20E16.jpg?itok=MIHMMYeW 1900w\u0022 sizes=\u0022100vw\u0022 src=\u0022\/sites\/default\/files\/styles\/max_1300x1300\/public\/2017-01\/PRIMER%20LUGAR%20-%20E16.jpg?itok=oncdAfTO\u0022 alt=\u0022Primer Concurso_Fotograf\u00eda_Valores_Im\u00e1genes_Educaci\u00f3n Superior_Comunidad\u0022 typeof=\u0022foaf:Image\u0022 class=\u0022img-fluid\u0022 \/\u003E\n\n  \u003C\/picture\u003E\n\n\u003C\/div\u003E\n      \n  \n\n      \u003Cdiv  class=\u0022boton-expander\u0022\u003E\n        \n                  \u003Cdiv class=\u0022item-list\u0022\u003E\u003Cul\u003E\u003Cli\u003E\u003Ca href=\u0022\/ds-switch-view-mode\/node\/691\/media_collapsed?selector=view-mode-media_expanded\u0022 class=\u0022use-ajax\u0022\u003E\u2191\u003C\/a\u003E\u003C\/li\u003E\u003C\/ul\u003E\u003C\/div\u003E\n      \n  \n    \u003C\/div\u003E\n\n\n  \u003C\/div\u003E\n\n  \u003Cdiv class=\u0022area-info group-middle\u0022\u003E\n    \n\u003Cdiv  class=\u0022inner\u0022\u003E\n          \n                          \u003Ch2  class=\u0022titulo\u0022 \u003E\n        Plasman valores en im\u00e1genes\n\u003C\/h2\u003E\n      \n  \n\n    \n                          \u003Cdiv  class=\u0022resumen\u0022 \u003E\n      Dan a conocer a los ganadores del Primer Concurso de Fotograf\u00eda \u201cValores Universitarios\u201d.\u003C\/div\u003E\n      \n  \n\n\n\u003Cdiv  class=\u0022datos\u0022\u003E\n            \u003Cdiv  class=\u0022campus\u0022\u003E\n            \u003Cdiv  class=\u0022field-label-inline\u0022\u003ECampus\u003C\/div\u003E\n  \n                  \u003Ca href=\u0022\/campus\/mexicali\u0022 hreflang=\u0022es\u0022\u003EMexicali\u003C\/a\u003E\n      \n  \n    \u003C\/div\u003E\n\n    \n                          \u003Cdiv  class=\u0022fecha\u0022 \u003E\n      17 de Enero de 2017\u003C\/div\u003E\n      \n  \n\n\n  \u003C\/div\u003E\n    \n                          \u003Cdiv  class=\u0022texto\u0022 \u003E\n      \u003Cp\u003EFueron seleccionados los ganadores del Primer Concurso de Fotograf\u00eda \u201cValores Universitarios\u201d, el cual fue convocado por la Coordinaci\u00f3n de Formaci\u00f3n B\u00e1sica y dirigido a estudiantes, acad\u00e9micos y personal administrativo y de servicios, con el prop\u00f3sito de generar un espacio de expresi\u00f3n y participaci\u00f3n que represente los valores universitarios plasmados en el C\u00f3digo de \u00c9tica de la UABC.\u003C\/p\u003E\n\n\u003Cp\u003ESe dividi\u00f3 en dos categor\u00edas, la primera fue denominada \u201cLos valores en la educaci\u00f3n superior\u201d y los ganadores de los tres primeros lugares fueron: Diana Lizeth Ruan Gonz\u00e1lez con \u201cResponsabilidad\u201d; Jorge Eliseo Mu\u00f1iz Guti\u00e9rrez con \u201cAprender a construir con la naturaleza\u201d, y Nancy Lizeth Viramontes Sandoval con \u201cRespeto\u201d. Adem\u00e1s, recibieron Menci\u00f3n Honor\u00edfica Sacb\u00e9 Leticia Cardona P\u00e1ez e Israel Carpio Cambranis.\u003C\/p\u003E\n\n\u003Cp\u003EDe la segunda categor\u00eda denominada \u201cLos valores en la comunidad universitaria\u201d, fueron seleccionados en los tres primeros lugares: Raymundo Arregu\u00edn Orozco con \u201cSe\u00e9se\u201d; Mart\u00edn Alexis Gonz\u00e1lez Corral con \u201cNo me empujen, quiero leer\u201d, y Rosa Herlinda Beltr\u00e1n Piedr\u00edn con \u201cFacultad de Medicina en la Comunidad\u201d. Las menciones honor\u00edficas fueron para Diana Victoria Aguayo Astorga y Tal\u00eda G\u00f3ngora Sierra.\u003C\/p\u003E\n\n\u003Cp\u003ELos criterios de evaluaci\u00f3n del jurado se basaron en la creatividad y calidad fotogr\u00e1fica. Todos los ganadores obtendr\u00e1n un diploma y las diez fotograf\u00edas ser\u00e1n incluidas en la agenda universitaria del ciclo escolar 2017-2018.\u003C\/p\u003E\n\n\u003Cp\u003EC\u00f3digo de \u00c9tica se deriva del Programa Institucional de Valores de la UABC el cual fue implementado en el 2014 buscando atender una de las necesidades m\u00e1s sentidas de los tiempos modernos relacionada con la crisis de valores. Por lo tanto, plantea que en los \u00e1mbitos acad\u00e9micos, administrativo y de servicios se generen estrategias reflexivas autocr\u00edticas que impacten en una transformaci\u00f3n positiva del entorno.\u003C\/p\u003E\u003C\/div\u003E\n      \n  \n\n    \n            \u003Cdiv  class=\u0022palabras-clave\u0022\u003E\n                        \u003Ca href=\u0022\/tags\/primer-concurso\u0022 hreflang=\u0022es\u0022\u003EPrimer Concurso\u003C\/a\u003E\n                \u003Ca href=\u0022\/tags\/fotografia\u0022 hreflang=\u0022es\u0022\u003EFotograf\u00eda\u003C\/a\u003E\n                \u003Ca href=\u0022\/tags\/valores\u0022 hreflang=\u0022es\u0022\u003EValores\u003C\/a\u003E\n                \u003Ca href=\u0022\/tags\/imagenes\u0022 hreflang=\u0022es\u0022\u003EIm\u00e1genes\u003C\/a\u003E\n                \u003Ca href=\u0022\/tags\/educacion-superior\u0022 hreflang=\u0022es\u0022\u003EEducaci\u00f3n Superior\u003C\/a\u003E\n                \u003Ca href=\u0022\/tags\/comunidad\u0022 hreflang=\u0022es\u0022\u003EComunidad\u003C\/a\u003E\n      \n      \u003C\/div\u003E\n  \n\n\n  \u003C\/div\u003E\n\n  \u003C\/div\u003E\n\n  \u003Cdiv class=\u0022area-extras group-right\u0022\u003E\n        \n                          \u003Cdiv  class=\u0022enlace-blockBottom\u0022 \u003E\n      \u003Cdiv\u003EVer m\u00e1s \u003Ca href=\u0022http:\/\/gaceta.uabc.mx\/notas\u0022\u003ENotas\u003C\/a\u003E\u003C\/div\u003E\n\u003C\/div\u003E\n      \n  \n\n\n  \u003C\/div\u003E\n\n\u003C\/div\u003E\n\n","settings":null}]