[{"command":"settings","settings":{"pluralDelimiter":"\u0003","suppressDeprecationErrors":true,"ajaxPageState":{"libraries":"core\/drupal.ajax,core\/picturefill,ds\/ds_3col_equal_width","theme":"gaceta","theme_token":null},"ajaxTrustedUrl":[],"field_group":{"html_element":{"mode":"media_expanded","context":"view","settings":{"classes":"datos","show_empty_fields":false,"id":"","element":"div","show_label":false,"label_element":"h3","label_element_classes":"","attributes":"","effect":"none","speed":"fast"}}},"user":{"uid":0,"permissionsHash":"55dc977d165ab1e05e51b6cc6487f6d73e65ab536d99ee82c6990d9001d5c21c"}},"merge":true},{"command":"add_css","data":"\u003Clink rel=\u0022stylesheet\u0022 media=\u0022all\u0022 href=\u0022\/sites\/default\/files\/css\/css_mxJrjoKKAZuuB4_4f-B1u9VnFZxvSor3Az4JEdrFEso.css\u0022 \/\u003E\n\u003Clink rel=\u0022stylesheet\u0022 media=\u0022all\u0022 href=\u0022\/sites\/default\/files\/css\/css_-BXSGQpS8YTwwuXGbPoshUvZ7W-_HbYR3H7d0DA_mEY.css\u0022 \/\u003E\n\u003Clink rel=\u0022stylesheet\u0022 media=\u0022all\u0022 href=\u0022\/sites\/default\/files\/css\/css_89YreTu0npezhXSakRJR9TVHyBS9bTcyt0s3IckAe-M.css\u0022 \/\u003E\n"},{"command":"add_js","selector":"body","data":[{"src":"\/sites\/default\/files\/js\/js_9UaAhXvc9u0KYXXUw-OKyLP2baQxdV4zY3Y_KGurcvY.js"},{"src":"\/sites\/default\/files\/js\/js_oDJxUBLBzfRb_FDgNfkNOm9-tiatS2kNfxQIeVRZA7Y.js"},{"src":"\/sites\/default\/files\/js\/js_YM82KRuzNIr2X-Kb8pQW8cOcSbWgQ_QGKclTYJ_aMlI.js"},{"src":"\/sites\/default\/files\/js\/js_pqqsPPmPmxKgamY6qk_WSawtL05XH_yAY8GkPHVyahI.js"}]},{"command":"insert","method":"replaceWith","selector":".view-mode-full","data":"\u003Cdiv data-history-node-id=\u0022735\u0022 class=\u0022contenido view-mode-media_expanded ds-3col-equal clearfix\u0022\u003E\n\n  \n\n  \u003Cdiv class=\u0022area-medios group-left\u0022\u003E\n        \n                          \u003Cdiv  class=\u0022imagen\u0022 \u003E\n          \u003Cpicture\u003E\n                  \u003Csource srcset=\u0022\/sites\/default\/files\/styles\/max_650x650\/public\/2017-02\/Reacreditan%20calidad%20del%20programa%20educativo%20de%20M%C3%A9dico%2001.webp?itok=nPEoIq5D 650w, \/sites\/default\/files\/styles\/max_1300x1300\/public\/2017-02\/Reacreditan%20calidad%20del%20programa%20educativo%20de%20M%C3%A9dico%2001.webp?itok=wThY6pvA 1300w, \/sites\/default\/files\/styles\/max_1900x1900\/public\/2017-02\/Reacreditan%20calidad%20del%20programa%20educativo%20de%20M%C3%A9dico%2001.webp?itok=D8ediIV9 1600w\u0022 type=\u0022image\/webp\u0022 sizes=\u0022100vw\u0022\/\u003E\n              \u003Csource srcset=\u0022\/sites\/default\/files\/styles\/max_650x650\/public\/2017-02\/Reacreditan%20calidad%20del%20programa%20educativo%20de%20M%C3%A9dico%2001.jpg?itok=nPEoIq5D 650w, \/sites\/default\/files\/styles\/max_1300x1300\/public\/2017-02\/Reacreditan%20calidad%20del%20programa%20educativo%20de%20M%C3%A9dico%2001.jpg?itok=wThY6pvA 1300w, \/sites\/default\/files\/styles\/max_1900x1900\/public\/2017-02\/Reacreditan%20calidad%20del%20programa%20educativo%20de%20M%C3%A9dico%2001.jpg?itok=D8ediIV9 1600w\u0022 type=\u0022image\/jpeg\u0022 sizes=\u0022100vw\u0022\/\u003E\n                  \u003Cimg srcset=\u0022\/sites\/default\/files\/styles\/max_650x650\/public\/2017-02\/Reacreditan%20calidad%20del%20programa%20educativo%20de%20M%C3%A9dico%2001.jpg?itok=nPEoIq5D 650w, \/sites\/default\/files\/styles\/max_1300x1300\/public\/2017-02\/Reacreditan%20calidad%20del%20programa%20educativo%20de%20M%C3%A9dico%2001.jpg?itok=wThY6pvA 1300w, \/sites\/default\/files\/styles\/max_1900x1900\/public\/2017-02\/Reacreditan%20calidad%20del%20programa%20educativo%20de%20M%C3%A9dico%2001.jpg?itok=D8ediIV9 1600w\u0022 sizes=\u0022100vw\u0022 src=\u0022\/sites\/default\/files\/styles\/max_1300x1300\/public\/2017-02\/Reacreditan%20calidad%20del%20programa%20educativo%20de%20M%C3%A9dico%2001.jpg?itok=wThY6pvA\u0022 alt=\u0022Reacreditaci\u00f3n_M\u00e9dico_Facultad de Medicina_Comaem\u0022 typeof=\u0022foaf:Image\u0022 class=\u0022img-fluid\u0022 \/\u003E\n\n  \u003C\/picture\u003E\n\n\u003C\/div\u003E\n      \n  \n\n      \u003Cdiv  class=\u0022boton-expander\u0022\u003E\n        \n                  \u003Cdiv class=\u0022item-list\u0022\u003E\u003Cul\u003E\u003Cli\u003E\u003Ca href=\u0022\/ds-switch-view-mode\/node\/735\/media_collapsed?selector=view-mode-media_expanded\u0022 class=\u0022use-ajax\u0022\u003E\u2191\u003C\/a\u003E\u003C\/li\u003E\u003C\/ul\u003E\u003C\/div\u003E\n      \n  \n    \u003C\/div\u003E\n\n\n  \u003C\/div\u003E\n\n  \u003Cdiv class=\u0022area-info group-middle\u0022\u003E\n    \n\u003Cdiv  class=\u0022inner\u0022\u003E\n          \n                          \u003Ch2  class=\u0022titulo\u0022 \u003E\n        Reacreditan calidad del programa educativo de M\u00e9dico\n\u003C\/h2\u003E\n      \n  \n\n    \n                          \u003Cdiv  class=\u0022resumen\u0022 \u003E\n      Por tercera ocasi\u00f3n consecutiva la Facultad de Medicina del Campus Mexicali refrenda su nivel de excelencia.\u003C\/div\u003E\n      \n  \n\n\n\u003Cdiv  class=\u0022datos\u0022\u003E\n            \u003Cdiv  class=\u0022autor\u0022\u003E\n            \u003Cdiv  class=\u0022field-label-inline\u0022\u003EPor\u003C\/div\u003E\n  \n                  \u003Ca href=\u0022\/autores\/norma-angelica-gomez-bravo\u0022 hreflang=\u0022es\u0022\u003ENorma Ang\u00e9lica G\u00f3mez Bravo\u003C\/a\u003E\n      \n  \n    \u003C\/div\u003E\n\n      \u003Cdiv  class=\u0022campus\u0022\u003E\n            \u003Cdiv  class=\u0022field-label-inline\u0022\u003ECampus\u003C\/div\u003E\n  \n                  \u003Ca href=\u0022\/campus\/mexicali\u0022 hreflang=\u0022es\u0022\u003EMexicali\u003C\/a\u003E\n      \n  \n    \u003C\/div\u003E\n\n    \n                          \u003Cdiv  class=\u0022fecha\u0022 \u003E\n      1 de Febrero de 2017\u003C\/div\u003E\n      \n  \n\n\n  \u003C\/div\u003E\n    \n                          \u003Cdiv  class=\u0022texto\u0022 \u003E\n      \u003Cp\u003EPor tercera ocasi\u00f3n consecutiva el programa educativo de M\u00e9dico que se imparte en la Facultad de Medicina de la Universidad Aut\u00f3noma de Baja California (UABC), Campus Mexicali, recibi\u00f3 la acreditaci\u00f3n otorgada por el Consejo Mexicano para la Acreditaci\u00f3n de la Escuela M\u00e9dica A.C. (Comaem).\u003C\/p\u003E\n\n\u003Cp\u003EEste organismo acreditador est\u00e1 integrado por instituciones p\u00fablicas y particulares cuyo objetivo est\u00e1 vinculado con el prop\u00f3sito de elevar la calidad de la educaci\u00f3n m\u00e9dica y es el \u00fanico organismo reconocido por el Consejo para la Acreditaci\u00f3n de la Educaci\u00f3n Superior (Copaes), para acreditar los programas de Medicina en M\u00e9xico.\u003C\/p\u003E\n\n\u003Cp\u003EEn el evento, el Rector de la UABC, doctor Juan Manuel Ocegueda Hern\u00e1ndez, felicit\u00f3 a la comunidad universitaria de esta Unidad Acad\u00e9mica por su trabajo arduo y colectivo que se refleja en este logro. Destac\u00f3 que dentro de la responsabilidad social de esta Casa de Estudios se encuentran dos factores importantes, abrir mayores espacios educativos para los j\u00f3venes y que estos sean de buena calidad, por lo que es necesario someterse a evaluaciones como las acreditaciones otorgadas por organismos especializados que cuentan con criterios definidos.\u003C\/p\u003E\n\n\u003Cp\u003ETambi\u00e9n mencion\u00f3 que en el ranking del Examen Nacional para Aspirantes a Residencias M\u00e9dicas (Enarm), a trav\u00e9s de un promedio que se hace de los resultados el periodo 2011-2016, la Facultad de Medicina Mexicali est\u00e1 posicionada en el d\u00e9cimo lugar, entre 114 unidades acad\u00e9micas que participaron. Adem\u00e1s, los programas educativos de Medicina de los Campus Tijuana y Ensenada, obtuvieron los lugares 13 y 21, respectivamente.\u003C\/p\u003E\n\n\u003Cp\u003EAsimismo, indic\u00f3 que por quinta ocasi\u00f3n consecutiva los egresados de la Facultad de Medicina salieron evaluados en el m\u00e1s alto nivel en el Examen General para el Egreso de Licenciatura que aplica el Centro Nacional de Evaluaci\u00f3n para la Educaci\u00f3n Superior (Ceneval), y agreg\u00f3 que los mismos resultados se obtuvieron en todas las \u00e1reas m\u00e9dicas de la UABC.\u003C\/p\u003E\n\n\u003Cp\u003E\u201cNo es casual que sea la carrera que tiene m\u00e1s demanda de ingreso en nuestra Universidad y no es casual que nuestros j\u00f3venes que aspiran a estudiar Medicina lo quieran hacer en esta gran instituci\u00f3n que es la Universidad Aut\u00f3noma de Baja California\u201d, manifest\u00f3 el Rector.\u003C\/p\u003E\n\n\u003Cp\u003ELa doctora Zeta Melba Triana Contreras, Presidenta de Comaem indic\u00f3 que esta acreditaci\u00f3n es muy importante porque esto significa que la Facultad de Medicina Mexicali permanece en un grupo selecto de programas de Medicina acreditados, ya que de los 142 que est\u00e1n registrados en el pa\u00eds, solo 67 est\u00e1n acreditados.\u003C\/p\u003E\n\n\u003Cp\u003E\u201cLa acreditaci\u00f3n significa que el programa de M\u00e9dico de esta Universidad tiene objetivos apropiados para la educaci\u00f3n m\u00e9dica, que cuenta con los recursos suficientes para lograr y mantener dichos objetivos, que comprueba que sus prop\u00f3sitos son congruentes con su misi\u00f3n y demuestra que esta Instituci\u00f3n hace lo que dice hacer\u201d, expres\u00f3.\u003C\/p\u003E\n\n\u003Cp\u003EPor su parte la Directora de la Facultad de Medicina, doctora Julia Dolores Estrada Guzm\u00e1n, dijo que con esta acreditaci\u00f3n se refrenda el compromiso diario de la comunidad de esta Unidad Acad\u00e9mica por cumplir con la funci\u00f3n para la que fue creada en 1971, de la cual han egresado 69 generaciones de m\u00e9dicos, 19 generaciones de especialistas en diversas \u00e1reas de la Medicina, y m\u00e1s de diez generaciones del programa de Maestr\u00eda en Ciencias de la Salud.\u003C\/p\u003E\n\n\u003Cp\u003ETambi\u00e9n conformaron el pres\u00eddum el doctor \u00c1ngel Norzagaray Norzagaray, Vicerrector de la UABC Campus Mexicali; doctora Armandina Serna Rodr\u00edguez, Coordinadora de Formaci\u00f3n B\u00e1sica; doctor Miguel \u00c1ngel Mart\u00ednez Romero, Coordinador de Formaci\u00f3n Profesional y Vinculaci\u00f3n Universitaria; doctor Roberto Prince V\u00e9lez, Subdirector de la Facultad de Medicina; doctora Gloria Patricia Bonilla Monroy, Presidenta de la Sociedad de Maestros, y al alumno, William Luciano P\u00e9rez Vidal, Presidente de la Sociedad de Alumnos de la Unidad Acad\u00e9mica.\u003C\/p\u003E\n\n\u003Cp\u003E\u00a0\u003C\/p\u003E\n\n\u003Cp\u003EFOTO: Armando Ru\u00edz.\u003C\/p\u003E\u003C\/div\u003E\n      \n  \n\n    \n            \u003Cdiv  class=\u0022palabras-clave\u0022\u003E\n                        \u003Ca href=\u0022\/tags\/reacreditacion\u0022 hreflang=\u0022es\u0022\u003EReacreditaci\u00f3n\u003C\/a\u003E\n                \u003Ca href=\u0022\/tags\/medico\u0022 hreflang=\u0022es\u0022\u003EM\u00e9dico\u003C\/a\u003E\n                \u003Ca href=\u0022\/tags\/facultad-de-medicina\u0022 hreflang=\u0022es\u0022\u003EFacultad de Medicina\u003C\/a\u003E\n                \u003Ca href=\u0022\/tags\/comaem\u0022 hreflang=\u0022es\u0022\u003EComaem\u003C\/a\u003E\n                \u003Ca href=\u0022\/tags\/calidad-educativa\u0022 hreflang=\u0022es\u0022\u003ECalidad Educativa\u003C\/a\u003E\n      \n      \u003C\/div\u003E\n  \n\n\n  \u003C\/div\u003E\n\n  \u003C\/div\u003E\n\n  \u003Cdiv class=\u0022area-extras group-right\u0022\u003E\n        \n                          \u003Cdiv  class=\u0022enlace-blockBottom\u0022 \u003E\n      \u003Cdiv\u003EVer m\u00e1s \u003Ca href=\u0022http:\/\/gaceta.uabc.mx\/notas\u0022\u003ENotas\u003C\/a\u003E\u003C\/div\u003E\n\u003C\/div\u003E\n      \n  \n\n\n  \u003C\/div\u003E\n\n\u003C\/div\u003E\n\n","settings":null}]