[{"command":"settings","settings":{"pluralDelimiter":"\u0003","suppressDeprecationErrors":true,"ajaxPageState":{"libraries":"core\/drupal.ajax,core\/picturefill,ds\/ds_3col_equal_width","theme":"gaceta","theme_token":null},"ajaxTrustedUrl":[],"field_group":{"html_element":{"mode":"media_expanded","context":"view","settings":{"classes":"datos","show_empty_fields":false,"id":"","element":"div","show_label":false,"label_element":"h3","label_element_classes":"","attributes":"","effect":"none","speed":"fast"}}},"user":{"uid":0,"permissionsHash":"55dc977d165ab1e05e51b6cc6487f6d73e65ab536d99ee82c6990d9001d5c21c"}},"merge":true},{"command":"add_css","data":"\u003Clink rel=\u0022stylesheet\u0022 media=\u0022all\u0022 href=\u0022\/sites\/default\/files\/css\/css_mxJrjoKKAZuuB4_4f-B1u9VnFZxvSor3Az4JEdrFEso.css\u0022 \/\u003E\n\u003Clink rel=\u0022stylesheet\u0022 media=\u0022all\u0022 href=\u0022\/sites\/default\/files\/css\/css_-BXSGQpS8YTwwuXGbPoshUvZ7W-_HbYR3H7d0DA_mEY.css\u0022 \/\u003E\n\u003Clink rel=\u0022stylesheet\u0022 media=\u0022all\u0022 href=\u0022\/sites\/default\/files\/css\/css_89YreTu0npezhXSakRJR9TVHyBS9bTcyt0s3IckAe-M.css\u0022 \/\u003E\n"},{"command":"add_js","selector":"body","data":[{"src":"\/sites\/default\/files\/js\/js_9UaAhXvc9u0KYXXUw-OKyLP2baQxdV4zY3Y_KGurcvY.js"},{"src":"\/sites\/default\/files\/js\/js_oDJxUBLBzfRb_FDgNfkNOm9-tiatS2kNfxQIeVRZA7Y.js"},{"src":"\/sites\/default\/files\/js\/js_YM82KRuzNIr2X-Kb8pQW8cOcSbWgQ_QGKclTYJ_aMlI.js"},{"src":"\/sites\/default\/files\/js\/js_pqqsPPmPmxKgamY6qk_WSawtL05XH_yAY8GkPHVyahI.js"}]},{"command":"insert","method":"replaceWith","selector":".view-mode-full","data":"\u003Cdiv data-history-node-id=\u0022923\u0022 class=\u0022contenido view-mode-media_expanded ds-3col-equal clearfix\u0022\u003E\n\n  \n\n  \u003Cdiv class=\u0022area-medios group-left\u0022\u003E\n        \n                          \u003Cdiv  class=\u0022imagen\u0022 \u003E\n          \u003Cpicture\u003E\n                  \u003Csource srcset=\u0022\/sites\/default\/files\/styles\/max_650x650\/public\/2017-03\/DSC_0027%20%282%29.webp?itok=EVUcaMmY 650w, \/sites\/default\/files\/styles\/max_1300x1300\/public\/2017-03\/DSC_0027%20%282%29.webp?itok=yQGUx23Z 1300w, \/sites\/default\/files\/styles\/max_1900x1900\/public\/2017-03\/DSC_0027%20%282%29.webp?itok=1z0FQvwr 1600w\u0022 type=\u0022image\/webp\u0022 sizes=\u0022100vw\u0022\/\u003E\n              \u003Csource srcset=\u0022\/sites\/default\/files\/styles\/max_650x650\/public\/2017-03\/DSC_0027%20%282%29.jpg?itok=EVUcaMmY 650w, \/sites\/default\/files\/styles\/max_1300x1300\/public\/2017-03\/DSC_0027%20%282%29.jpg?itok=yQGUx23Z 1300w, \/sites\/default\/files\/styles\/max_1900x1900\/public\/2017-03\/DSC_0027%20%282%29.jpg?itok=1z0FQvwr 1600w\u0022 type=\u0022image\/jpeg\u0022 sizes=\u0022100vw\u0022\/\u003E\n                  \u003Cimg srcset=\u0022\/sites\/default\/files\/styles\/max_650x650\/public\/2017-03\/DSC_0027%20%282%29.jpg?itok=EVUcaMmY 650w, \/sites\/default\/files\/styles\/max_1300x1300\/public\/2017-03\/DSC_0027%20%282%29.jpg?itok=yQGUx23Z 1300w, \/sites\/default\/files\/styles\/max_1900x1900\/public\/2017-03\/DSC_0027%20%282%29.jpg?itok=1z0FQvwr 1600w\u0022 sizes=\u0022100vw\u0022 src=\u0022\/sites\/default\/files\/styles\/max_1300x1300\/public\/2017-03\/DSC_0027%20%282%29.jpg?itok=yQGUx23Z\u0022 alt=\u0022\u201cCeremonia de Reconocimiento a la Antig\u00fcedad para el personal administrativo y de servicio\u201d\u0022 typeof=\u0022foaf:Image\u0022 class=\u0022img-fluid\u0022 \/\u003E\n\n  \u003C\/picture\u003E\n\n\u003C\/div\u003E\n      \n  \n\n      \u003Cdiv  class=\u0022boton-expander\u0022\u003E\n        \n                  \u003Cdiv class=\u0022item-list\u0022\u003E\u003Cul\u003E\u003Cli\u003E\u003Ca href=\u0022\/ds-switch-view-mode\/node\/923\/media_collapsed?selector=view-mode-media_expanded\u0022 class=\u0022use-ajax\u0022\u003E\u2191\u003C\/a\u003E\u003C\/li\u003E\u003C\/ul\u003E\u003C\/div\u003E\n      \n  \n    \u003C\/div\u003E\n\n\n  \u003C\/div\u003E\n\n  \u003Cdiv class=\u0022area-info group-middle\u0022\u003E\n    \n\u003Cdiv  class=\u0022inner\u0022\u003E\n          \n                          \u003Ch2  class=\u0022titulo\u0022 \u003E\n        Reconoce UABC a personal administrativo y de servicios\n\u003C\/h2\u003E\n      \n  \n\n    \n                          \u003Cdiv  class=\u0022resumen\u0022 \u003E\n      \u2022\tEn total fueron 110 empleados que cumplieron 20, 25, 30, 35 y 40 a\u00f1os laborando en la Instituci\u00f3n. \u003C\/div\u003E\n      \n  \n\n\n\u003Cdiv  class=\u0022datos\u0022\u003E\n            \u003Cdiv  class=\u0022autor\u0022\u003E\n            \u003Cdiv  class=\u0022field-label-inline\u0022\u003EPor\u003C\/div\u003E\n  \n                  \u003Ca href=\u0022\/autores\/angelica-gomez-y-luciana-herrera\u0022 hreflang=\u0022es\u0022\u003EAng\u00e9lica G\u00f3mez y Luciana Herrera\u003C\/a\u003E\n      \n  \n    \u003C\/div\u003E\n\n      \u003Cdiv  class=\u0022campus\u0022\u003E\n            \u003Cdiv  class=\u0022field-label-inline\u0022\u003ECampus\u003C\/div\u003E\n  \n                  \u003Ca href=\u0022\/campus\/mexicali\u0022 hreflang=\u0022es\u0022\u003EMexicali\u003C\/a\u003E\n      \n  \n    \u003C\/div\u003E\n\n    \n                          \u003Cdiv  class=\u0022fecha\u0022 \u003E\n      23 de Marzo de 2017\u003C\/div\u003E\n      \n  \n\n\n  \u003C\/div\u003E\n    \n                          \u003Cdiv  class=\u0022texto\u0022 \u003E\n      \u003Cp\u003E\u003Cstrong\u003EMexicali, B.C., jueves 23 de marzo de 2017.- \u003C\/strong\u003ESe realiz\u00f3 la \u201cCeremonia de Reconocimiento a la Antig\u00fcedad para el personal administrativo y de servicio\u201d que cumpli\u00f3 20, 25, 30, 35 y 40 a\u00f1os contribuyendo al desarrollo y fortalecimiento de las funciones sustantivas de la Universidad Aut\u00f3noma de Baja California (UABC).\u003C\/p\u003E\n\n\u003Cp\u003E\u00a0\u003C\/p\u003E\n\n\u003Cp\u003EEn total fueron 110 empleados los que recibieron dicho reconocimiento por parte del Rector, doctor Juan Manuel Ocegueda Hern\u00e1ndez, quien coment\u00f3 que este evento que se realiza cada a\u00f1o permite agradecer a los compa\u00f1eros que con su entrega y compromiso al servicio de la Instituci\u00f3n, han contribuido a la edificaci\u00f3n de este gran proyecto social que es UABC.\u003C\/p\u003E\n\n\u003Cp\u003E\u00a0\u003C\/p\u003E\n\n\u003Cp\u003E\u201cReconocemos que el principal activo de la Instituci\u00f3n es su gente y que los logros alcanzados a lo largo de 60 a\u00f1os no se pueden explicar sin el trabajo responsable que realiza cada miembro de esta comunidad; hoy expresamos nuestra gratitud a mujeres y hombres que han dejado huella a su paso por la universidad; refrendamos nuestro compromiso con la cultura del reconocimiento, porque estamos convencidos que con ello fortalecemos la cohesi\u00f3n interna, la convivencia arm\u00f3nica y el clima organizacional de la instituci\u00f3n\u201d manifest\u00f3.\u003C\/p\u003E\n\n\u003Cp\u003E\u00a0\u003C\/p\u003E\n\n\u003Cp\u003EDestac\u00f3 que gracias al esfuerzo de los trabajadores Cimarrones, la UABC ha logrado ampliar las oportunidades educativas; es pilar del desarrollo regional; concentra el 52 por ciento de la oferta de posgrados de calidad de Baja California; ha formado a m\u00e1s de 150 mil egresados, y ha fortalecido la difusi\u00f3n de la ciencia y la extensi\u00f3n de la cultura. Todas estas son actividades que la posicionan como la instituci\u00f3n de educaci\u00f3n superior m\u00e1s importante de la regi\u00f3n, no solo por su tama\u00f1o, sino por la calidad e impacto social de sus actividades.\u003C\/p\u003E\n\n\u003Cp\u003E\u00a0\u003C\/p\u003E\n\n\u003Cp\u003E\u201cAgradezco a los homenajeados los a\u00f1os entregados a la UABC y su importante contribuci\u00f3n al desarrollo de esta Casa de Estudios. Los exhorto a redoblar esfuerzos en sus tareas cotidianas; a fortalecer su compromiso con la instituci\u00f3n; a atender con responsabilidad y profesionalismo a nuestros estudiantes; a promover los valores cimarrones; a continuar construyendo la historia de \u00e9xito de la universidad aut\u00f3noma de baja california.\u003C\/p\u003E\n\n\u003Cp\u003E\u00a0\u003C\/p\u003E\n\n\u003Cp\u003EComo representante del personal administrativo y de servicios fungi\u00f3 la se\u00f1ora Julieta Miranda Dom\u00ednguez, quien cumpli\u00f3 40 a\u00f1os en labores administrativas en el \u00e1rea de Rector\u00eda. En su discurso relat\u00f3 la forma de ser de cada uno de los rectores con los que le ha tocado laboral al fungir como secretaria del Rector y c\u00f3mo ha sido testigo del crecimiento de la UABC.\u003C\/p\u003E\n\n\u003Cp\u003E\u00a0\u003C\/p\u003E\n\n\u003Cp\u003E\u201cHa crecido con dignidad y excelencia, educando con valores y brindado cobijo a tantas generaciones de j\u00f3venes y a nosotros los empleados, como otra familia aparte de la nuestra. De mi parte, mi respeto y agradecimiento a todos los que me ha dado su apoyo y confianza para que laborara con ellos, y a mi Alma M\u00e1ter que me acogi\u00f3 desde 1977\u201d.\u003C\/p\u003E\n\n\u003Cp\u003EEn la ceremonia se cont\u00f3 con la presencia del doctor Juan \u00c1lvarez L\u00f3pez, Presidente de la Junta de Gobierno; se\u00f1or Fernando Dur\u00e1n Mart\u00ednez, Vocal del Patronato Universitario; doctor Alfonso Vega L\u00f3pez, Secretario General de la UABC; doctora Blanca Rosa Garc\u00eda Rivera, Vicerrectora Campus Ensenada; doctor \u00c1ngel Norzagaray Norzagaray, Vicerrector Campus Mexicali; doctora Mar\u00eda Eugenia P\u00e9rez Morales, Vicerrectora Campus Tijuana; licenciado Nazario Rangel Cata\u00f1o, Secretaria General del Sindicato de Trabajadores Universitarios, as\u00ed como coordinadores de \u00e1reas, directivos y personal administrativo.\u003C\/p\u003E\u003C\/div\u003E\n      \n  \n\n\n  \u003C\/div\u003E\n\n  \u003C\/div\u003E\n\n  \u003Cdiv class=\u0022area-extras group-right\u0022\u003E\n        \n                          \u003Cdiv  class=\u0022enlace-blockBottom\u0022 \u003E\n      \u003Cdiv\u003EVer m\u00e1s \u003Ca href=\u0022http:\/\/gaceta.uabc.mx\/notas\u0022\u003ENotas\u003C\/a\u003E\u003C\/div\u003E\n\u003C\/div\u003E\n      \n  \n\n\n  \u003C\/div\u003E\n\n\u003C\/div\u003E\n\n","settings":null}]