[{"command":"settings","settings":{"pluralDelimiter":"\u0003","suppressDeprecationErrors":true,"ajaxPageState":{"libraries":"core\/drupal.ajax,core\/picturefill,ds\/ds_3col_equal_width","theme":"gaceta","theme_token":null},"ajaxTrustedUrl":[],"field_group":{"html_element":{"mode":"media_expanded","context":"view","settings":{"classes":"datos","show_empty_fields":false,"id":"","element":"div","show_label":false,"label_element":"h3","label_element_classes":"","attributes":"","effect":"none","speed":"fast"}}},"user":{"uid":0,"permissionsHash":"55dc977d165ab1e05e51b6cc6487f6d73e65ab536d99ee82c6990d9001d5c21c"}},"merge":true},{"command":"add_css","data":"\u003Clink rel=\u0022stylesheet\u0022 media=\u0022all\u0022 href=\u0022\/~gacetaua\/sites\/default\/files\/css\/css_mxJrjoKKAZuuB4_4f-B1u9VnFZxvSor3Az4JEdrFEso.css\u0022 \/\u003E\n\u003Clink rel=\u0022stylesheet\u0022 media=\u0022all\u0022 href=\u0022\/~gacetaua\/sites\/default\/files\/css\/css_-BXSGQpS8YTwwuXGbPoshUvZ7W-_HbYR3H7d0DA_mEY.css\u0022 \/\u003E\n\u003Clink rel=\u0022stylesheet\u0022 media=\u0022all\u0022 href=\u0022\/~gacetaua\/sites\/default\/files\/css\/css_89YreTu0npezhXSakRJR9TVHyBS9bTcyt0s3IckAe-M.css\u0022 \/\u003E\n"},{"command":"add_js","selector":"body","data":[{"src":"\/~gacetaua\/sites\/default\/files\/js\/js_9UaAhXvc9u0KYXXUw-OKyLP2baQxdV4zY3Y_KGurcvY.js"},{"src":"\/~gacetaua\/sites\/default\/files\/js\/js_oDJxUBLBzfRb_FDgNfkNOm9-tiatS2kNfxQIeVRZA7Y.js"},{"src":"\/~gacetaua\/sites\/default\/files\/js\/js_YM82KRuzNIr2X-Kb8pQW8cOcSbWgQ_QGKclTYJ_aMlI.js"},{"src":"\/~gacetaua\/sites\/default\/files\/js\/js_pqqsPPmPmxKgamY6qk_WSawtL05XH_yAY8GkPHVyahI.js"}]},{"command":"insert","method":"replaceWith","selector":".view-mode-full","data":"\u003Cdiv data-history-node-id=\u002211935\u0022 class=\u0022contenido view-mode-media_expanded ds-3col-equal clearfix\u0022\u003E\n\n  \n\n  \u003Cdiv class=\u0022area-medios group-left\u0022\u003E\n        \n                          \u003Cdiv  class=\u0022imagen\u0022 \u003E\n          \u003Cpicture\u003E\n                  \u003Csource srcset=\u0022\/~gacetaua\/sites\/default\/files\/styles\/max_650x650\/public\/2019-07\/IMG_2110.webp?itok=d_TUlCHK 650w, \/~gacetaua\/sites\/default\/files\/styles\/max_1900x1900\/public\/2019-07\/IMG_2110.webp?itok=yGgfPNEc 720w\u0022 type=\u0022image\/webp\u0022 sizes=\u0022100vw\u0022\/\u003E\n              \u003Csource srcset=\u0022\/~gacetaua\/sites\/default\/files\/styles\/max_650x650\/public\/2019-07\/IMG_2110.JPG?itok=d_TUlCHK 650w, \/~gacetaua\/sites\/default\/files\/styles\/max_1900x1900\/public\/2019-07\/IMG_2110.JPG?itok=yGgfPNEc 720w\u0022 type=\u0022image\/jpeg\u0022 sizes=\u0022100vw\u0022\/\u003E\n                  \u003Cimg srcset=\u0022\/~gacetaua\/sites\/default\/files\/styles\/max_650x650\/public\/2019-07\/IMG_2110.JPG?itok=d_TUlCHK 650w, \/~gacetaua\/sites\/default\/files\/styles\/max_1900x1900\/public\/2019-07\/IMG_2110.JPG?itok=yGgfPNEc 720w\u0022 sizes=\u0022100vw\u0022 src=\u0022\/~gacetaua\/sites\/default\/files\/styles\/max_1300x1300\/public\/2019-07\/IMG_2110.JPG?itok=_gPINjH0\u0022 alt=\u0022\u0022 typeof=\u0022foaf:Image\u0022 class=\u0022img-fluid\u0022 \/\u003E\n\n  \u003C\/picture\u003E\n\n\u003C\/div\u003E\n      \n  \n\n      \u003Cdiv  class=\u0022boton-expander\u0022\u003E\n        \n                  \u003Cdiv class=\u0022item-list\u0022\u003E\u003Cul\u003E\u003Cli\u003E\u003Ca href=\u0022\/~gacetaua\/ds-switch-view-mode\/node\/11935\/media_collapsed?selector=view-mode-media_expanded\u0022 class=\u0022use-ajax\u0022\u003E\u2191\u003C\/a\u003E\u003C\/li\u003E\u003C\/ul\u003E\u003C\/div\u003E\n      \n  \n    \u003C\/div\u003E\n\n\n  \u003C\/div\u003E\n\n  \u003Cdiv class=\u0022area-info group-middle\u0022\u003E\n    \n\u003Cdiv  class=\u0022inner\u0022\u003E\n          \n                          \u003Ch2  class=\u0022titulo\u0022 \u003E\n        Celebra Idiomas egreso de 29 cimarrones\n\u003C\/h2\u003E\n      \n  \n\n    \n                          \u003Cdiv  class=\u0022resumen\u0022 \u003E\n      Egresa una generaci\u00f3n m\u00e1s de licenciados profesionistas en Docencia de Idiomas y de Traducci\u00f3n.\u003C\/div\u003E\n      \n  \n\n\n\u003Cdiv  class=\u0022datos\u0022\u003E\n            \u003Cdiv  class=\u0022campus\u0022\u003E\n            \u003Cdiv  class=\u0022field-label-inline\u0022\u003ECampus\u003C\/div\u003E\n  \n                  \u003Ca href=\u0022\/~gacetaua\/campus\/ensenada\u0022 hreflang=\u0022es\u0022\u003EEnsenada\u003C\/a\u003E\n      \n  \n    \u003C\/div\u003E\n\n    \n                          \u003Cdiv  class=\u0022fecha\u0022 \u003E\n      26 de Febrero de 2013\u003C\/div\u003E\n      \n  \n\n\n  \u003C\/div\u003E\n    \n                          \u003Cdiv  class=\u0022texto\u0022 \u003E\n      \u003Cp\u003ELa Facultad de Idiomas de la Universidad Aut\u00f3noma de Baja California, celebr\u00f3 el acto acad\u00e9mico de la segunda II Generaci\u00f3n de Licenciados en Traducci\u00f3n y la VII de Licenciados en Docencia de Idiomas.\u003C\/p\u003E\u003Cp\u003EEn total, 29 alumnos de ambas licenciaturas se dieron cita en el Teatro de la Ciudad junto con acad\u00e9micos y personal administrativo de facultad, y por supuesto, con sus familias para celebrar esta importante ceremonia de culminaci\u00f3n de estudios.\u003C\/p\u003E\n\u003Cp\u003EAcompa\u00f1ados por el Vicerrector del Campus Ensenada, Oscar Roberto L\u00f3pez Bonilla, el Subdirector de la Facultad de Idiomas, Dagoberto Hern\u00e1ndez Lezama, los ahora licenciados recibieron de manos de las autoridades sus reconocimientos de licenciatura.\u003C\/p\u003E\n\u003Cp\u003ELa ceremonia estuvo plagada de emociones, ya que los padrinos de carrera dedicaron palabras de motivaci\u00f3n a sus ahijados, as\u00ed como las representantes de las licenciaturas Sof\u00eda Adame y Merary Mend\u00edvil, de Traducci\u00f3n y Docencia respectivamente, recordaron momentos agradables durante sus estudios universitarios.\u003C\/p\u003E\n\u003Cp\u003EDe esta manera, la Facultad de Idiomas se enorgullece de formar profesionistas bien preparados para las exigencias que la comunidad demanda y se compromete a seguir moldeando docentes en idiomas y traductores con las mejores bases.\u003C\/p\u003E\u003C\/div\u003E\n      \n  \n\n\n  \u003C\/div\u003E\n\n  \u003C\/div\u003E\n\n  \u003Cdiv class=\u0022area-extras group-right\u0022\u003E\n        \n                          \u003Cdiv  class=\u0022enlace-blockBottom\u0022 \u003E\n      \u003Cdiv\u003EVer m\u00e1s \u003Ca href=\u0022http:\/\/gaceta.uabc.mx\/notas\u0022\u003ENotas\u003C\/a\u003E\u003C\/div\u003E\n\u003C\/div\u003E\n      \n  \n\n\n  \u003C\/div\u003E\n\n\u003C\/div\u003E\n\n","settings":null}]