[{"command":"settings","settings":{"pluralDelimiter":"\u0003","suppressDeprecationErrors":true,"ajaxPageState":{"libraries":"core\/drupal.ajax,ds\/ds_3col_equal_width","theme":"gaceta","theme_token":null},"ajaxTrustedUrl":[],"field_group":{"html_element":{"mode":"media_expanded","context":"view","settings":{"classes":"datos","show_empty_fields":false,"id":"","element":"div","show_label":false,"label_element":"h3","label_element_classes":"","attributes":"","effect":"none","speed":"fast"}}},"user":{"uid":0,"permissionsHash":"55dc977d165ab1e05e51b6cc6487f6d73e65ab536d99ee82c6990d9001d5c21c"}},"merge":true},{"command":"add_css","data":"\u003Clink rel=\u0022stylesheet\u0022 media=\u0022all\u0022 href=\u0022\/~gacetaua\/sites\/default\/files\/css\/css_mxJrjoKKAZuuB4_4f-B1u9VnFZxvSor3Az4JEdrFEso.css\u0022 \/\u003E\n\u003Clink rel=\u0022stylesheet\u0022 media=\u0022all\u0022 href=\u0022\/~gacetaua\/sites\/default\/files\/css\/css_-BXSGQpS8YTwwuXGbPoshUvZ7W-_HbYR3H7d0DA_mEY.css\u0022 \/\u003E\n\u003Clink rel=\u0022stylesheet\u0022 media=\u0022all\u0022 href=\u0022\/~gacetaua\/sites\/default\/files\/css\/css_89YreTu0npezhXSakRJR9TVHyBS9bTcyt0s3IckAe-M.css\u0022 \/\u003E\n"},{"command":"add_js","selector":"body","data":[{"src":"\/~gacetaua\/sites\/default\/files\/js\/js_9UaAhXvc9u0KYXXUw-OKyLP2baQxdV4zY3Y_KGurcvY.js"},{"src":"\/~gacetaua\/sites\/default\/files\/js\/js_oDJxUBLBzfRb_FDgNfkNOm9-tiatS2kNfxQIeVRZA7Y.js"},{"src":"\/~gacetaua\/sites\/default\/files\/js\/js_1RP4qUEvRifRPl9mYl8nA5jNqky6vVqo6nKEmFCp0ko.js"},{"src":"\/~gacetaua\/sites\/default\/files\/js\/js_JWYilEE4EQG7Dr-JhBmcQVwxs1c7FMUMbFbUcXjlSYw.js"}]},{"command":"insert","method":"replaceWith","selector":".view-mode-full","data":"\u003Cdiv data-history-node-id=\u002212002\u0022 class=\u0022contenido view-mode-media_expanded ds-3col-equal clearfix\u0022\u003E\n\n  \n\n  \u003Cdiv class=\u0022area-medios group-left\u0022\u003E\n          \u003Cdiv  class=\u0022boton-expander\u0022\u003E\n        \n                  \u003Cdiv class=\u0022item-list\u0022\u003E\u003Cul\u003E\u003Cli\u003E\u003Ca href=\u0022\/~gacetaua\/ds-switch-view-mode\/node\/12002\/media_collapsed?selector=view-mode-media_expanded\u0022 class=\u0022use-ajax\u0022\u003E\u2191\u003C\/a\u003E\u003C\/li\u003E\u003C\/ul\u003E\u003C\/div\u003E\n      \n  \n    \u003C\/div\u003E\n\n\n  \u003C\/div\u003E\n\n  \u003Cdiv class=\u0022area-info group-middle\u0022\u003E\n    \n\u003Cdiv  class=\u0022inner\u0022\u003E\n          \n                          \u003Ch2  class=\u0022titulo\u0022 \u003E\n        Equipo de Voleibol de Sala Varonil tendr\u00e1 cuadrangular\n\u003C\/h2\u003E\n      \n  \n\n    \n                          \u003Cdiv  class=\u0022resumen\u0022 \u003E\n      Van rumbo a la Universiada Regional 2013.\u003C\/div\u003E\n      \n  \n\n\n\u003Cdiv  class=\u0022datos\u0022\u003E\n            \u003Cdiv  class=\u0022campus\u0022\u003E\n            \u003Cdiv  class=\u0022field-label-inline\u0022\u003ECampus\u003C\/div\u003E\n  \n                  \u003Ca href=\u0022\/~gacetaua\/campus\/mexicali\u0022 hreflang=\u0022es\u0022\u003EMexicali\u003C\/a\u003E\n      \n  \n    \u003C\/div\u003E\n\n    \n                          \u003Cdiv  class=\u0022fecha\u0022 \u003E\n      31 de Enero de 2013\u003C\/div\u003E\n      \n  \n\n\n  \u003C\/div\u003E\n    \n                          \u003Cdiv  class=\u0022texto\u0022 \u003E\n      \u003Cp\u003E\u003Cspan style=\u0022line-height: 1.538em;\u0022\u003EComo parte de las actividades de preparaci\u00f3n rumbo a la Universiada Regional 2013, el equipo representativo de Voleibol de Sala Varonil UABC, actuales campeones del Estatal Universitario, tendr\u00e1n un cuadrangular el pr\u00f3ximo s\u00e1bado 2 de febrero, en el Gimnasio Universitario ED. El\u00edas Carranco Hermosillo.\u003C\/span\u003E\u003C\/p\u003E\n\n\u003Cp\u003EEstar\u00e1n presentes los equipos; Mikaza, Primos, Academia y los anfitriones Cimarrones, el evento dar\u00e1 inicio a partir de las 11:00 horas, invitando a toda la comunidad universitaria, a presenciar del mejor voleibol municipal.\u003C\/p\u003E\n\n\u003Cp\u003EEl equipo se prepara diariamente para la justa deportiva venidera, la cual tendr\u00e1 sede en Ensenada, Baja California, con sede en UABC del 16 al 22 de marzo del 2013.\u003C\/p\u003E\n\n\u003Ctable align=\u0022center\u0022 border=\u00221\u0022 cellpadding=\u00220\u0022 cellspacing=\u00220\u0022\u003E\u003Ctbody\u003E\u003Ctr\u003E\u003Ctd style=\u0022width:150px;\u0022\u003E\n\t\t\t\u003Cp align=\u0022center\u0022\u003E\u003Cstrong\u003EHORA\u003C\/strong\u003E\u003C\/p\u003E\n\t\t\t\u003C\/td\u003E\n\t\t\t\u003Ctd style=\u0022width:150px;\u0022\u003E\n\t\t\t\u003Cp align=\u0022center\u0022\u003E\u003Cstrong\u003EEQUIPO\u003C\/strong\u003E\u003C\/p\u003E\n\t\t\t\u003C\/td\u003E\n\t\t\t\u003Ctd style=\u0022width:58px;\u0022\u003E\n\t\t\t\u003Cp align=\u0022center\u0022\u003E\u003Cstrong\u003EVS\u003C\/strong\u003E\u003C\/p\u003E\n\t\t\t\u003C\/td\u003E\n\t\t\t\u003Ctd style=\u0022width:151px;\u0022\u003E\n\t\t\t\u003Cp align=\u0022center\u0022\u003E\u003Cstrong\u003EEQUIPO\u003C\/strong\u003E\u003C\/p\u003E\n\t\t\t\u003C\/td\u003E\n\t\t\u003C\/tr\u003E\u003Ctr\u003E\u003Ctd style=\u0022width:150px;\u0022\u003E\n\t\t\t\u003Cp align=\u0022center\u0022\u003E\u003Cstrong\u003E11:00 HRS\u003C\/strong\u003E\u003C\/p\u003E\n\t\t\t\u003C\/td\u003E\n\t\t\t\u003Ctd style=\u0022width:150px;\u0022\u003E\n\t\t\t\u003Cp align=\u0022center\u0022\u003E\u003Cstrong\u003EUABC\u003C\/strong\u003E\u003C\/p\u003E\n\t\t\t\u003C\/td\u003E\n\t\t\t\u003Ctd style=\u0022width:58px;\u0022\u003E\n\t\t\t\u003Cp align=\u0022center\u0022\u003E\u003Cstrong\u003EVS\u003C\/strong\u003E\u003C\/p\u003E\n\t\t\t\u003C\/td\u003E\n\t\t\t\u003Ctd style=\u0022width:151px;\u0022\u003E\n\t\t\t\u003Cp align=\u0022center\u0022\u003E\u003Cstrong\u003EACADEMIA\u003C\/strong\u003E\u003C\/p\u003E\n\t\t\t\u003C\/td\u003E\n\t\t\u003C\/tr\u003E\u003Ctr\u003E\u003Ctd style=\u0022width:150px;\u0022\u003E\n\t\t\t\u003Cp align=\u0022center\u0022\u003E\u003Cstrong\u003E12:30 HRS\u003C\/strong\u003E\u003C\/p\u003E\n\t\t\t\u003C\/td\u003E\n\t\t\t\u003Ctd style=\u0022width:150px;\u0022\u003E\n\t\t\t\u003Cp align=\u0022center\u0022\u003E\u003Cstrong\u003EUABC\u003C\/strong\u003E\u003C\/p\u003E\n\t\t\t\u003C\/td\u003E\n\t\t\t\u003Ctd style=\u0022width:58px;\u0022\u003E\n\t\t\t\u003Cp align=\u0022center\u0022\u003E\u003Cstrong\u003EVS\u003C\/strong\u003E\u003C\/p\u003E\n\t\t\t\u003C\/td\u003E\n\t\t\t\u003Ctd style=\u0022width:151px;\u0022\u003E\n\t\t\t\u003Cp align=\u0022center\u0022\u003E\u003Cstrong\u003EMIKASA\u003C\/strong\u003E\u003C\/p\u003E\n\t\t\t\u003C\/td\u003E\n\t\t\u003C\/tr\u003E\u003Ctr\u003E\u003Ctd style=\u0022width:150px;\u0022\u003E\n\t\t\t\u003Cp align=\u0022center\u0022\u003E\u003Cstrong\u003E14:00 HRS\u003C\/strong\u003E\u003C\/p\u003E\n\t\t\t\u003C\/td\u003E\n\t\t\t\u003Ctd style=\u0022width:150px;\u0022\u003E\n\t\t\t\u003Cp align=\u0022center\u0022\u003E\u003Cstrong\u003EACADEMIA\u003C\/strong\u003E\u003C\/p\u003E\n\t\t\t\u003C\/td\u003E\n\t\t\t\u003Ctd style=\u0022width:58px;\u0022\u003E\n\t\t\t\u003Cp align=\u0022center\u0022\u003E\u003Cstrong\u003EVS\u003C\/strong\u003E\u003C\/p\u003E\n\t\t\t\u003C\/td\u003E\n\t\t\t\u003Ctd style=\u0022width:151px;\u0022\u003E\n\t\t\t\u003Cp align=\u0022center\u0022\u003E\u003Cstrong\u003EMIKASA\u003C\/strong\u003E\u003C\/p\u003E\n\t\t\t\u003C\/td\u003E\n\t\t\u003C\/tr\u003E\u003Ctr\u003E\u003Ctd style=\u0022width:150px;\u0022\u003E\n\t\t\t\u003Cp align=\u0022center\u0022\u003E\u003Cstrong\u003E15:00 HRS\u003C\/strong\u003E\u003C\/p\u003E\n\t\t\t\u003C\/td\u003E\n\t\t\t\u003Ctd style=\u0022width:150px;\u0022\u003E\n\t\t\t\u003Cp align=\u0022center\u0022\u003E\u003Cstrong\u003EACADEMIA\u003C\/strong\u003E\u003C\/p\u003E\n\t\t\t\u003C\/td\u003E\n\t\t\t\u003Ctd style=\u0022width:58px;\u0022\u003E\n\t\t\t\u003Cp align=\u0022center\u0022\u003E\u003Cstrong\u003EVS\u003C\/strong\u003E\u003C\/p\u003E\n\t\t\t\u003C\/td\u003E\n\t\t\t\u003Ctd style=\u0022width:151px;\u0022\u003E\n\t\t\t\u003Cp align=\u0022center\u0022\u003E\u003Cstrong\u003EPRIMOS\u003C\/strong\u003E\u003C\/p\u003E\n\t\t\t\u003C\/td\u003E\n\t\t\u003C\/tr\u003E\u003Ctr\u003E\u003Ctd style=\u0022width:150px;\u0022\u003E\n\t\t\t\u003Cp align=\u0022center\u0022\u003E\u003Cstrong\u003E18:00 HRS\u003C\/strong\u003E\u003C\/p\u003E\n\t\t\t\u003C\/td\u003E\n\t\t\t\u003Ctd style=\u0022width:150px;\u0022\u003E\n\t\t\t\u003Cp align=\u0022center\u0022\u003E\u003Cstrong\u003EUABC\u003C\/strong\u003E\u003C\/p\u003E\n\t\t\t\u003C\/td\u003E\n\t\t\t\u003Ctd style=\u0022width:58px;\u0022\u003E\n\t\t\t\u003Cp align=\u0022center\u0022\u003E\u003Cstrong\u003EVS\u003C\/strong\u003E\u003C\/p\u003E\n\t\t\t\u003C\/td\u003E\n\t\t\t\u003Ctd style=\u0022width:151px;\u0022\u003E\n\t\t\t\u003Cp align=\u0022center\u0022\u003E\u003Cstrong\u003EPRIMOS\u003C\/strong\u003E\u003C\/p\u003E\n\t\t\t\u003C\/td\u003E\n\t\t\u003C\/tr\u003E\u003Ctr\u003E\u003Ctd style=\u0022width:150px;\u0022\u003E\n\t\t\t\u003Cp align=\u0022center\u0022\u003E\u003Cstrong\u003E19:00 HRS\u003C\/strong\u003E\u003C\/p\u003E\n\t\t\t\u003C\/td\u003E\n\t\t\t\u003Ctd style=\u0022width:150px;\u0022\u003E\n\t\t\t\u003Cp align=\u0022center\u0022\u003E\u003Cstrong\u003EMIKASA\u003C\/strong\u003E\u003C\/p\u003E\n\t\t\t\u003C\/td\u003E\n\t\t\t\u003Ctd style=\u0022width:58px;\u0022\u003E\n\t\t\t\u003Cp align=\u0022center\u0022\u003E\u003Cstrong\u003EVS\u003C\/strong\u003E\u003C\/p\u003E\n\t\t\t\u003C\/td\u003E\n\t\t\t\u003Ctd style=\u0022width:151px;\u0022\u003E\n\t\t\t\u003Cp align=\u0022center\u0022\u003E\u003Cstrong\u003EPRIMOS\u003C\/strong\u003E\u003C\/p\u003E\n\t\t\t\u003C\/td\u003E\n\t\t\u003C\/tr\u003E\u003C\/tbody\u003E\u003C\/table\u003E\u003Cdiv style=\u0022clear:both;\u0022\u003E\u00a0\u003C\/div\u003E\n\n\u003Cp\u003E\u00a0\u003C\/p\u003E\n\u003C\/div\u003E\n      \n  \n\n\n  \u003C\/div\u003E\n\n  \u003C\/div\u003E\n\n  \u003Cdiv class=\u0022area-extras group-right\u0022\u003E\n        \n                          \u003Cdiv  class=\u0022enlace-blockBottom\u0022 \u003E\n      \u003Cdiv\u003EVer m\u00e1s \u003Ca href=\u0022http:\/\/gaceta.uabc.mx\/notas\u0022\u003ENotas\u003C\/a\u003E\u003C\/div\u003E\n\u003C\/div\u003E\n      \n  \n\n\n  \u003C\/div\u003E\n\n\u003C\/div\u003E\n\n","settings":null}]