[{"command":"settings","settings":{"pluralDelimiter":"\u0003","suppressDeprecationErrors":true,"ajaxPageState":{"libraries":"core\/drupal.ajax,core\/picturefill,ds\/ds_3col_equal_width","theme":"gaceta","theme_token":null},"ajaxTrustedUrl":[],"field_group":{"html_element":{"mode":"media_expanded","context":"view","settings":{"classes":"datos","show_empty_fields":false,"id":"","element":"div","show_label":false,"label_element":"h3","label_element_classes":"","attributes":"","effect":"none","speed":"fast"}}},"user":{"uid":0,"permissionsHash":"55dc977d165ab1e05e51b6cc6487f6d73e65ab536d99ee82c6990d9001d5c21c"}},"merge":true},{"command":"add_css","data":"\u003Clink rel=\u0022stylesheet\u0022 media=\u0022all\u0022 href=\u0022\/~gacetaua\/sites\/default\/files\/css\/css_mxJrjoKKAZuuB4_4f-B1u9VnFZxvSor3Az4JEdrFEso.css\u0022 \/\u003E\n\u003Clink rel=\u0022stylesheet\u0022 media=\u0022all\u0022 href=\u0022\/~gacetaua\/sites\/default\/files\/css\/css_-BXSGQpS8YTwwuXGbPoshUvZ7W-_HbYR3H7d0DA_mEY.css\u0022 \/\u003E\n\u003Clink rel=\u0022stylesheet\u0022 media=\u0022all\u0022 href=\u0022\/~gacetaua\/sites\/default\/files\/css\/css_89YreTu0npezhXSakRJR9TVHyBS9bTcyt0s3IckAe-M.css\u0022 \/\u003E\n"},{"command":"add_js","selector":"body","data":[{"src":"\/~gacetaua\/sites\/default\/files\/js\/js_9UaAhXvc9u0KYXXUw-OKyLP2baQxdV4zY3Y_KGurcvY.js"},{"src":"\/~gacetaua\/sites\/default\/files\/js\/js_oDJxUBLBzfRb_FDgNfkNOm9-tiatS2kNfxQIeVRZA7Y.js"},{"src":"\/~gacetaua\/sites\/default\/files\/js\/js_YM82KRuzNIr2X-Kb8pQW8cOcSbWgQ_QGKclTYJ_aMlI.js"},{"src":"\/~gacetaua\/sites\/default\/files\/js\/js_pqqsPPmPmxKgamY6qk_WSawtL05XH_yAY8GkPHVyahI.js"}]},{"command":"insert","method":"replaceWith","selector":".view-mode-full","data":"\u003Cdiv data-history-node-id=\u002213513\u0022 class=\u0022contenido view-mode-media_expanded ds-3col-equal clearfix\u0022\u003E\n\n  \n\n  \u003Cdiv class=\u0022area-medios group-left\u0022\u003E\n        \n                          \u003Cdiv  class=\u0022imagen\u0022 \u003E\n          \u003Cpicture\u003E\n                  \u003Csource srcset=\u0022\/~gacetaua\/sites\/default\/files\/styles\/max_650x650\/public\/2019-07\/081012_1924_Entregacima11.webp?itok=HJeSRd-R 476w\u0022 type=\u0022image\/webp\u0022 sizes=\u0022100vw\u0022\/\u003E\n              \u003Csource srcset=\u0022\/~gacetaua\/sites\/default\/files\/styles\/max_650x650\/public\/2019-07\/081012_1924_Entregacima11.jpg?itok=HJeSRd-R 476w\u0022 type=\u0022image\/jpeg\u0022 sizes=\u0022100vw\u0022\/\u003E\n                  \u003Cimg srcset=\u0022\/~gacetaua\/sites\/default\/files\/styles\/max_650x650\/public\/2019-07\/081012_1924_Entregacima11.jpg?itok=HJeSRd-R 476w\u0022 sizes=\u0022100vw\u0022 src=\u0022\/~gacetaua\/sites\/default\/files\/styles\/max_1300x1300\/public\/2019-07\/081012_1924_Entregacima11.jpg?itok=ft41v4O7\u0022 alt=\u0022\u0022 typeof=\u0022foaf:Image\u0022 class=\u0022img-fluid\u0022 \/\u003E\n\n  \u003C\/picture\u003E\n\n\u003C\/div\u003E\n      \n  \n\n      \u003Cdiv  class=\u0022boton-expander\u0022\u003E\n        \n                  \u003Cdiv class=\u0022item-list\u0022\u003E\u003Cul\u003E\u003Cli\u003E\u003Ca href=\u0022\/~gacetaua\/ds-switch-view-mode\/node\/13513\/media_collapsed?selector=view-mode-media_expanded\u0022 class=\u0022use-ajax\u0022\u003E\u2191\u003C\/a\u003E\u003C\/li\u003E\u003C\/ul\u003E\u003C\/div\u003E\n      \n  \n    \u003C\/div\u003E\n\n\n  \u003C\/div\u003E\n\n  \u003Cdiv class=\u0022area-info group-middle\u0022\u003E\n    \n\u003Cdiv  class=\u0022inner\u0022\u003E\n          \n                          \u003Ch2  class=\u0022titulo\u0022 \u003E\n        Entrega cimarrones proyecto de casa hogar del anciano\n\u003C\/h2\u003E\n      \n  \n\n    \n                          \u003Cdiv  class=\u0022resumen\u0022 \u003E\n      La propuesta contempla mejoras para la capacidad de estancia de los adultos mayores.\u003C\/div\u003E\n      \n  \n\n\n\u003Cdiv  class=\u0022datos\u0022\u003E\n            \u003Cdiv  class=\u0022campus\u0022\u003E\n            \u003Cdiv  class=\u0022field-label-inline\u0022\u003ECampus\u003C\/div\u003E\n  \n                  \u003Ca href=\u0022\/~gacetaua\/campus\/ensenada\u0022 hreflang=\u0022es\u0022\u003EEnsenada\u003C\/a\u003E\n      \n  \n    \u003C\/div\u003E\n\n    \n                          \u003Cdiv  class=\u0022fecha\u0022 \u003E\n      10 de Agosto de 2012\u003C\/div\u003E\n      \n  \n\n\n  \u003C\/div\u003E\n    \n                          \u003Cdiv  class=\u0022texto\u0022 \u003E\n      \u003Cp\u003ELa Facultad de Ingenier\u00eda, Arquitectura y Dise\u00f1o entreg\u00f3 a la Casa Hogar del Anciano de Ensenada la maqueta correspondiente al proyecto de edificaci\u00f3n del Centro de Atenci\u00f3n y Desarrollo Integral del Adulto Mayor (Cadinam).\u003C\/p\u003E\u003Cp\u003EEl trabajo de maqueta estuvo coordinado por las maestras de arquitectura Claudia Rivera Torres, Carla Rocha Mart\u00ednez y Elvira Padr\u00e9s Le\u00f3n, quienes tuvieron a su cargo a nueve estudiantes que participaron en su elaboraci\u00f3n.\u003C\/p\u003E\n\u003Cp\u003ELos alumnos que participaron en la maqueta fueron Daniela Torres Reyes, Claudia L\u00f3pez Corral, Elizabeth Serrano Silva, Mariel Organista Camacho, Guadalupe Valenzuela Rodr\u00edguez, Mar\u00eda del Mar Rodr\u00edguez Robles, Rogerio Salgado Quintero, Carlos Aguilar M\u00e9ndez y Mart\u00edn Dagnino Meza.\u003C\/p\u003E\n\u003Cp\u003EEl edificio de tres niveles ayudar\u00e1 a aumentar en un 80 por ciento la capacidad de atenci\u00f3n a adultos mayores. El primer nivel est\u00e1 dise\u00f1ado para un comedor con cocina con capacidad para 120 personas, adem\u00e1s de un \u00e1rea de usos m\u00faltiples; el segundo nivel esta contemplado para alojar a los abuelitos, dicha \u00e1rea estar\u00e1 adecuada para cuidados especiales; y por \u00faltimo, el tercer nivel, ser\u00e1 habitado por las hermanas de la Casa Hogar.\u003C\/p\u003E\n\u003Cp\u003EDurante la entrega, el doctor Oscar Roberto L\u00f3pez Bonilla, Vicerrector de la UABC Campus Ensenada, coment\u00f3 que con la presentaci\u00f3n formal de la maqueta, se culmina una parte importante del proyecto de la Casa Hogar. \u201cAgradecemos la consideraci\u00f3n que nos hizo la Casa Hogar para ser parte de este esfuerzo, pero sobre todo, por permitirles a nuestros alumnos vivir esta experiencia en su desarrollo profesional\u201d, destac\u00f3 el Vicerrector.\u003C\/p\u003E\n\u003Cp\u003ELa hermana Gloria Estrella P\u00e9rez, Directora de la Casa Hogar del Anciano expres\u00f3 que la participaci\u00f3n de la comunidad universitaria ha permitido mantener y consolidar el crecimiento y desarrollo institucional, logrando con ello diversos reconocimientos a nivel municipal y estatal.\u003C\/p\u003E\n\u003Cp\u003EMencion\u00f3 tambi\u00e9n que el plan estrat\u00e9gico de desarrollo institucional contempla no solo la consolidaci\u00f3n de las instalaciones actuales, sino la ampliaci\u00f3n de las mismas para duplicar gradualmente la capacidad de estancia de adultos mayores.\u003C\/p\u003E\n\u003Cp\u003EEste evento tambi\u00e9n cont\u00f3 con la presencia del doctor Juan Iv\u00e1n Nieto Hip\u00f3lito, Director de la Facultad; la maestra Claudia Rivera Torres, Coordinadora de la Licenciatura en Arquitectura y de la maqueta; as\u00ed como el arquitecto Xicot\u00e9ncatl Carro P\u00e9rez, colaborador de la Casa Hogar del Anciano.\u003C\/p\u003E\n\u003Cp\u003E\u00a0\u003C\/p\u003E\u003C\/div\u003E\n      \n  \n\n\n  \u003C\/div\u003E\n\n  \u003C\/div\u003E\n\n  \u003Cdiv class=\u0022area-extras group-right\u0022\u003E\n        \n                          \u003Cdiv  class=\u0022enlace-blockBottom\u0022 \u003E\n      \u003Cdiv\u003EVer m\u00e1s \u003Ca href=\u0022http:\/\/gaceta.uabc.mx\/notas\u0022\u003ENotas\u003C\/a\u003E\u003C\/div\u003E\n\u003C\/div\u003E\n      \n  \n\n\n  \u003C\/div\u003E\n\n\u003C\/div\u003E\n\n","settings":null}]