[{"command":"settings","settings":{"pluralDelimiter":"\u0003","suppressDeprecationErrors":true,"ajaxPageState":{"libraries":"core\/drupal.ajax,core\/picturefill,ds\/ds_3col_equal_width","theme":"gaceta","theme_token":null},"ajaxTrustedUrl":[],"field_group":{"html_element":{"mode":"media_expanded","context":"view","settings":{"classes":"datos","show_empty_fields":false,"id":"","element":"div","show_label":false,"label_element":"h3","label_element_classes":"","attributes":"","effect":"none","speed":"fast"}}},"user":{"uid":0,"permissionsHash":"55dc977d165ab1e05e51b6cc6487f6d73e65ab536d99ee82c6990d9001d5c21c"}},"merge":true},{"command":"add_css","data":"\u003Clink rel=\u0022stylesheet\u0022 media=\u0022all\u0022 href=\u0022\/~gacetaua\/sites\/default\/files\/css\/css_mxJrjoKKAZuuB4_4f-B1u9VnFZxvSor3Az4JEdrFEso.css\u0022 \/\u003E\n\u003Clink rel=\u0022stylesheet\u0022 media=\u0022all\u0022 href=\u0022\/~gacetaua\/sites\/default\/files\/css\/css_-BXSGQpS8YTwwuXGbPoshUvZ7W-_HbYR3H7d0DA_mEY.css\u0022 \/\u003E\n\u003Clink rel=\u0022stylesheet\u0022 media=\u0022all\u0022 href=\u0022\/~gacetaua\/sites\/default\/files\/css\/css_89YreTu0npezhXSakRJR9TVHyBS9bTcyt0s3IckAe-M.css\u0022 \/\u003E\n"},{"command":"add_js","selector":"body","data":[{"src":"\/~gacetaua\/sites\/default\/files\/js\/js_9UaAhXvc9u0KYXXUw-OKyLP2baQxdV4zY3Y_KGurcvY.js"},{"src":"\/~gacetaua\/sites\/default\/files\/js\/js_oDJxUBLBzfRb_FDgNfkNOm9-tiatS2kNfxQIeVRZA7Y.js"},{"src":"\/~gacetaua\/sites\/default\/files\/js\/js_YM82KRuzNIr2X-Kb8pQW8cOcSbWgQ_QGKclTYJ_aMlI.js"},{"src":"\/~gacetaua\/sites\/default\/files\/js\/js_pqqsPPmPmxKgamY6qk_WSawtL05XH_yAY8GkPHVyahI.js"}]},{"command":"insert","method":"replaceWith","selector":".view-mode-full","data":"\u003Cdiv data-history-node-id=\u00221355\u0022 class=\u0022contenido view-mode-media_expanded ds-3col-equal clearfix\u0022\u003E\n\n  \n\n  \u003Cdiv class=\u0022area-medios group-left\u0022\u003E\n        \n                          \u003Cdiv  class=\u0022imagen\u0022 \u003E\n          \u003Cpicture\u003E\n                  \u003Csource srcset=\u0022\/~gacetaua\/sites\/default\/files\/styles\/max_650x650\/public\/2017-05\/Firman%20convenio%20de%20beca%20de%20transporte.webp?itok=UDRgdOyv 650w, \/~gacetaua\/sites\/default\/files\/styles\/max_1300x1300\/public\/2017-05\/Firman%20convenio%20de%20beca%20de%20transporte.webp?itok=OwGpAQP6 1300w, \/~gacetaua\/sites\/default\/files\/styles\/max_1900x1900\/public\/2017-05\/Firman%20convenio%20de%20beca%20de%20transporte.webp?itok=hORWLjMe 1900w\u0022 type=\u0022image\/webp\u0022 sizes=\u0022100vw\u0022\/\u003E\n              \u003Csource srcset=\u0022\/~gacetaua\/sites\/default\/files\/styles\/max_650x650\/public\/2017-05\/Firman%20convenio%20de%20beca%20de%20transporte.jpg?itok=UDRgdOyv 650w, \/~gacetaua\/sites\/default\/files\/styles\/max_1300x1300\/public\/2017-05\/Firman%20convenio%20de%20beca%20de%20transporte.jpg?itok=OwGpAQP6 1300w, \/~gacetaua\/sites\/default\/files\/styles\/max_1900x1900\/public\/2017-05\/Firman%20convenio%20de%20beca%20de%20transporte.jpg?itok=hORWLjMe 1900w\u0022 type=\u0022image\/jpeg\u0022 sizes=\u0022100vw\u0022\/\u003E\n                  \u003Cimg srcset=\u0022\/~gacetaua\/sites\/default\/files\/styles\/max_650x650\/public\/2017-05\/Firman%20convenio%20de%20beca%20de%20transporte.jpg?itok=UDRgdOyv 650w, \/~gacetaua\/sites\/default\/files\/styles\/max_1300x1300\/public\/2017-05\/Firman%20convenio%20de%20beca%20de%20transporte.jpg?itok=OwGpAQP6 1300w, \/~gacetaua\/sites\/default\/files\/styles\/max_1900x1900\/public\/2017-05\/Firman%20convenio%20de%20beca%20de%20transporte.jpg?itok=hORWLjMe 1900w\u0022 sizes=\u0022100vw\u0022 src=\u0022\/~gacetaua\/sites\/default\/files\/styles\/max_1300x1300\/public\/2017-05\/Firman%20convenio%20de%20beca%20de%20transporte.jpg?itok=OwGpAQP6\u0022 alt=\u0022Convenio_Beca_Transporte\u0022 typeof=\u0022foaf:Image\u0022 class=\u0022img-fluid\u0022 \/\u003E\n\n  \u003C\/picture\u003E\n\n\u003C\/div\u003E\n      \n  \n\n      \u003Cdiv  class=\u0022boton-expander\u0022\u003E\n        \n                  \u003Cdiv class=\u0022item-list\u0022\u003E\u003Cul\u003E\u003Cli\u003E\u003Ca href=\u0022\/~gacetaua\/ds-switch-view-mode\/node\/1355\/media_collapsed?selector=view-mode-media_expanded\u0022 class=\u0022use-ajax\u0022\u003E\u2191\u003C\/a\u003E\u003C\/li\u003E\u003C\/ul\u003E\u003C\/div\u003E\n      \n  \n    \u003C\/div\u003E\n\n\n  \u003C\/div\u003E\n\n  \u003Cdiv class=\u0022area-info group-middle\u0022\u003E\n    \n\u003Cdiv  class=\u0022inner\u0022\u003E\n          \n                          \u003Ch2  class=\u0022titulo\u0022 \u003E\n        Firman convenio de beca de transporte\n\u003C\/h2\u003E\n      \n  \n\n    \n                          \u003Cdiv  class=\u0022resumen\u0022 \u003E\n      Participan ocho empresas transportistas de Tijuana.\u003C\/div\u003E\n      \n  \n\n\n\u003Cdiv  class=\u0022datos\u0022\u003E\n            \u003Cdiv  class=\u0022autor\u0022\u003E\n            \u003Cdiv  class=\u0022field-label-inline\u0022\u003EPor\u003C\/div\u003E\n  \n                  \u003Ca href=\u0022\/~gacetaua\/autores\/cynthia-castaneda-enrriquez\u0022 hreflang=\u0022es\u0022\u003ECynthia Casta\u00f1eda Enrriquez\u003C\/a\u003E\n      \n  \n    \u003C\/div\u003E\n\n      \u003Cdiv  class=\u0022campus\u0022\u003E\n            \u003Cdiv  class=\u0022field-label-inline\u0022\u003ECampus\u003C\/div\u003E\n  \n                  \u003Ca href=\u0022\/~gacetaua\/campus\/tijuana\u0022 hreflang=\u0022es\u0022\u003ETijuana\u003C\/a\u003E\n      \n  \n    \u003C\/div\u003E\n\n    \n                          \u003Cdiv  class=\u0022fecha\u0022 \u003E\n      25 de Mayo de 2017\u003C\/div\u003E\n      \n  \n\n\n  \u003C\/div\u003E\n    \n                          \u003Cdiv  class=\u0022texto\u0022 \u003E\n      \u003Cp\u003EPor parte del Ayuntamiento de Tijuana se realiz\u00f3 un evento, con el objetivo de firmar un convenio de colaboraci\u00f3n con ocho empresas transportistas de Tijuana, con el que se beneficiar\u00e1 a j\u00f3venes estudiantes y personas de la tercera edad.\u003C\/p\u003E\n\n\u003Cp\u003ELa doctora Mar\u00eda Eugenia P\u00e9rez Morales, Vicerrectora del Campus Tijuana, reconoci\u00f3 y felicit\u00f3 a los involucrados en estas gestiones. \u201cA nombre del doctor Juan Manuel Ocegueda Hern\u00e1ndez, Rector de nuestra M\u00e1xima Casa de Estudios, y a t\u00edtulo personal, quiero manifestar nuestro benepl\u00e1cito por la formalizaci\u00f3n del convenio de colaboraci\u00f3n del Ayuntamiento de Tijuana con las empresas transportistas; un hecho que, en nuestro caso, sin duda tendr\u00e1 un impacto muy positivo en desarrollo de la formaci\u00f3n profesional de nuestros alumnos\u201d, expres\u00f3.\u003C\/p\u003E\n\n\u003Cp\u003ELa estudiante Carolina Kelly Demerutis, Coordinadora del Consejo Estudiantil de Sociedades de Alumnos, agradeci\u00f3 el apoyo y esfuerzo que se ha realizado en la UABC. \u201cReconozco el gran trabajo y esfuerzo que est\u00e1 haciendo el alcalde Juan Manuel Gastelum, el d\u00eda de hoy se deja huella en la historia de nuestra Universidad, la casa de estudios de nuestro bello estado caracterizada por su calidad, su pasi\u00f3n por los colores y por distinguidos profesionistas que ha formado\u201d, mencion\u00f3.\u003C\/p\u003E\n\n\u003Cp\u003ECabe mencionar que la beca de transporte apoyar\u00e1 a estudiantes de las diferentes preparatorias y universidades de Tijuana.\u003C\/p\u003E\n\n\u003Cp\u003EEn el evento estuvieron presentes el licenciado Juan Manuel Gast\u00e9lum Buenrostro,\u00a0Presidente Municipal de Tijuana; el licenciado Miguel Antonio Loza, Director del Instituto Municipal de la Juventud; diferentes transportistas de Tijuana, alumnos y maestros de diferentes escuelas de la ciudad.\u003C\/p\u003E\u003C\/div\u003E\n      \n  \n\n    \n            \u003Cdiv  class=\u0022palabras-clave\u0022\u003E\n                        \u003Ca href=\u0022\/~gacetaua\/tags\/convenio\u0022 hreflang=\u0022es\u0022\u003EConvenio\u003C\/a\u003E\n                \u003Ca href=\u0022\/~gacetaua\/tags\/beca\u0022 hreflang=\u0022es\u0022\u003EBeca\u003C\/a\u003E\n                \u003Ca href=\u0022\/~gacetaua\/tags\/transporte\u0022 hreflang=\u0022es\u0022\u003ETransporte\u003C\/a\u003E\n      \n      \u003C\/div\u003E\n  \n\n\n  \u003C\/div\u003E\n\n  \u003C\/div\u003E\n\n  \u003Cdiv class=\u0022area-extras group-right\u0022\u003E\n        \n                          \u003Cdiv  class=\u0022enlace-blockBottom\u0022 \u003E\n      \u003Cdiv\u003EVer m\u00e1s \u003Ca href=\u0022http:\/\/gaceta.uabc.mx\/notas\u0022\u003ENotas\u003C\/a\u003E\u003C\/div\u003E\n\u003C\/div\u003E\n      \n  \n\n\n  \u003C\/div\u003E\n\n\u003C\/div\u003E\n\n","settings":null}]