[{"command":"settings","settings":{"pluralDelimiter":"\u0003","suppressDeprecationErrors":true,"ajaxPageState":{"libraries":"core\/drupal.ajax,core\/picturefill,ds\/ds_3col_equal_width","theme":"gaceta","theme_token":null},"ajaxTrustedUrl":[],"field_group":{"html_element":{"mode":"media_expanded","context":"view","settings":{"classes":"datos","show_empty_fields":false,"id":"","element":"div","show_label":false,"label_element":"h3","label_element_classes":"","attributes":"","effect":"none","speed":"fast"}}},"user":{"uid":0,"permissionsHash":"55dc977d165ab1e05e51b6cc6487f6d73e65ab536d99ee82c6990d9001d5c21c"}},"merge":true},{"command":"add_css","data":"\u003Clink rel=\u0022stylesheet\u0022 media=\u0022all\u0022 href=\u0022\/~gacetaua\/sites\/default\/files\/css\/css_mxJrjoKKAZuuB4_4f-B1u9VnFZxvSor3Az4JEdrFEso.css\u0022 \/\u003E\n\u003Clink rel=\u0022stylesheet\u0022 media=\u0022all\u0022 href=\u0022\/~gacetaua\/sites\/default\/files\/css\/css_-BXSGQpS8YTwwuXGbPoshUvZ7W-_HbYR3H7d0DA_mEY.css\u0022 \/\u003E\n\u003Clink rel=\u0022stylesheet\u0022 media=\u0022all\u0022 href=\u0022\/~gacetaua\/sites\/default\/files\/css\/css_89YreTu0npezhXSakRJR9TVHyBS9bTcyt0s3IckAe-M.css\u0022 \/\u003E\n"},{"command":"add_js","selector":"body","data":[{"src":"\/~gacetaua\/sites\/default\/files\/js\/js_9UaAhXvc9u0KYXXUw-OKyLP2baQxdV4zY3Y_KGurcvY.js"},{"src":"\/~gacetaua\/sites\/default\/files\/js\/js_oDJxUBLBzfRb_FDgNfkNOm9-tiatS2kNfxQIeVRZA7Y.js"},{"src":"\/~gacetaua\/sites\/default\/files\/js\/js_YM82KRuzNIr2X-Kb8pQW8cOcSbWgQ_QGKclTYJ_aMlI.js"},{"src":"\/~gacetaua\/sites\/default\/files\/js\/js_pqqsPPmPmxKgamY6qk_WSawtL05XH_yAY8GkPHVyahI.js"}]},{"command":"insert","method":"replaceWith","selector":".view-mode-full","data":"\u003Cdiv data-history-node-id=\u002214089\u0022 class=\u0022contenido view-mode-media_expanded ds-3col-equal clearfix\u0022\u003E\n\n  \n\n  \u003Cdiv class=\u0022area-medios group-left\u0022\u003E\n        \n                          \u003Cdiv  class=\u0022imagen\u0022 \u003E\n          \u003Cpicture\u003E\n                  \u003Csource srcset=\u0022\/~gacetaua\/sites\/default\/files\/styles\/max_650x650\/public\/2019-03\/informe%20fca2.webp?itok=tqK-kx0_ 650w, \/~gacetaua\/sites\/default\/files\/styles\/max_1300x1300\/public\/2019-03\/informe%20fca2.webp?itok=xaowPZd3 1300w, \/~gacetaua\/sites\/default\/files\/styles\/max_1900x1900\/public\/2019-03\/informe%20fca2.webp?itok=WtupGOBI 1335w\u0022 type=\u0022image\/webp\u0022 sizes=\u0022100vw\u0022\/\u003E\n              \u003Csource srcset=\u0022\/~gacetaua\/sites\/default\/files\/styles\/max_650x650\/public\/2019-03\/informe%20fca2.jpg?itok=tqK-kx0_ 650w, \/~gacetaua\/sites\/default\/files\/styles\/max_1300x1300\/public\/2019-03\/informe%20fca2.jpg?itok=xaowPZd3 1300w, \/~gacetaua\/sites\/default\/files\/styles\/max_1900x1900\/public\/2019-03\/informe%20fca2.jpg?itok=WtupGOBI 1335w\u0022 type=\u0022image\/jpeg\u0022 sizes=\u0022100vw\u0022\/\u003E\n                  \u003Cimg srcset=\u0022\/~gacetaua\/sites\/default\/files\/styles\/max_650x650\/public\/2019-03\/informe%20fca2.jpg?itok=tqK-kx0_ 650w, \/~gacetaua\/sites\/default\/files\/styles\/max_1300x1300\/public\/2019-03\/informe%20fca2.jpg?itok=xaowPZd3 1300w, \/~gacetaua\/sites\/default\/files\/styles\/max_1900x1900\/public\/2019-03\/informe%20fca2.jpg?itok=WtupGOBI 1335w\u0022 sizes=\u0022100vw\u0022 src=\u0022\/~gacetaua\/sites\/default\/files\/styles\/max_1300x1300\/public\/2019-03\/informe%20fca2.jpg?itok=xaowPZd3\u0022 alt=\u0022fca_informe\u0022 typeof=\u0022foaf:Image\u0022 class=\u0022img-fluid\u0022 \/\u003E\n\n  \u003C\/picture\u003E\n\n\u003C\/div\u003E\n      \n  \n\n      \u003Cdiv  class=\u0022boton-expander\u0022\u003E\n        \n                  \u003Cdiv class=\u0022item-list\u0022\u003E\u003Cul\u003E\u003Cli\u003E\u003Ca href=\u0022\/~gacetaua\/ds-switch-view-mode\/node\/14089\/media_collapsed?selector=view-mode-media_expanded\u0022 class=\u0022use-ajax\u0022\u003E\u2191\u003C\/a\u003E\u003C\/li\u003E\u003C\/ul\u003E\u003C\/div\u003E\n      \n  \n    \u003C\/div\u003E\n\n\n  \u003C\/div\u003E\n\n  \u003Cdiv class=\u0022area-info group-middle\u0022\u003E\n    \n\u003Cdiv  class=\u0022inner\u0022\u003E\n          \n                          \u003Ch2  class=\u0022titulo\u0022 \u003E\n        Presenta informe Director de la FCA\n\u003C\/h2\u003E\n      \n  \n\n    \n                          \u003Cdiv  class=\u0022resumen\u0022 \u003E\n      Corresponde al periodo de 2018-2 y 2019-1\u003Cbr \/\u003E\r\n\u003C\/div\u003E\n      \n  \n\n\n\u003Cdiv  class=\u0022datos\u0022\u003E\n            \u003Cdiv  class=\u0022autor\u0022\u003E\n            \u003Cdiv  class=\u0022field-label-inline\u0022\u003EPor\u003C\/div\u003E\n  \n                  \u003Ca href=\u0022\/~gacetaua\/autores\/gabriel-alberto-gomez-de-silva-cano\u0022 hreflang=\u0022es\u0022\u003EGabriel Alberto G\u00f3mez de Silva Cano\u003C\/a\u003E\n      \n  \n    \u003C\/div\u003E\n\n      \u003Cdiv  class=\u0022campus\u0022\u003E\n            \u003Cdiv  class=\u0022field-label-inline\u0022\u003ECampus\u003C\/div\u003E\n  \n                  \u003Ca href=\u0022\/~gacetaua\/campus\/mexicali\u0022 hreflang=\u0022es\u0022\u003EMexicali\u003C\/a\u003E\n      \n  \n    \u003C\/div\u003E\n\n    \n                          \u003Cdiv  class=\u0022fecha\u0022 \u003E\n      27 de Marzo de 2019\u003C\/div\u003E\n      \n  \n\n\n  \u003C\/div\u003E\n    \n                          \u003Cdiv  class=\u0022texto\u0022 \u003E\n      \u003Cp dir=\u0022ltr\u0022\u003EEl doctor Ra\u00fal Gonz\u00e1lez N\u00fa\u00f1ez, Director de la Facultad de Ciencias Administrativas (FCA), present\u00f3 ante el Consejo T\u00e9cnico de la Unidad Acad\u00e9mica el cuarto informe de gesti\u00f3n, correspondiente al periodo 2018-2 y 2019-1, en el Aula Magna \u201cDr. Hilario de la Torre P\u00e9rez\u201d.\u003C\/p\u003E\n\n\u003Cp\u003EAsistieron como invitados especiales el Presidente de la Junta de Gobierno, doctor Felipe Cuamea Vel\u00e1zquez; y la Vicerrectora del Campus Mexicali, doctora Gisela Montero Alp\u00edrez.\u003C\/p\u003E\n\n\u003Cp\u003EEl informe contiene los datos sobre las acciones llevadas a cabo para cumplir con el Programa de Desarrollo de la Facultad, destacando los logros obtenidos en materia de reacreditaci\u00f3n de los programas educativos y de posgrado que son ofertados en esta Facultad; as\u00ed como los relacionados con las metas de transparencia y rendici\u00f3n de cuentas; adem\u00e1s, los relativos a la pol\u00edtica de inclusi\u00f3n, la cual fue reconocida por el Gobierno de la Rep\u00fablica por conducto de la Secretar\u00eda de Trabajo y Previsi\u00f3n Social, otorgando a la Facultad el Distintivo \u201cGilberto Rinc\u00f3n Gallardo\u201d.\u003C\/p\u003E\n\n\u003Cp\u003EOtro de los temas informados es concerniente al n\u00famero de alumnos que se han matriculado en los dos periodos que comprende el documento.\u003C\/p\u003E\n\n\u003Cp\u003EEl doctor Felipe Cuamea Vel\u00e1zquez emiti\u00f3 un mensaje a los miembros del Consejo T\u00e9cnico, alumnos, maestros de tiempo completo y de asignatura, personal administrativo y de servicios de la Unidad Acad\u00e9mica, que estuvieron presentes en el evento, en el que felicit\u00f3 al Director y su equipo de trabajo por los objetivos alcanzados y los invit\u00f3 a continuar colaborando con la Universidad para seguir prestando un servicio de excelencia en la FCA.\u003C\/p\u003E\n\n\u003Cp\u003ETambi\u00e9n se cont\u00f3 con la asistencia de directores de otras unidades acad\u00e9micas, as\u00ed como representantes del sector educativo y empresarial, tanto p\u00fablico como privado, con los cuales se tienen convenios de vinculaci\u00f3n institucional.\u003C\/p\u003E\n\n\u003Cp\u003E\u00a0\u003C\/p\u003E\u003C\/div\u003E\n      \n  \n\n    \n            \u003Cdiv  class=\u0022palabras-clave\u0022\u003E\n                        \u003Ca href=\u0022\/~gacetaua\/tags\/informe-de-actividades\u0022 hreflang=\u0022es\u0022\u003EInforme de actividades\u003C\/a\u003E\n                \u003Ca href=\u0022\/~gacetaua\/tags\/director\u0022 hreflang=\u0022es\u0022\u003EDirector\u003C\/a\u003E\n                \u003Ca href=\u0022\/~gacetaua\/tags\/fca\u0022 hreflang=\u0022es\u0022\u003EFCA\u003C\/a\u003E\n      \n      \u003C\/div\u003E\n  \n\n\n  \u003C\/div\u003E\n\n  \u003C\/div\u003E\n\n  \u003Cdiv class=\u0022area-extras group-right\u0022\u003E\n        \n                          \u003Cdiv  class=\u0022enlace-blockBottom\u0022 \u003E\n      \u003Cdiv\u003EVer m\u00e1s \u003Ca href=\u0022http:\/\/gaceta.uabc.mx\/notas\u0022\u003ENotas\u003C\/a\u003E\u003C\/div\u003E\n\u003C\/div\u003E\n      \n  \n\n\n  \u003C\/div\u003E\n\n\u003C\/div\u003E\n\n","settings":null}]