[{"command":"settings","settings":{"pluralDelimiter":"\u0003","suppressDeprecationErrors":true,"ajaxPageState":{"libraries":"core\/drupal.ajax,core\/picturefill,ds\/ds_3col_equal_width","theme":"gaceta","theme_token":null},"ajaxTrustedUrl":[],"field_group":{"html_element":{"mode":"media_expanded","context":"view","settings":{"classes":"datos","show_empty_fields":false,"id":"","element":"div","show_label":false,"label_element":"h3","label_element_classes":"","attributes":"","effect":"none","speed":"fast"}}},"user":{"uid":0,"permissionsHash":"55dc977d165ab1e05e51b6cc6487f6d73e65ab536d99ee82c6990d9001d5c21c"}},"merge":true},{"command":"add_css","data":"\u003Clink rel=\u0022stylesheet\u0022 media=\u0022all\u0022 href=\u0022\/~gacetaua\/sites\/default\/files\/css\/css_mxJrjoKKAZuuB4_4f-B1u9VnFZxvSor3Az4JEdrFEso.css\u0022 \/\u003E\n\u003Clink rel=\u0022stylesheet\u0022 media=\u0022all\u0022 href=\u0022\/~gacetaua\/sites\/default\/files\/css\/css_-BXSGQpS8YTwwuXGbPoshUvZ7W-_HbYR3H7d0DA_mEY.css\u0022 \/\u003E\n\u003Clink rel=\u0022stylesheet\u0022 media=\u0022all\u0022 href=\u0022\/~gacetaua\/sites\/default\/files\/css\/css_89YreTu0npezhXSakRJR9TVHyBS9bTcyt0s3IckAe-M.css\u0022 \/\u003E\n"},{"command":"add_js","selector":"body","data":[{"src":"\/~gacetaua\/sites\/default\/files\/js\/js_9UaAhXvc9u0KYXXUw-OKyLP2baQxdV4zY3Y_KGurcvY.js"},{"src":"\/~gacetaua\/sites\/default\/files\/js\/js_oDJxUBLBzfRb_FDgNfkNOm9-tiatS2kNfxQIeVRZA7Y.js"},{"src":"\/~gacetaua\/sites\/default\/files\/js\/js_YM82KRuzNIr2X-Kb8pQW8cOcSbWgQ_QGKclTYJ_aMlI.js"},{"src":"\/~gacetaua\/sites\/default\/files\/js\/js_pqqsPPmPmxKgamY6qk_WSawtL05XH_yAY8GkPHVyahI.js"}]},{"command":"insert","method":"replaceWith","selector":".view-mode-full","data":"\u003Cdiv data-history-node-id=\u002215733\u0022 class=\u0022contenido view-mode-media_expanded ds-3col-equal clearfix\u0022\u003E\n\n  \n\n  \u003Cdiv class=\u0022area-medios group-left\u0022\u003E\n        \n                          \u003Cdiv  class=\u0022imagen\u0022 \u003E\n          \u003Cpicture\u003E\n                  \u003Csource srcset=\u0022\/~gacetaua\/sites\/default\/files\/styles\/max_650x650\/public\/2020-01\/DSC_9698.webp?itok=m-vc98x5 650w, \/~gacetaua\/sites\/default\/files\/styles\/max_1300x1300\/public\/2020-01\/DSC_9698.webp?itok=pLMj0gql 1300w, \/~gacetaua\/sites\/default\/files\/styles\/max_1900x1900\/public\/2020-01\/DSC_9698.webp?itok=JNBpBUlk 1900w\u0022 type=\u0022image\/webp\u0022 sizes=\u0022100vw\u0022\/\u003E\n              \u003Csource srcset=\u0022\/~gacetaua\/sites\/default\/files\/styles\/max_650x650\/public\/2020-01\/DSC_9698.JPG?itok=m-vc98x5 650w, \/~gacetaua\/sites\/default\/files\/styles\/max_1300x1300\/public\/2020-01\/DSC_9698.JPG?itok=pLMj0gql 1300w, \/~gacetaua\/sites\/default\/files\/styles\/max_1900x1900\/public\/2020-01\/DSC_9698.JPG?itok=JNBpBUlk 1900w\u0022 type=\u0022image\/jpeg\u0022 sizes=\u0022100vw\u0022\/\u003E\n                  \u003Cimg srcset=\u0022\/~gacetaua\/sites\/default\/files\/styles\/max_650x650\/public\/2020-01\/DSC_9698.JPG?itok=m-vc98x5 650w, \/~gacetaua\/sites\/default\/files\/styles\/max_1300x1300\/public\/2020-01\/DSC_9698.JPG?itok=pLMj0gql 1300w, \/~gacetaua\/sites\/default\/files\/styles\/max_1900x1900\/public\/2020-01\/DSC_9698.JPG?itok=JNBpBUlk 1900w\u0022 sizes=\u0022100vw\u0022 src=\u0022\/~gacetaua\/sites\/default\/files\/styles\/max_1300x1300\/public\/2020-01\/DSC_9698.JPG?itok=pLMj0gql\u0022 alt=\u0022ceremonia de entrega de plaza a docentes\u0022 typeof=\u0022foaf:Image\u0022 class=\u0022img-fluid\u0022 \/\u003E\n\n  \u003C\/picture\u003E\n\n\u003C\/div\u003E\n      \n  \n\n      \u003Cdiv  class=\u0022boton-expander\u0022\u003E\n        \n                  \u003Cdiv class=\u0022item-list\u0022\u003E\u003Cul\u003E\u003Cli\u003E\u003Ca href=\u0022\/~gacetaua\/ds-switch-view-mode\/node\/15733\/media_collapsed?selector=view-mode-media_expanded\u0022 class=\u0022use-ajax\u0022\u003E\u2191\u003C\/a\u003E\u003C\/li\u003E\u003C\/ul\u003E\u003C\/div\u003E\n      \n  \n    \u003C\/div\u003E\n\n\n  \u003C\/div\u003E\n\n  \u003Cdiv class=\u0022area-info group-middle\u0022\u003E\n    \n\u003Cdiv  class=\u0022inner\u0022\u003E\n          \n                          \u003Ch2  class=\u0022titulo\u0022 \u003E\n        Otorga UABC 78 plazas a docentes \n\u003C\/h2\u003E\n      \n  \n\n    \n                          \u003Cdiv  class=\u0022resumen\u0022 \u003E\n      Acad\u00e9micos de los campus Ensenada, Mexicali y Tijuana recibieron definitividades e interinatos. \u003C\/div\u003E\n      \n  \n\n\n\u003Cdiv  class=\u0022datos\u0022\u003E\n            \u003Cdiv  class=\u0022campus\u0022\u003E\n            \u003Cdiv  class=\u0022field-label-inline\u0022\u003ECampus\u003C\/div\u003E\n  \n                  \u003Ca href=\u0022\/~gacetaua\/campus\/mexicali\u0022 hreflang=\u0022es\u0022\u003EMexicali\u003C\/a\u003E\n      \n  \n    \u003C\/div\u003E\n\n    \n                          \u003Cdiv  class=\u0022fecha\u0022 \u003E\n      22 de Enero de 2020\u003C\/div\u003E\n      \n  \n\n\n  \u003C\/div\u003E\n    \n                          \u003Cdiv  class=\u0022texto\u0022 \u003E\n      \u003Cp\u003EUn total de 78 docentes de la Universidad Aut\u00f3noma de Baja California (UABC), recibieron una plaza acad\u00e9mica, resultado de los Concursos de Oposici\u00f3n y M\u00e9ritos 2019-2, los cuales son evaluaciones colegiadas en las que se aprecia la capacidad, preparaci\u00f3n y conocimiento de los candidatos en competencias pedag\u00f3gicas.\u00a0\u003C\/p\u003E\n\n\u003Cp\u003ESe entregaron 13 plazas definitivas, de las cuales 2 corresponden a docentes de Ensenada, 9 de Mexicali y 2 de Tijuana. Adem\u00e1s, se asignaron 65 plazas interinas, 20 para Ensenada, 23 para Mexicali y 22 para Tijuana.\u00a0\u003C\/p\u003E\n\n\u003Cp\u003EEn la ceremonia de entrega de las plazas, el doctor Edgar Ismael Alarc\u00f3n Meza, secretario general de la UABC, en representaci\u00f3n del rector, doctor Daniel Octavio Valdez Delgadillo, mencion\u00f3 que esta celebraci\u00f3n es relevante ya que significa\u00a0certidumbre laboral para los acad\u00e9micos, fomentando y fortalecimiento el sentido de pertenencia a la universidad.\u00a0\u003C\/p\u003E\n\n\u003Cp\u003E\u201cLa instituci\u00f3n premia el compromiso y entrega de distinguidos cimarrones que dedican su tiempo y vida a la construcci\u00f3n de una sociedad mejor, a trav\u00e9s de la educaci\u00f3n superior y la generaci\u00f3n del conocimiento. Tambi\u00e9n brinda la oportunidad de refrendar el compromiso de la UABC con la evaluaci\u00f3n colegiada con equidad y transparencia\u201d, indic\u00f3 el doctor Alarc\u00f3n Meza.\u003C\/p\u003E\n\n\u003Cp\u003EDestac\u00f3 que con la entrega de plazas, los acad\u00e9micos se han ganado el derecho de pertenecer a una de las mejores universidades de M\u00e9xico, que tiene un fuerte compromiso social, que es referente nacional en muchos \u00e1mbitos de la vida universitaria. \u201cSi\u00e9ntanse muy orgullosos de este logro\u201d, puntualiz\u00f3.\u003C\/p\u003E\n\n\u003Cp\u003EPor su parte, el profesor Francisco Javier M\u00e1rquez Cortez, Secretario General del Sindicato de Profesores Superaci\u00f3n Universitaria (SPSU) felicit\u00f3 a los docentes que recibieron una plaza, quienes\u00a0cumplieron con todos y cada uno de los reglamentos que indica el estatuto del personal acad\u00e9mico.\u003C\/p\u003E\n\n\u003Cp\u003E\u201cEstamos seguros que se hicieron bien los trabajos y que merecidamente se encuentran ustedes aqu\u00ed\u201d. Asimismo, agradeci\u00f3 a las autoridades universitarias que a pesar de las vicisitudes en las que se encuentra la universidad, los acad\u00e9micos han recibido su salario y sus prestaciones como se debe.\u003C\/p\u003E\n\n\u003Cp\u003EComo representante de las Academias particip\u00f3 la doctora Dora Luz Flores Guti\u00e9rrez, quien\u00a0agradeci\u00f3 por la distinci\u00f3n que les otorgan a esta labor tan loable como lo es la educaci\u00f3n universitaria. \u201cEste logro representa el esfuerzo de toda una trayectoria y merece el reconocimiento que el d\u00eda de hoy la universidad les otorga\u201d.\u003C\/p\u003E\n\n\u003Cp\u003ELos invit\u00f3 a seguir participando de manera activa y continua ya que a trav\u00e9s de su contribuci\u00f3n en la formaci\u00f3n de profesionistas de alto nivel, se retribuye a la sociedad y se logran mejores condiciones de vida para todos.\u003C\/p\u003E\n\n\u003Cp\u003EEn la ceremonia tambi\u00e9n conformaron el pres\u00eddium el doctor Salvador Ponce Ceballos, coordinador general de Formaci\u00f3n Profesional; doctora M\u00f3nica Lacavex Berumen, vicerrectora Campus Ensenada; doctora\u00a0Gisela Montero Alp\u00edrez,\u003Cstrong\u003E\u00a0\u003C\/strong\u003Evicerrectora del Campus Mexicali; y la maestra Edith Montiel Ayala, vicerrectora del Campus Tijuana.\u00a0 \u00a0\u00a0\u003C\/p\u003E\u003C\/div\u003E\n      \n  \n\n    \n            \u003Cdiv  class=\u0022palabras-clave\u0022\u003E\n                        \u003Ca href=\u0022\/~gacetaua\/tags\/personal-docente\u0022 hreflang=\u0022es\u0022\u003Epersonal docente\u003C\/a\u003E\n                \u003Ca href=\u0022\/~gacetaua\/tags\/plazas\u0022 hreflang=\u0022es\u0022\u003EPlazas\u003C\/a\u003E\n                \u003Ca href=\u0022\/~gacetaua\/tags\/ceremonia\u0022 hreflang=\u0022es\u0022\u003ECeremonia\u003C\/a\u003E\n      \n      \u003C\/div\u003E\n  \n\n\n  \u003C\/div\u003E\n\n  \u003C\/div\u003E\n\n  \u003Cdiv class=\u0022area-extras group-right\u0022\u003E\n        \n                          \u003Cdiv  class=\u0022enlace-blockBottom\u0022 \u003E\n      \u003Cdiv\u003EVer m\u00e1s \u003Ca href=\u0022http:\/\/gaceta.uabc.mx\/notas\u0022\u003ENotas\u003C\/a\u003E\u003C\/div\u003E\n\u003C\/div\u003E\n      \n  \n\n\n  \u003C\/div\u003E\n\n\u003C\/div\u003E\n\n","settings":null}]