[{"command":"settings","settings":{"pluralDelimiter":"\u0003","suppressDeprecationErrors":true,"ajaxPageState":{"libraries":"core\/drupal.ajax,core\/picturefill,ds\/ds_3col_equal_width","theme":"gaceta","theme_token":null},"ajaxTrustedUrl":[],"field_group":{"html_element":{"mode":"media_expanded","context":"view","settings":{"classes":"datos","show_empty_fields":false,"id":"","element":"div","show_label":false,"label_element":"h3","label_element_classes":"","attributes":"","effect":"none","speed":"fast"}}},"user":{"uid":0,"permissionsHash":"55dc977d165ab1e05e51b6cc6487f6d73e65ab536d99ee82c6990d9001d5c21c"}},"merge":true},{"command":"add_css","data":"\u003Clink rel=\u0022stylesheet\u0022 media=\u0022all\u0022 href=\u0022\/~gacetaua\/sites\/default\/files\/css\/css_mxJrjoKKAZuuB4_4f-B1u9VnFZxvSor3Az4JEdrFEso.css\u0022 \/\u003E\n\u003Clink rel=\u0022stylesheet\u0022 media=\u0022all\u0022 href=\u0022\/~gacetaua\/sites\/default\/files\/css\/css_-BXSGQpS8YTwwuXGbPoshUvZ7W-_HbYR3H7d0DA_mEY.css\u0022 \/\u003E\n\u003Clink rel=\u0022stylesheet\u0022 media=\u0022all\u0022 href=\u0022\/~gacetaua\/sites\/default\/files\/css\/css_89YreTu0npezhXSakRJR9TVHyBS9bTcyt0s3IckAe-M.css\u0022 \/\u003E\n"},{"command":"add_js","selector":"body","data":[{"src":"\/~gacetaua\/sites\/default\/files\/js\/js_9UaAhXvc9u0KYXXUw-OKyLP2baQxdV4zY3Y_KGurcvY.js"},{"src":"\/~gacetaua\/sites\/default\/files\/js\/js_oDJxUBLBzfRb_FDgNfkNOm9-tiatS2kNfxQIeVRZA7Y.js"},{"src":"\/~gacetaua\/sites\/default\/files\/js\/js_YM82KRuzNIr2X-Kb8pQW8cOcSbWgQ_QGKclTYJ_aMlI.js"},{"src":"\/~gacetaua\/sites\/default\/files\/js\/js_pqqsPPmPmxKgamY6qk_WSawtL05XH_yAY8GkPHVyahI.js"}]},{"command":"insert","method":"replaceWith","selector":".view-mode-full","data":"\u003Cdiv data-history-node-id=\u00221594\u0022 class=\u0022contenido view-mode-media_expanded ds-3col-equal clearfix\u0022\u003E\n\n  \n\n  \u003Cdiv class=\u0022area-medios group-left\u0022\u003E\n        \n                          \u003Cdiv  class=\u0022imagen\u0022 \u003E\n          \u003Cpicture\u003E\n                  \u003Csource srcset=\u0022\/~gacetaua\/sites\/default\/files\/styles\/max_650x650\/public\/2017-09\/Proyectan%20ciclov%C3%ADa%20en%20Mexicali.webp?itok=jee7JWZN 650w, \/~gacetaua\/sites\/default\/files\/styles\/max_1300x1300\/public\/2017-09\/Proyectan%20ciclov%C3%ADa%20en%20Mexicali.webp?itok=JrY8lmZs 1300w, \/~gacetaua\/sites\/default\/files\/styles\/max_1900x1900\/public\/2017-09\/Proyectan%20ciclov%C3%ADa%20en%20Mexicali.webp?itok=AD1yig9t 1900w\u0022 type=\u0022image\/webp\u0022 sizes=\u0022100vw\u0022\/\u003E\n              \u003Csource srcset=\u0022\/~gacetaua\/sites\/default\/files\/styles\/max_650x650\/public\/2017-09\/Proyectan%20ciclov%C3%ADa%20en%20Mexicali.jpg?itok=jee7JWZN 650w, \/~gacetaua\/sites\/default\/files\/styles\/max_1300x1300\/public\/2017-09\/Proyectan%20ciclov%C3%ADa%20en%20Mexicali.jpg?itok=JrY8lmZs 1300w, \/~gacetaua\/sites\/default\/files\/styles\/max_1900x1900\/public\/2017-09\/Proyectan%20ciclov%C3%ADa%20en%20Mexicali.jpg?itok=AD1yig9t 1900w\u0022 type=\u0022image\/jpeg\u0022 sizes=\u0022100vw\u0022\/\u003E\n                  \u003Cimg srcset=\u0022\/~gacetaua\/sites\/default\/files\/styles\/max_650x650\/public\/2017-09\/Proyectan%20ciclov%C3%ADa%20en%20Mexicali.jpg?itok=jee7JWZN 650w, \/~gacetaua\/sites\/default\/files\/styles\/max_1300x1300\/public\/2017-09\/Proyectan%20ciclov%C3%ADa%20en%20Mexicali.jpg?itok=JrY8lmZs 1300w, \/~gacetaua\/sites\/default\/files\/styles\/max_1900x1900\/public\/2017-09\/Proyectan%20ciclov%C3%ADa%20en%20Mexicali.jpg?itok=AD1yig9t 1900w\u0022 sizes=\u0022100vw\u0022 src=\u0022\/~gacetaua\/sites\/default\/files\/styles\/max_1300x1300\/public\/2017-09\/Proyectan%20ciclov%C3%ADa%20en%20Mexicali.jpg?itok=JrY8lmZs\u0022 alt=\u0022Proyecto_Ciclov\u00eda_Issstecali_Salud_Bicicleta_Contaminaci\u00f3n_Medio Ambiente\u0022 typeof=\u0022foaf:Image\u0022 class=\u0022img-fluid\u0022 \/\u003E\n\n  \u003C\/picture\u003E\n\n\u003C\/div\u003E\n      \n  \n\n      \u003Cdiv  class=\u0022boton-expander\u0022\u003E\n        \n                  \u003Cdiv class=\u0022item-list\u0022\u003E\u003Cul\u003E\u003Cli\u003E\u003Ca href=\u0022\/~gacetaua\/ds-switch-view-mode\/node\/1594\/media_collapsed?selector=view-mode-media_expanded\u0022 class=\u0022use-ajax\u0022\u003E\u2191\u003C\/a\u003E\u003C\/li\u003E\u003C\/ul\u003E\u003C\/div\u003E\n      \n  \n    \u003C\/div\u003E\n\n\n  \u003C\/div\u003E\n\n  \u003Cdiv class=\u0022area-info group-middle\u0022\u003E\n    \n\u003Cdiv  class=\u0022inner\u0022\u003E\n          \n                          \u003Ch2  class=\u0022titulo\u0022 \u003E\n        Proyectan ciclov\u00eda en Mexicali\n\u003C\/h2\u003E\n      \n  \n\n    \n                          \u003Cdiv  class=\u0022resumen\u0022 \u003E\n      UABC e Issstecali acuerdan darle seguimiento al proyecto.\u003C\/div\u003E\n      \n  \n\n\n\u003Cdiv  class=\u0022datos\u0022\u003E\n            \u003Cdiv  class=\u0022autor\u0022\u003E\n            \u003Cdiv  class=\u0022field-label-inline\u0022\u003EPor\u003C\/div\u003E\n  \n                  \u003Ca href=\u0022\/~gacetaua\/autores\/norma-angelica-gomez-bravo\u0022 hreflang=\u0022es\u0022\u003ENorma Ang\u00e9lica G\u00f3mez Bravo\u003C\/a\u003E\n      \n  \n    \u003C\/div\u003E\n\n      \u003Cdiv  class=\u0022campus\u0022\u003E\n            \u003Cdiv  class=\u0022field-label-inline\u0022\u003ECampus\u003C\/div\u003E\n  \n                  \u003Ca href=\u0022\/~gacetaua\/campus\/mexicali\u0022 hreflang=\u0022es\u0022\u003EMexicali\u003C\/a\u003E\n      \n  \n    \u003C\/div\u003E\n\n    \n                          \u003Cdiv  class=\u0022fecha\u0022 \u003E\n      7 de Septiembre de 2017\u003C\/div\u003E\n      \n  \n\n\n  \u003C\/div\u003E\n    \n                          \u003Cdiv  class=\u0022texto\u0022 \u003E\n      \u003Cp\u003ECon el fin de abordar la posibilidad de trazar una ciclov\u00eda en Mexicali, el doctor Juan Manuel Ocegueda Hern\u00e1ndez, Rector de la UABC y el doctor Javier Meza L\u00f3pez, Director General de Issstecali, sostuvieron una reuni\u00f3n en la que acordaron darle seguimiento a este proyecto con la participaci\u00f3n de universitarios expertos en el tema de planeaci\u00f3n urbana, as\u00ed como personal del Ayuntamiento de este municipio para evaluar su construcci\u00f3n, anteponiendo la seguridad de los ciclistas.\u003C\/p\u003E\n\n\u003Cp\u003EDestacaron que el uso de la bicicleta conlleva grandes beneficios como prevenir y contrarrestar la obesidad y otros problemas de salud; bajan los niveles de contaminaci\u00f3n del aire, adem\u00e1s de que genera econom\u00eda en el hogar al evitar el gasto en autom\u00f3vil y gasolina.\u003C\/p\u003E\n\n\u003Cp\u003EA la reuni\u00f3n tambi\u00e9n asistieron las licenciadas Perla Susana Salm\u00f3n Espinosa y Cristina Denisse Vega Monasterio, Coordinadora de Comunicaci\u00f3n Social y Secretaria Particular del Director General, respectivamente, as\u00ed como el doctor Hugo Edgardo M\u00e9ndez Fierros, Secretario de Rector\u00eda e Imagen Institucional de la UABC.\u003C\/p\u003E\u003C\/div\u003E\n      \n  \n\n    \n            \u003Cdiv  class=\u0022palabras-clave\u0022\u003E\n                        \u003Ca href=\u0022\/~gacetaua\/tags\/proyecto\u0022 hreflang=\u0022es\u0022\u003EProyecto\u003C\/a\u003E\n                \u003Ca href=\u0022\/~gacetaua\/tags\/ciclovia\u0022 hreflang=\u0022es\u0022\u003ECiclov\u00eda\u003C\/a\u003E\n                \u003Ca href=\u0022\/~gacetaua\/tags\/issstecali\u0022 hreflang=\u0022es\u0022\u003EIssstecali\u003C\/a\u003E\n                \u003Ca href=\u0022\/~gacetaua\/tags\/salud\u0022 hreflang=\u0022es\u0022\u003ESalud\u003C\/a\u003E\n                \u003Ca href=\u0022\/~gacetaua\/tags\/bicicleta\u0022 hreflang=\u0022es\u0022\u003EBicicleta\u003C\/a\u003E\n                \u003Ca href=\u0022\/~gacetaua\/tags\/contaminacion\u0022 hreflang=\u0022es\u0022\u003EContaminaci\u00f3n\u003C\/a\u003E\n                \u003Ca href=\u0022\/~gacetaua\/tags\/medio-ambiente\u0022 hreflang=\u0022es\u0022\u003EMedio ambiente\u003C\/a\u003E\n      \n      \u003C\/div\u003E\n  \n\n\n  \u003C\/div\u003E\n\n  \u003C\/div\u003E\n\n  \u003Cdiv class=\u0022area-extras group-right\u0022\u003E\n        \n                          \u003Cdiv  class=\u0022enlace-blockBottom\u0022 \u003E\n      \u003Cdiv\u003EVer m\u00e1s \u003Ca href=\u0022http:\/\/gaceta.uabc.mx\/notas\u0022\u003ENotas\u003C\/a\u003E\u003C\/div\u003E\n\u003C\/div\u003E\n      \n  \n\n\n  \u003C\/div\u003E\n\n\u003C\/div\u003E\n\n","settings":null}]