[{"command":"settings","settings":{"pluralDelimiter":"\u0003","suppressDeprecationErrors":true,"ajaxPageState":{"libraries":"core\/drupal.ajax,core\/picturefill,ds\/ds_3col_equal_width","theme":"gaceta","theme_token":null},"ajaxTrustedUrl":[],"field_group":{"html_element":{"mode":"media_expanded","context":"view","settings":{"classes":"datos","show_empty_fields":false,"id":"","element":"div","show_label":false,"label_element":"h3","label_element_classes":"","attributes":"","effect":"none","speed":"fast"}}},"user":{"uid":0,"permissionsHash":"55dc977d165ab1e05e51b6cc6487f6d73e65ab536d99ee82c6990d9001d5c21c"}},"merge":true},{"command":"add_css","data":"\u003Clink rel=\u0022stylesheet\u0022 media=\u0022all\u0022 href=\u0022\/~gacetaua\/sites\/default\/files\/css\/css_mxJrjoKKAZuuB4_4f-B1u9VnFZxvSor3Az4JEdrFEso.css\u0022 \/\u003E\n\u003Clink rel=\u0022stylesheet\u0022 media=\u0022all\u0022 href=\u0022\/~gacetaua\/sites\/default\/files\/css\/css_-BXSGQpS8YTwwuXGbPoshUvZ7W-_HbYR3H7d0DA_mEY.css\u0022 \/\u003E\n\u003Clink rel=\u0022stylesheet\u0022 media=\u0022all\u0022 href=\u0022\/~gacetaua\/sites\/default\/files\/css\/css_89YreTu0npezhXSakRJR9TVHyBS9bTcyt0s3IckAe-M.css\u0022 \/\u003E\n"},{"command":"add_js","selector":"body","data":[{"src":"\/~gacetaua\/sites\/default\/files\/js\/js_9UaAhXvc9u0KYXXUw-OKyLP2baQxdV4zY3Y_KGurcvY.js"},{"src":"\/~gacetaua\/sites\/default\/files\/js\/js_oDJxUBLBzfRb_FDgNfkNOm9-tiatS2kNfxQIeVRZA7Y.js"},{"src":"\/~gacetaua\/sites\/default\/files\/js\/js_YM82KRuzNIr2X-Kb8pQW8cOcSbWgQ_QGKclTYJ_aMlI.js"},{"src":"\/~gacetaua\/sites\/default\/files\/js\/js_pqqsPPmPmxKgamY6qk_WSawtL05XH_yAY8GkPHVyahI.js"}]},{"command":"insert","method":"replaceWith","selector":".view-mode-full","data":"\u003Cdiv data-history-node-id=\u002216497\u0022 class=\u0022contenido view-mode-media_expanded ds-3col-equal clearfix\u0022\u003E\n\n  \n\n  \u003Cdiv class=\u0022area-medios group-left\u0022\u003E\n        \n                          \u003Cdiv  class=\u0022imagen\u0022 \u003E\n          \u003Cpicture\u003E\n                  \u003Csource srcset=\u0022\/~gacetaua\/sites\/default\/files\/styles\/max_650x650\/public\/2020-10\/0170.webp?itok=sIvaH6ZB 650w, \/~gacetaua\/sites\/default\/files\/styles\/max_1300x1300\/public\/2020-10\/0170.webp?itok=VoaXxXIU 1300w, \/~gacetaua\/sites\/default\/files\/styles\/max_1900x1900\/public\/2020-10\/0170.webp?itok=5Zeuk_ZC 1900w\u0022 type=\u0022image\/webp\u0022 sizes=\u0022100vw\u0022\/\u003E\n              \u003Csource srcset=\u0022\/~gacetaua\/sites\/default\/files\/styles\/max_650x650\/public\/2020-10\/0170.PNG?itok=sIvaH6ZB 650w, \/~gacetaua\/sites\/default\/files\/styles\/max_1300x1300\/public\/2020-10\/0170.PNG?itok=VoaXxXIU 1300w, \/~gacetaua\/sites\/default\/files\/styles\/max_1900x1900\/public\/2020-10\/0170.PNG?itok=5Zeuk_ZC 1900w\u0022 type=\u0022image\/png\u0022 sizes=\u0022100vw\u0022\/\u003E\n                  \u003Cimg srcset=\u0022\/~gacetaua\/sites\/default\/files\/styles\/max_650x650\/public\/2020-10\/0170.PNG?itok=sIvaH6ZB 650w, \/~gacetaua\/sites\/default\/files\/styles\/max_1300x1300\/public\/2020-10\/0170.PNG?itok=VoaXxXIU 1300w, \/~gacetaua\/sites\/default\/files\/styles\/max_1900x1900\/public\/2020-10\/0170.PNG?itok=5Zeuk_ZC 1900w\u0022 sizes=\u0022100vw\u0022 src=\u0022\/~gacetaua\/sites\/default\/files\/styles\/max_1300x1300\/public\/2020-10\/0170.PNG?itok=VoaXxXIU\u0022 alt=\u0022\u0022 typeof=\u0022foaf:Image\u0022 class=\u0022img-fluid\u0022 \/\u003E\n\n  \u003C\/picture\u003E\n\n\u003C\/div\u003E\n      \n  \n\n      \u003Cdiv  class=\u0022boton-expander\u0022\u003E\n        \n                  \u003Cdiv class=\u0022item-list\u0022\u003E\u003Cul\u003E\u003Cli\u003E\u003Ca href=\u0022\/~gacetaua\/ds-switch-view-mode\/node\/16497\/media_collapsed?selector=view-mode-media_expanded\u0022 class=\u0022use-ajax\u0022\u003E\u2191\u003C\/a\u003E\u003C\/li\u003E\u003C\/ul\u003E\u003C\/div\u003E\n      \n  \n    \u003C\/div\u003E\n\n\n  \u003C\/div\u003E\n\n  \u003Cdiv class=\u0022area-info group-middle\u0022\u003E\n    \n\u003Cdiv  class=\u0022inner\u0022\u003E\n          \n                          \u003Ch2  class=\u0022titulo\u0022 \u003E\n        Efect\u00faan taller sobre funciones ejecutivas\n\u003C\/h2\u003E\n      \n  \n\n    \n                          \u003Cdiv  class=\u0022resumen\u0022 \u003E\n      Forma parte del programa de la Semana del Cerebro\u003Cbr \/\u003E\r\n\u003C\/div\u003E\n      \n  \n\n\n\u003Cdiv  class=\u0022datos\u0022\u003E\n            \u003Cdiv  class=\u0022autor\u0022\u003E\n            \u003Cdiv  class=\u0022field-label-inline\u0022\u003EPor\u003C\/div\u003E\n  \n                  \u003Ca href=\u0022\/~gacetaua\/autores\/elidia-yadira-delgado-guzman\u0022 hreflang=\u0022es\u0022\u003EElidia Yadira Delgado Guzm\u00e1n\u003C\/a\u003E\n      \n  \n    \u003C\/div\u003E\n\n      \u003Cdiv  class=\u0022campus\u0022\u003E\n            \u003Cdiv  class=\u0022field-label-inline\u0022\u003ECampus\u003C\/div\u003E\n  \n                  \u003Ca href=\u0022\/~gacetaua\/campus\/tijuana\u0022 hreflang=\u0022es\u0022\u003ETijuana\u003C\/a\u003E\n      \n  \n    \u003C\/div\u003E\n\n    \n                          \u003Cdiv  class=\u0022fecha\u0022 \u003E\n      9 de Octubre de 2020\u003C\/div\u003E\n      \n  \n\n\n  \u003C\/div\u003E\n    \n                          \u003Cdiv  class=\u0022texto\u0022 \u003E\n      \u003Cp\u003ELa Facultad de Medicina y Psicolog\u00eda (FMyP) present\u00f3, de forma virtual a trav\u00e9s de la plataforma Zoom, el taller Funciones Ejecutivas, en el marco de la Semana del Cerebro. La actividad estuvo limitada a 40 participantes.\u003C\/p\u003E\n\n\u003Cp\u003EEl taller estuvo a cargo de la maestra H\u00e9vila G\u00f3nzalez Casta\u00f1eda, docente de la FMyP, quien, adem\u00e1s de ofrecer datos relevantes, implement\u00f3 din\u00e1micas en las que hizo part\u00edcipes a los alumnos presentes en la transmisi\u00f3n.\u003C\/p\u003E\n\n\u003Cp\u003ELa maestra Gonz\u00e1lez Casta\u00f1eda coment\u00f3: \u201cEl automonitoreo es clave en el ser humano; el que nosotros podamos estar constantemente checando si nuestro plan de acci\u00f3n nos est\u00e1 llevando en la direcci\u00f3n correcta, es importante. Y esto, al ser un constructo multidimensional, implica que su evaluaci\u00f3n va tomar en cuenta, la flexibilidad mental, la fluencia verbal, la planificaci\u00f3n, la memoria de trabajo y el control inhibitorio, aqu\u00ed es donde la evaluaci\u00f3n cl\u00ednica va tomando forma\u201d.\u003C\/p\u003E\n\n\u003Cp\u003ELa experta expuso que los seres humanos tienen la capacidad de manipular estrategias para adaptarse a las circunstancias novedosas que el medio ambiente le presenta. \u201cEn la vida cotidiana lo hacemos todo el tiempo, como cuando vamos manejando y vemos que est\u00e1 cerrada una avenida principal por la que siempre viajamos y entonces debemos de tomar otra ruta, explic\u00f3.\u00a0\u003C\/p\u003E\n\n\u003Cp\u003EAsimismo, se realiz\u00f3 una din\u00e1mica virtual en la que particip\u00f3 el p\u00fablico, en la cual la maestra H\u00e9vila G\u00f3nzalez mostraba cartas con objetos y realizaba preguntas de elecci\u00f3n al participante.\u00a0 Posteriormente continu\u00f3 con la secci\u00f3n de preguntas y respuestas, en donde los participantes expresaron sus dudas sobre el tema.\u00a0\u003C\/p\u003E\n\n\u003Cp\u003EPara conocer las actividades de la Semana del Cerebro, puedes consultar la p\u00e1gina en Facebook: Divulgaci\u00f3n Cient\u00edfica.\u00a0\u00a0\u003C\/p\u003E\n\n\u003Cp\u003E\u00a0\u003C\/p\u003E\n\n\u003Cp\u003E\u003Cimg alt=\u0022Imagen eliminada.\u0022 data-entity-type=\u0022file\u0022 data-entity-uuid=\u00226425ea66-2f48-43ee-b0ad-f1785beb0d49\u0022 src=\u0022\/~gacetaua\/sites\/default\/files\/inline-images\/0167.PNG\u0022 title=\u0022Esta imagen se ha eliminado. Por razones de seguridad, s\u00f3lo se permiten im\u00e1genes de dominio local.\u0022 height=\u002216\u0022 width=\u002216\u0022 class=\u0022filter-image-invalid\u0022 \/\u003E\u003C\/p\u003E\n\n\u003Cp\u003E\u00a0\u003C\/p\u003E\n\n\u003Cp\u003E\u003Cimg alt=\u0022Imagen eliminada.\u0022 data-entity-type=\u0022file\u0022 data-entity-uuid=\u0022c43f0f16-17aa-4014-a485-c4d91f45a9a9\u0022 src=\u0022\/~gacetaua\/sites\/default\/files\/inline-images\/0165.PNG\u0022 title=\u0022Esta imagen se ha eliminado. Por razones de seguridad, s\u00f3lo se permiten im\u00e1genes de dominio local.\u0022 height=\u002216\u0022 width=\u002216\u0022 class=\u0022filter-image-invalid\u0022 \/\u003E\u003C\/p\u003E\u003C\/div\u003E\n      \n  \n\n    \n            \u003Cdiv  class=\u0022palabras-clave\u0022\u003E\n                        \u003Ca href=\u0022\/~gacetaua\/tags\/semana-del-cerebro\u0022 hreflang=\u0022es\u0022\u003ESemana del Cerebro \u003C\/a\u003E\n                \u003Ca href=\u0022\/~gacetaua\/tags\/fmp\u0022 hreflang=\u0022es\u0022\u003EFMP\u003C\/a\u003E\n      \n      \u003C\/div\u003E\n  \n\n\n  \u003C\/div\u003E\n\n  \u003C\/div\u003E\n\n  \u003Cdiv class=\u0022area-extras group-right\u0022\u003E\n        \n                          \u003Cdiv  class=\u0022enlace-blockBottom\u0022 \u003E\n      \u003Cdiv\u003EVer m\u00e1s \u003Ca href=\u0022http:\/\/gaceta.uabc.mx\/notas\u0022\u003ENotas\u003C\/a\u003E\u003C\/div\u003E\n\u003C\/div\u003E\n      \n  \n\n\n  \u003C\/div\u003E\n\n\u003C\/div\u003E\n\n","settings":null}]