[{"command":"settings","settings":{"pluralDelimiter":"\u0003","suppressDeprecationErrors":true,"ajaxPageState":{"libraries":"core\/drupal.ajax,core\/picturefill,ds\/ds_3col_equal_width","theme":"gaceta","theme_token":null},"ajaxTrustedUrl":[],"field_group":{"html_element":{"mode":"media_expanded","context":"view","settings":{"classes":"datos","show_empty_fields":false,"id":"","element":"div","show_label":false,"label_element":"h3","label_element_classes":"","attributes":"","effect":"none","speed":"fast"}}},"user":{"uid":0,"permissionsHash":"55dc977d165ab1e05e51b6cc6487f6d73e65ab536d99ee82c6990d9001d5c21c"}},"merge":true},{"command":"add_css","data":"\u003Clink rel=\u0022stylesheet\u0022 media=\u0022all\u0022 href=\u0022\/~gacetaua\/sites\/default\/files\/css\/css_mxJrjoKKAZuuB4_4f-B1u9VnFZxvSor3Az4JEdrFEso.css\u0022 \/\u003E\n\u003Clink rel=\u0022stylesheet\u0022 media=\u0022all\u0022 href=\u0022\/~gacetaua\/sites\/default\/files\/css\/css_-BXSGQpS8YTwwuXGbPoshUvZ7W-_HbYR3H7d0DA_mEY.css\u0022 \/\u003E\n\u003Clink rel=\u0022stylesheet\u0022 media=\u0022all\u0022 href=\u0022\/~gacetaua\/sites\/default\/files\/css\/css_89YreTu0npezhXSakRJR9TVHyBS9bTcyt0s3IckAe-M.css\u0022 \/\u003E\n"},{"command":"add_js","selector":"body","data":[{"src":"\/~gacetaua\/sites\/default\/files\/js\/js_9UaAhXvc9u0KYXXUw-OKyLP2baQxdV4zY3Y_KGurcvY.js"},{"src":"\/~gacetaua\/sites\/default\/files\/js\/js_oDJxUBLBzfRb_FDgNfkNOm9-tiatS2kNfxQIeVRZA7Y.js"},{"src":"\/~gacetaua\/sites\/default\/files\/js\/js_YM82KRuzNIr2X-Kb8pQW8cOcSbWgQ_QGKclTYJ_aMlI.js"},{"src":"\/~gacetaua\/sites\/default\/files\/js\/js_pqqsPPmPmxKgamY6qk_WSawtL05XH_yAY8GkPHVyahI.js"}]},{"command":"insert","method":"replaceWith","selector":".view-mode-full","data":"\u003Cdiv data-history-node-id=\u002218635\u0022 class=\u0022contenido view-mode-media_expanded ds-3col-equal clearfix\u0022\u003E\n\n  \n\n  \u003Cdiv class=\u0022area-medios group-left\u0022\u003E\n        \n                          \u003Cdiv  class=\u0022imagen\u0022 \u003E\n          \u003Cpicture\u003E\n                  \u003Csource srcset=\u0022\/~gacetaua\/sites\/default\/files\/styles\/max_650x650\/public\/2022-01\/Rector_a%202%20%281%29.webp?itok=O4h0mbk5 650w, \/~gacetaua\/sites\/default\/files\/styles\/max_1300x1300\/public\/2022-01\/Rector_a%202%20%281%29.webp?itok=c97limUn 1300w, \/~gacetaua\/sites\/default\/files\/styles\/max_1900x1900\/public\/2022-01\/Rector_a%202%20%281%29.webp?itok=QxXjgddF 1894w\u0022 type=\u0022image\/webp\u0022 sizes=\u0022100vw\u0022\/\u003E\n              \u003Csource srcset=\u0022\/~gacetaua\/sites\/default\/files\/styles\/max_650x650\/public\/2022-01\/Rector_a%202%20%281%29.jpg?itok=O4h0mbk5 650w, \/~gacetaua\/sites\/default\/files\/styles\/max_1300x1300\/public\/2022-01\/Rector_a%202%20%281%29.jpg?itok=c97limUn 1300w, \/~gacetaua\/sites\/default\/files\/styles\/max_1900x1900\/public\/2022-01\/Rector_a%202%20%281%29.jpg?itok=QxXjgddF 1894w\u0022 type=\u0022image\/jpeg\u0022 sizes=\u0022100vw\u0022\/\u003E\n                  \u003Cimg srcset=\u0022\/~gacetaua\/sites\/default\/files\/styles\/max_650x650\/public\/2022-01\/Rector_a%202%20%281%29.jpg?itok=O4h0mbk5 650w, \/~gacetaua\/sites\/default\/files\/styles\/max_1300x1300\/public\/2022-01\/Rector_a%202%20%281%29.jpg?itok=c97limUn 1300w, \/~gacetaua\/sites\/default\/files\/styles\/max_1900x1900\/public\/2022-01\/Rector_a%202%20%281%29.jpg?itok=QxXjgddF 1894w\u0022 sizes=\u0022100vw\u0022 src=\u0022\/~gacetaua\/sites\/default\/files\/styles\/max_1300x1300\/public\/2022-01\/Rector_a%202%20%281%29.jpg?itok=c97limUn\u0022 alt=\u0022\u0022 typeof=\u0022foaf:Image\u0022 class=\u0022img-fluid\u0022 \/\u003E\n\n  \u003C\/picture\u003E\n\n\u003C\/div\u003E\n      \n  \n\n      \u003Cdiv  class=\u0022boton-expander\u0022\u003E\n        \n                  \u003Cdiv class=\u0022item-list\u0022\u003E\u003Cul\u003E\u003Cli\u003E\u003Ca href=\u0022\/~gacetaua\/ds-switch-view-mode\/node\/18635\/media_collapsed?selector=view-mode-media_expanded\u0022 class=\u0022use-ajax\u0022\u003E\u2191\u003C\/a\u003E\u003C\/li\u003E\u003C\/ul\u003E\u003C\/div\u003E\n      \n  \n    \u003C\/div\u003E\n\n\n  \u003C\/div\u003E\n\n  \u003Cdiv class=\u0022area-info group-middle\u0022\u003E\n    \n\u003Cdiv  class=\u0022inner\u0022\u003E\n          \n                          \u003Ch2  class=\u0022titulo\u0022 \u003E\n        COMUNICADO\n\u003C\/h2\u003E\n      \n  \n\n\n\u003Cdiv  class=\u0022datos\u0022\u003E\n            \u003Cdiv  class=\u0022autor\u0022\u003E\n            \u003Cdiv  class=\u0022field-label-inline\u0022\u003EPor\u003C\/div\u003E\n  \n                  \u003Ca href=\u0022\/~gacetaua\/autores\/uabc\u0022 hreflang=\u0022es\u0022\u003EUABC\u003C\/a\u003E\n      \n  \n    \u003C\/div\u003E\n\n      \u003Cdiv  class=\u0022campus\u0022\u003E\n            \u003Cdiv  class=\u0022field-label-inline\u0022\u003ECampus\u003C\/div\u003E\n  \n                  \u003Ca href=\u0022\/~gacetaua\/campus\/uabc\u0022 hreflang=\u0022es\u0022\u003EUABC\u003C\/a\u003E\n      \n  \n    \u003C\/div\u003E\n\n    \n                          \u003Cdiv  class=\u0022fecha\u0022 \u003E\n      20 de Enero de 2022\u003C\/div\u003E\n      \n  \n\n\n  \u003C\/div\u003E\n    \n                          \u003Cdiv  class=\u0022texto\u0022 \u003E\n      \u003Cp\u003E\u003Cstrong\u003EComunidad cimarrona:\u003C\/strong\u003E\u003C\/p\u003E\n\n\u003Cp\u003ESi bien no podemos negar el entorno incierto que ha acompa\u00f1ado a la pandemia por covid-19, hay que recordar que en la UABC tenemos clara la misi\u00f3n de proveer educaci\u00f3n de calidad, realizar investigaci\u00f3n y extender los beneficios de la cultura y la ciencia; y a pesar de la contingencia sanitaria, no nos hemos detenido.\u003C\/p\u003E\n\n\u003Cp\u003ETampoco hemos olvidado nuestro compromiso de responsabilidad social universitaria, y evidencia de ello es el gran esfuerzo que hicimos para poner en marcha el hospital m\u00f3vil que actualmente sigue atendiendo casos covid, as\u00ed como la realizaci\u00f3n de m\u00e1s de 24 mil pruebas PCR totalmente gratuitas, entre otras acciones que han beneficiado a la comunidad.\u003C\/p\u003E\n\n\u003Cp\u003EReconocemos tambi\u00e9n que los efectos de la pandemia van m\u00e1s all\u00e1 de la salud, e impactan la econom\u00eda de miles de familias bajacalifornianas.\u003C\/p\u003E\n\n\u003Cp\u003EPor eso, en la UABC se han otorgado m\u00e1s de\u00a055 mil\u00a0becas en diversas modalidades, garantizando que nadie se quede sin estudiar por falta de recursos econ\u00f3micos. Junto con ello, la solidaridad universitaria ha sido fortalecida con una intensa campa\u00f1a desde la Fundaci\u00f3n UABC, que ha entregado equipos de c\u00f3mputo con paquete de datos a quienes no contaban con los medios para tomar clases en l\u00ednea.\u003C\/p\u003E\n\n\u003Cp\u003EEn conjunto, hemos aprendido a convivir en la virtualidad, interactuando a trav\u00e9s de una pantalla, lo cual nos ha permitido que, a casi dos a\u00f1os de la declaratoria de emergencia sanitaria, nuestras actividades sustantivas se sigan realizando, siempre con el prop\u00f3sito de hacerlo con empat\u00eda, calidez y rostro humano.\u003C\/p\u003E\n\n\u003Cp\u003EEsta tit\u00e1nica labor ha sido posible con el apoyo del personal administrativo y de servicios que siempre da lo mejor de s\u00ed por la universidad de los bajacalifornianos; gracias al profesorado y su voluntad de reinventarse, al cambiar el pizarr\u00f3n por un aula virtual; y a la resiliencia de las y los m\u00e1s de 68 mil estudiantes que conforman el alumnado de la UABC, que quieren seguir aprendiendo.\u003C\/p\u003E\n\n\u003Cp\u003EEsas cualidades de las y los universitarios son elementos que nos dan confianza para seguir trabajando y adapt\u00e1ndonos a las cambiantes circunstancias. Con esa confianza, puedo decir que gracias a la participaci\u00f3n de la comunidad cimarrona en las encuestas que se han realizado, les informo que el 98.2% del total del personal que labora en la UABC y el 95.4% de las y los alumnos se encuentran vacunados.\u003C\/p\u003E\n\n\u003Cp\u003EAprovecho para comentar que en d\u00edas pasados nuestra gobernadora anunci\u00f3 una importante campa\u00f1a permanente de vacunaci\u00f3n en diversos puntos estrat\u00e9gicos, como respuesta al alza de casos activos que se han registrado en d\u00edas recientes, por lo que encarecidamente les pido que acudan a este llamado quienes a\u00fan no se han vacunado; sobre todo, con la alta transmisibilidad que presenta esta nueva variante que ha golpeado a Baja California.\u003C\/p\u003E\n\n\u003Cp\u003ESobre el c\u00f3mo regresaremos a las aulas, tenemos la experiencia del semestre pasado, cuando iniciamos en modalidad semipresencial y comenzamos con el retorno escalonado llegando a un 29.4% de alumnos en modalidad presencial.\u00a0\u003C\/p\u003E\n\n\u003Cp\u003EEsto lo hicimos seg\u00fan lo permitieran las condiciones y particularidades de las diversas unidades acad\u00e9micas y con base en un esquema de vigilancia y monitoreo permanente, haciendo pruebas aleatorias PCR para la detecci\u00f3n del virus SARS-Cov2, con el uso de la aplicaci\u00f3n Cimapass, y detectando oportunamente los casos positivos, por lo que en ning\u00fan momento ese retorno a clases fue una fuente de contagio dentro de la universidad.\u003C\/p\u003E\n\n\u003Cp\u003ECon esa experiencia de monitoreo, escalonamiento, distribuci\u00f3n de espacios y filtros de acceso, tenemos claro c\u00f3mo hacer un retorno semipresencial.\u003C\/p\u003E\n\n\u003Cp\u003EDados los resultados de la transici\u00f3n del semestre pasado, se ha determinado que el inicio de cursos 2022-1, programado para el pr\u00f3ximo 31 de enero, ser\u00e1 en las mismas condiciones en las cuales se concluy\u00f3 el semestre anterior, en modalidad\u00a0semipresencial, mientras que, al mismo tiempo, se inicia con un proceso de incorporaci\u00f3n paulatina a la actividad presencial que logre alcanzar la asistencia del 100% del alumnado\u00a0a los espacios universitarios para el d\u00eda 7 de marzo de 2022.\u003C\/p\u003E\n\n\u003Cp\u003EReitero que cada facultad o instituto, dentro del margen de las caracter\u00edsticas propias de su comunidad, se encargar\u00e1 de elaborar y ejecutar el plan de regreso que permita alcanzar este objetivo.\u003C\/p\u003E\n\n\u003Cp\u003ETengan la certeza de que las autoridades universitarias, en conjunto con un grupo de especialistas del \u00e1rea de la salud, continuaremos monitoreando de manera permanente el comportamiento epidemiol\u00f3gico de la pandemia en la entidad. Si se considera necesario, en consonancia con el Plan de Continuidad Acad\u00e9mica, regresar\u00edamos a la actividad de manera no presencial, siguiendo las recomendaciones emitidas por las autoridades estatales correspondientes.\u003C\/p\u003E\n\n\u003Cp\u003ESeguimos luchando contra una pandemia que no ha dado tregua, hemos sido tremendamente afectados con la sensible p\u00e9rdida de seres queridos, familiares, amigos y compa\u00f1eros universitarios. Y si bien, no sabemos con certeza cu\u00e1ndo va a terminar, lo que s\u00ed sabemos con claridad es que est\u00e1 en nuestras manos el generar condiciones para que esta pandemia ceda y as\u00ed poder recuperar la normalidad que durante estos dos a\u00f1os nos ha sido arrebatada.\u003C\/p\u003E\n\n\u003Cp\u003EPor eso,\u00a0por el bien de todos, porque somos universitarios y ejemplo para toda la comunidad, es de suma importancia seguir usando adecuadamente el cubrebocas, acudir a los llamados aleatorios a realizarse pruebas PCR sin costo que se realizan en los laboratorios universitarios, llenar y utilizar el Cimapass, y responder las encuestas que disponga la universidad en los diversos portales y en el sitio web\u00a0\u003Ca href=\u0022http:\/\/gaceta.uabc.mx\/coronavirus\u0022\u003Egaceta.uabc.mx\/coronavirus\u003C\/a\u003E.\u003C\/p\u003E\n\n\u003Cp\u003EA nuestros 68 mil alumnas y alumnos les reitero que su dedicaci\u00f3n y esfuerzo siempre ser\u00e1n bien recompensados, y tan solo el ingresar y permanecer en sus estudios ya es motivo de reconocimiento, pues son parte de una generaci\u00f3n que no se rinde ante las dificultades.\u003C\/p\u003E\n\n\u003Cp\u003ELes doy la m\u00e1s afectuosa bienvenida a lo que ser\u00e1 el inicio del semestre 2022-1, en especial a los m\u00e1s de\u00a011 mil\u00a0nuevos cimarrones que se incorporan a la m\u00e1xima casa de estudios en el estado.\u003C\/p\u003E\n\n\u003Cp\u003ERecuerden que el cimarr\u00f3n es nuestro s\u00edmbolo, porque no importa lo dif\u00edcil del terreno y lo pesada que sea la subida, siempre busca alcanzar la cima de sus anhelos.\u003C\/p\u003E\n\n\u003Cp\u003EAtentamente\u003C\/p\u003E\n\n\u003Cp\u003E\u003Cstrong\u003EDr. Daniel Octavio Valdez Delgadillo\u003C\/strong\u003E\u003C\/p\u003E\n\n\u003Cp\u003E\u003Cstrong\u003ERector de la UABC\u003C\/strong\u003E\u003C\/p\u003E\u003C\/div\u003E\n      \n  \n\n    \n            \u003Cdiv  class=\u0022palabras-clave\u0022\u003E\n                        \u003Ca href=\u0022\/~gacetaua\/tags\/comunicado\u0022 hreflang=\u0022es\u0022\u003EComunicado\u003C\/a\u003E\n                \u003Ca href=\u0022\/~gacetaua\/tags\/coronavirus\u0022 hreflang=\u0022es\u0022\u003ECoronavirus\u003C\/a\u003E\n                \u003Ca href=\u0022\/~gacetaua\/tags\/regreso-clases\u0022 hreflang=\u0022es\u0022\u003ERegreso a clases\u003C\/a\u003E\n      \n      \u003C\/div\u003E\n  \n\n\n  \u003C\/div\u003E\n\n  \u003C\/div\u003E\n\n  \u003Cdiv class=\u0022area-extras group-right\u0022\u003E\n        \n                          \u003Cdiv  class=\u0022enlace-blockBottom\u0022 \u003E\n      \u003Cdiv\u003EVer m\u00e1s \u003Ca href=\u0022http:\/\/gaceta.uabc.mx\/notas\u0022\u003ENotas\u003C\/a\u003E\u003C\/div\u003E\n\u003C\/div\u003E\n      \n  \n\n\n  \u003C\/div\u003E\n\n\u003C\/div\u003E\n\n","settings":null}]