[{"command":"settings","settings":{"pluralDelimiter":"\u0003","suppressDeprecationErrors":true,"ajaxPageState":{"libraries":"core\/drupal.ajax,core\/picturefill,ds\/ds_3col_equal_width","theme":"gaceta","theme_token":null},"ajaxTrustedUrl":[],"field_group":{"html_element":{"mode":"media_expanded","context":"view","settings":{"classes":"datos","show_empty_fields":false,"id":"","element":"div","show_label":false,"label_element":"h3","label_element_classes":"","attributes":"","effect":"none","speed":"fast"}}},"user":{"uid":0,"permissionsHash":"55dc977d165ab1e05e51b6cc6487f6d73e65ab536d99ee82c6990d9001d5c21c"}},"merge":true},{"command":"add_css","data":"\u003Clink rel=\u0022stylesheet\u0022 media=\u0022all\u0022 href=\u0022\/~gacetaua\/sites\/default\/files\/css\/css_mxJrjoKKAZuuB4_4f-B1u9VnFZxvSor3Az4JEdrFEso.css\u0022 \/\u003E\n\u003Clink rel=\u0022stylesheet\u0022 media=\u0022all\u0022 href=\u0022\/~gacetaua\/sites\/default\/files\/css\/css_-BXSGQpS8YTwwuXGbPoshUvZ7W-_HbYR3H7d0DA_mEY.css\u0022 \/\u003E\n\u003Clink rel=\u0022stylesheet\u0022 media=\u0022all\u0022 href=\u0022\/~gacetaua\/sites\/default\/files\/css\/css_89YreTu0npezhXSakRJR9TVHyBS9bTcyt0s3IckAe-M.css\u0022 \/\u003E\n"},{"command":"add_js","selector":"body","data":[{"src":"\/~gacetaua\/sites\/default\/files\/js\/js_9UaAhXvc9u0KYXXUw-OKyLP2baQxdV4zY3Y_KGurcvY.js"},{"src":"\/~gacetaua\/sites\/default\/files\/js\/js_oDJxUBLBzfRb_FDgNfkNOm9-tiatS2kNfxQIeVRZA7Y.js"},{"src":"\/~gacetaua\/sites\/default\/files\/js\/js_YM82KRuzNIr2X-Kb8pQW8cOcSbWgQ_QGKclTYJ_aMlI.js"},{"src":"\/~gacetaua\/sites\/default\/files\/js\/js_pqqsPPmPmxKgamY6qk_WSawtL05XH_yAY8GkPHVyahI.js"}]},{"command":"insert","method":"replaceWith","selector":".view-mode-full","data":"\u003Cdiv data-history-node-id=\u002219042\u0022 class=\u0022contenido view-mode-media_expanded ds-3col-equal clearfix\u0022\u003E\n\n  \n\n  \u003Cdiv class=\u0022area-medios group-left\u0022\u003E\n        \n                          \u003Cdiv  class=\u0022imagen\u0022 \u003E\n          \u003Cpicture\u003E\n                  \u003Csource srcset=\u0022\/~gacetaua\/sites\/default\/files\/styles\/max_650x650\/public\/2022-04\/Screenshot.webp?itok=jGs6Irk2 650w, \/~gacetaua\/sites\/default\/files\/styles\/max_1300x1300\/public\/2022-04\/Screenshot.webp?itok=8sBctvSR 1300w, \/~gacetaua\/sites\/default\/files\/styles\/max_1900x1900\/public\/2022-04\/Screenshot.webp?itok=rwbNRv0q 1900w\u0022 type=\u0022image\/webp\u0022 sizes=\u0022100vw\u0022\/\u003E\n              \u003Csource srcset=\u0022\/~gacetaua\/sites\/default\/files\/styles\/max_650x650\/public\/2022-04\/Screenshot.png?itok=jGs6Irk2 650w, \/~gacetaua\/sites\/default\/files\/styles\/max_1300x1300\/public\/2022-04\/Screenshot.png?itok=8sBctvSR 1300w, \/~gacetaua\/sites\/default\/files\/styles\/max_1900x1900\/public\/2022-04\/Screenshot.png?itok=rwbNRv0q 1900w\u0022 type=\u0022image\/png\u0022 sizes=\u0022100vw\u0022\/\u003E\n                  \u003Cimg srcset=\u0022\/~gacetaua\/sites\/default\/files\/styles\/max_650x650\/public\/2022-04\/Screenshot.png?itok=jGs6Irk2 650w, \/~gacetaua\/sites\/default\/files\/styles\/max_1300x1300\/public\/2022-04\/Screenshot.png?itok=8sBctvSR 1300w, \/~gacetaua\/sites\/default\/files\/styles\/max_1900x1900\/public\/2022-04\/Screenshot.png?itok=rwbNRv0q 1900w\u0022 sizes=\u0022100vw\u0022 src=\u0022\/~gacetaua\/sites\/default\/files\/styles\/max_1300x1300\/public\/2022-04\/Screenshot.png?itok=8sBctvSR\u0022 alt=\u0022\u0022 typeof=\u0022foaf:Image\u0022 class=\u0022img-fluid\u0022 \/\u003E\n\n  \u003C\/picture\u003E\n\n\u003C\/div\u003E\n      \n  \n\n      \u003Cdiv  class=\u0022boton-expander\u0022\u003E\n        \n                  \u003Cdiv class=\u0022item-list\u0022\u003E\u003Cul\u003E\u003Cli\u003E\u003Ca href=\u0022\/~gacetaua\/ds-switch-view-mode\/node\/19042\/media_collapsed?selector=view-mode-media_expanded\u0022 class=\u0022use-ajax\u0022\u003E\u2191\u003C\/a\u003E\u003C\/li\u003E\u003C\/ul\u003E\u003C\/div\u003E\n      \n  \n    \u003C\/div\u003E\n\n\n  \u003C\/div\u003E\n\n  \u003Cdiv class=\u0022area-info group-middle\u0022\u003E\n    \n\u003Cdiv  class=\u0022inner\u0022\u003E\n          \n                          \u003Ch2  class=\u0022titulo\u0022 \u003E\n        Ofrece webinar sobre Marca Registrada\n\u003C\/h2\u003E\n      \n  \n\n    \n                          \u003Cdiv  class=\u0022resumen\u0022 \u003E\n      El pr\u00f3ximo webinar se llevar\u00e1 a cabo el pr\u00f3ximo 12 de mayo a las 10:00 horas con el tema \u0026quot;Explora el valor de tu marca: licencias, franquicias y m\u00e1s\u0026quot;\u003C\/div\u003E\n      \n  \n\n\n\u003Cdiv  class=\u0022datos\u0022\u003E\n            \u003Cdiv  class=\u0022autor\u0022\u003E\n            \u003Cdiv  class=\u0022field-label-inline\u0022\u003EPor\u003C\/div\u003E\n  \n                  \u003Ca href=\u0022\/~gacetaua\/autores\/cgvca-y-gaceta-uabc\u0022 hreflang=\u0022es\u0022\u003ECGVCA y Gaceta UABC\u003C\/a\u003E\n      \n  \n    \u003C\/div\u003E\n\n      \u003Cdiv  class=\u0022campus\u0022\u003E\n            \u003Cdiv  class=\u0022field-label-inline\u0022\u003ECampus\u003C\/div\u003E\n  \n                  \u003Ca href=\u0022\/~gacetaua\/campus\/uabc\u0022 hreflang=\u0022es\u0022\u003EUABC\u003C\/a\u003E\n      \n  \n    \u003C\/div\u003E\n\n    \n                          \u003Cdiv  class=\u0022fecha\u0022 \u003E\n      8 de Abril de 2022\u003C\/div\u003E\n      \n  \n\n\n  \u003C\/div\u003E\n    \n                          \u003Cdiv  class=\u0022texto\u0022 \u003E\n      \u003Cp\u003EEn marco de las actividades realizadas por la Coordinaci\u00f3n General de Vinculaci\u00f3n y Cooperaci\u00f3n Acad\u00e9mica (CGVCA), a trav\u00e9s de la Incubadora de Negocios Cimarrones Emprendedores en alianza con el Instituto Mexicano de la Propiedad Industrial (IMPI), el pasado 6 de abril se realiz\u00f3 el \u003Cem\u003Ewebinar \u003C\/em\u003Edenominado:\u003Cstrong\u003E\u00a0\u0022\u003C\/strong\u003EYa tengo mi marca registrada \u00bfAhora que sigue?\u0022.\u003Cstrong\u003E \u003C\/strong\u003E\u003C\/p\u003E\n\n\u003Cp\u003EFue impartido por la licenciada Rosalba Brise\u00f1o Robles, especialista en propiedad Industrial del IMPI, quien explic\u00f3 la importancia de declarar ante el Instituto el uso de la marca ya registrada.\u003C\/p\u003E\n\n\u003Cp\u003ELa licenciada Brise\u00f1o Robles explic\u00f3 de forma detallada c\u00f3mo se debe llevar a cabo el proceso de declaraci\u00f3n de uso de la marca. Indic\u00f3 que las marcas registradas con fecha del 10 de agosto del 2018 o posterior deben de cumplir con este requisito para mantener la protecci\u00f3n. Asimismo, resalt\u00f3 la importancia de cumplir en tiempo y forma de dicho requisito.\u003C\/p\u003E\n\n\u003Cp\u003EEstudiantes cimarrones de todo el estado fueron testigos de este segundo \u003Cem\u003Ewebinar \u003C\/em\u003Ede tres, que la Incubadora de Negocios Cimarrones Emprendedores y el IMPI brindan para la comunidad universitaria.\u003C\/p\u003E\n\n\u003Cp\u003EEl tercer y \u00faltimo \u003Cem\u003Ewebinar \u003C\/em\u003Esobre propiedad industrial programado para este semestre 2022-1, se llevar\u00e1 a cabo el pr\u00f3ximo 12 de mayo a las 10:00 horas con el tema \u0022Explora el valor de tu marca: licencias, franquicias y m\u00e1s\u0022.\u003C\/p\u003E\n\n\u003Cp\u003ECon este tipo de actividades e iniciativas se logra reafirmar el compromiso que tiene la UABC de seguir impulsando la importancia de la propiedad industrial y el emprendimiento en nuestra comunidad.\u003C\/p\u003E\u003C\/div\u003E\n      \n  \n\n    \n            \u003Cdiv  class=\u0022palabras-clave\u0022\u003E\n                        \u003Ca href=\u0022\/~gacetaua\/tags\/webinar\u0022 hreflang=\u0022es\u0022\u003Ewebinar\u003C\/a\u003E\n                \u003Ca href=\u0022\/~gacetaua\/tags\/emprendedores\u0022 hreflang=\u0022es\u0022\u003EEmprendedores\u003C\/a\u003E\n                \u003Ca href=\u0022\/~gacetaua\/tags\/impi\u0022 hreflang=\u0022es\u0022\u003EIMPI\u003C\/a\u003E\n      \n      \u003C\/div\u003E\n  \n\n\n  \u003C\/div\u003E\n\n  \u003C\/div\u003E\n\n  \u003Cdiv class=\u0022area-extras group-right\u0022\u003E\n        \n                          \u003Cdiv  class=\u0022enlace-blockBottom\u0022 \u003E\n      \u003Cdiv\u003EVer m\u00e1s \u003Ca href=\u0022http:\/\/gaceta.uabc.mx\/notas\u0022\u003ENotas\u003C\/a\u003E\u003C\/div\u003E\n\u003C\/div\u003E\n      \n  \n\n\n  \u003C\/div\u003E\n\n\u003C\/div\u003E\n\n","settings":null}]