[{"command":"settings","settings":{"pluralDelimiter":"\u0003","suppressDeprecationErrors":true,"ajaxPageState":{"libraries":"core\/drupal.ajax,ds\/ds_3col_equal_width","theme":"gaceta","theme_token":null},"ajaxTrustedUrl":[],"field_group":{"html_element":{"mode":"media_expanded","context":"view","settings":{"classes":"datos","show_empty_fields":false,"id":"","element":"div","show_label":false,"label_element":"h3","label_element_classes":"","attributes":"","effect":"none","speed":"fast"}}},"user":{"uid":0,"permissionsHash":"55dc977d165ab1e05e51b6cc6487f6d73e65ab536d99ee82c6990d9001d5c21c"}},"merge":true},{"command":"add_css","data":"\u003Clink rel=\u0022stylesheet\u0022 media=\u0022all\u0022 href=\u0022\/~gacetaua\/sites\/default\/files\/css\/css_mxJrjoKKAZuuB4_4f-B1u9VnFZxvSor3Az4JEdrFEso.css\u0022 \/\u003E\n\u003Clink rel=\u0022stylesheet\u0022 media=\u0022all\u0022 href=\u0022\/~gacetaua\/sites\/default\/files\/css\/css_-BXSGQpS8YTwwuXGbPoshUvZ7W-_HbYR3H7d0DA_mEY.css\u0022 \/\u003E\n\u003Clink rel=\u0022stylesheet\u0022 media=\u0022all\u0022 href=\u0022\/~gacetaua\/sites\/default\/files\/css\/css_89YreTu0npezhXSakRJR9TVHyBS9bTcyt0s3IckAe-M.css\u0022 \/\u003E\n"},{"command":"add_js","selector":"body","data":[{"src":"\/~gacetaua\/sites\/default\/files\/js\/js_9UaAhXvc9u0KYXXUw-OKyLP2baQxdV4zY3Y_KGurcvY.js"},{"src":"\/~gacetaua\/sites\/default\/files\/js\/js_oDJxUBLBzfRb_FDgNfkNOm9-tiatS2kNfxQIeVRZA7Y.js"},{"src":"\/~gacetaua\/sites\/default\/files\/js\/js_1RP4qUEvRifRPl9mYl8nA5jNqky6vVqo6nKEmFCp0ko.js"},{"src":"\/~gacetaua\/sites\/default\/files\/js\/js_JWYilEE4EQG7Dr-JhBmcQVwxs1c7FMUMbFbUcXjlSYw.js"}]},{"command":"insert","method":"replaceWith","selector":".view-mode-full","data":"\u003Cdiv data-history-node-id=\u00222078\u0022 class=\u0022contenido view-mode-media_expanded ds-3col-equal clearfix\u0022\u003E\n\n  \n\n  \u003Cdiv class=\u0022area-medios group-left\u0022\u003E\n        \n                          \u003Cdiv  class=\u0022imagen-alterna\u0022 \u003E\n        \u003Cimg loading=\u0022lazy\u0022 src=\u0022\/~gacetaua\/sites\/default\/files\/imagenes\/notas\/2017-12\/Eval%C3%BAan%20el%20programa%20educativo%20de%20M%C3%A9dico%20de%20Ecisalud.jpg\u0022 width=\u00221032\u0022 height=\u0022581\u0022 alt=\u0022Visita_Evaluaci\u00f3n_Comaem_Medicina\u0022 typeof=\u0022foaf:Image\u0022 class=\u0022img-fluid\u0022 \/\u003E\n\n\u003C\/div\u003E\n      \n  \n\n      \u003Cdiv  class=\u0022boton-expander\u0022\u003E\n        \n                  \u003Cdiv class=\u0022item-list\u0022\u003E\u003Cul\u003E\u003Cli\u003E\u003Ca href=\u0022\/~gacetaua\/ds-switch-view-mode\/node\/2078\/media_collapsed?selector=view-mode-media_expanded\u0022 class=\u0022use-ajax\u0022\u003E\u2191\u003C\/a\u003E\u003C\/li\u003E\u003C\/ul\u003E\u003C\/div\u003E\n      \n  \n    \u003C\/div\u003E\n\n\n  \u003C\/div\u003E\n\n  \u003Cdiv class=\u0022area-info group-middle\u0022\u003E\n    \n\u003Cdiv  class=\u0022inner\u0022\u003E\n          \n                          \u003Ch2  class=\u0022titulo\u0022 \u003E\n        Eval\u00faan el programa educativo de M\u00e9dico de Ecisalud\n\u003C\/h2\u003E\n      \n  \n\n    \n                          \u003Cdiv  class=\u0022resumen\u0022 \u003E\n      El Comaem es el organismo responsable de la evaluaci\u00f3n.\u003C\/div\u003E\n      \n  \n\n\n\u003Cdiv  class=\u0022datos\u0022\u003E\n            \u003Cdiv  class=\u0022autor\u0022\u003E\n            \u003Cdiv  class=\u0022field-label-inline\u0022\u003EPor\u003C\/div\u003E\n  \n                  \u003Ca href=\u0022\/~gacetaua\/autores\/cynthia-castaneda-enrriquez\u0022 hreflang=\u0022es\u0022\u003ECynthia Casta\u00f1eda Enrriquez\u003C\/a\u003E\n      \n  \n    \u003C\/div\u003E\n\n      \u003Cdiv  class=\u0022campus\u0022\u003E\n            \u003Cdiv  class=\u0022field-label-inline\u0022\u003ECampus\u003C\/div\u003E\n  \n                  \u003Ca href=\u0022\/~gacetaua\/campus\/tijuana\u0022 hreflang=\u0022es\u0022\u003ETijuana\u003C\/a\u003E\n      \n  \n    \u003C\/div\u003E\n\n    \n                          \u003Cdiv  class=\u0022fecha\u0022 \u003E\n      7 de Diciembre de 2017\u003C\/div\u003E\n      \n  \n\n\n  \u003C\/div\u003E\n    \n                          \u003Cdiv  class=\u0022texto\u0022 \u003E\n      \u003Cp\u003ECon el objetivo de evaluar el programa educativo de la carrera de M\u00e9dico de la Escuela de Ciencias de la Salud (Ecisalud) de la Unidad Valle de las Palmas del\u00a0 Campus Tijuana, se llev\u00f3 a cabo una junta con el Consejo Mexicano para la Acreditaci\u00f3n de la Educaci\u00f3n M\u00e9dica A.C. (Comaem).\u003C\/p\u003E\n\n\u003Cp\u003ELa doctora Mar\u00eda Eugenia P\u00e9rez Morales, Vicerrectora del Campus Tijuana coment\u00f3 la importancia que tiene para la UABC la visita de organismos acreditadores tan importantes como Comaem. Asimismo, destac\u00f3 que la Instituci\u00f3n ha sido reconocida a nivel mundial como una de las primeras mil 100 universidades dentro de 20 mil que se analizaron, lo que es \u201cresultado del esfuerzo que se ha ido forjando en nuestro Campus\u201d, expres\u00f3.\u00a0\u003C\/p\u003E\n\n\u003Cp\u003EEl consejo acreditador de la educaci\u00f3n m\u00e9dica est\u00e1 conformado por el doctor Alfonso Barajas Mart\u00ednez, de la Universidad de Guadalajara; doctor Sotero Alejandro Zarco Villavicencio, de la Universidad Nacional Aut\u00f3noma de M\u00e9xico; doctor Jos\u00e9 Eliseo de la Rosa R\u00edos, de la Universidad Aut\u00f3noma de Chihuahua; doctor \u00c1ngel Octavio Cruz Iriarte, de la Universidad Aut\u00f3noma Benito Ju\u00e1rez del Estado de Oaxaca; y la doctora Brillit Nayeli Jaramillo Islas, de la Universidad Justo Sierra.\u003C\/p\u003E\n\n\u003Cp\u003EPor parte de la UABC se cont\u00f3 con la presencia del maestro Luis Alberto Alc\u00e1ntara Jurado, Jefe del Departamento de Formaci\u00f3n B\u00e1sica; ingeniero Jorge Luis Robles Contreras, Jefe del Departamento de Formaci\u00f3n Profesional y Vinculaci\u00f3n Universitaria; doctor Sergio Vald\u00e9s Pasar\u00f3n, Jefe del Departamento de Posgrado e Investigaci\u00f3n; maestro Carlos Reyna Garc\u00eda, Jefe del Departamento de Cooperaci\u00f3n Internacional e Intercambio Acad\u00e9mico; maestra Nayelli Salazar Pi\u00f1\u00f3n, Jefa del Departamento de Servicios Estudiantiles y Gesti\u00f3n Escolar; y la licenciada \u00c1ngeles Delgado Hern\u00e1ndez, Jefa del Departamento de Informaci\u00f3n Acad\u00e9mica.\u003C\/p\u003E\n\n\u003Cp\u003E\u00a0\u003C\/p\u003E\n\n\u003Cp\u003EFOTO:\u00a0Mayra Garc\u00eda Campos.\u003C\/p\u003E\u003C\/div\u003E\n      \n  \n\n    \n            \u003Cdiv  class=\u0022palabras-clave\u0022\u003E\n                        \u003Ca href=\u0022\/~gacetaua\/tags\/visita\u0022 hreflang=\u0022es\u0022\u003EVisita\u003C\/a\u003E\n                \u003Ca href=\u0022\/~gacetaua\/tags\/evaluacion\u0022 hreflang=\u0022es\u0022\u003EEvaluaci\u00f3n\u003C\/a\u003E\n                \u003Ca href=\u0022\/~gacetaua\/tags\/comaem\u0022 hreflang=\u0022es\u0022\u003EComaem\u003C\/a\u003E\n                \u003Ca href=\u0022\/~gacetaua\/tags\/medicina\u0022 hreflang=\u0022es\u0022\u003EMedicina\u003C\/a\u003E\n      \n      \u003C\/div\u003E\n  \n\n\n  \u003C\/div\u003E\n\n  \u003C\/div\u003E\n\n  \u003Cdiv class=\u0022area-extras group-right\u0022\u003E\n        \n                          \u003Cdiv  class=\u0022enlace-blockBottom\u0022 \u003E\n      \u003Cdiv\u003EVer m\u00e1s \u003Ca href=\u0022http:\/\/gaceta.uabc.mx\/notas\u0022\u003ENotas\u003C\/a\u003E\u003C\/div\u003E\n\u003C\/div\u003E\n      \n  \n\n\n  \u003C\/div\u003E\n\n\u003C\/div\u003E\n\n","settings":null}]